{"id":73191,"date":"2020-01-16T06:53:37","date_gmt":"2020-01-16T11:53:37","guid":{"rendered":"https:\/\/linitiative.ca\/International\/programme-dappui-a-la-sante-numerique-accord-de-pret-de-lafd-adopte-par-larp\/"},"modified":"2020-01-16T06:53:37","modified_gmt":"2020-01-16T11:53:37","slug":"programme-dappui-a-la-sante-numerique-accord-de-pret-de-lafd-adopte-par-larp","status":"publish","type":"post","link":"https:\/\/linitiative.ca\/International\/programme-dappui-a-la-sante-numerique-accord-de-pret-de-lafd-adopte-par-larp\/","title":{"rendered":"Programme d\u2019appui \u00e0 la sant\u00e9 num\u00e9rique : Accord de pr\u00eat de l\u2019AFD adopt\u00e9 par l\u2019ARP"},"content":{"rendered":"<p>L\u2019Assembl\u00e9e des Repr\u00e9sentants du Peuple (ARP) a adopt\u00e9, mercredi, en pl\u00e9ni\u00e8re, un accord de pr\u00eat accord\u00e9e par l\u2019Agence Fran\u00e7aise de D\u00e9veloppement (AFD) d\u2019un montant de 27,3 millions d\u2019euro (85 millions de dinars) pour le financement du programme d\u2019appui \u00e0 la sant\u00e9 num\u00e9rique avec 120 d\u00e9put\u00e9s pour et 13 contre.<\/p>\n<p>La ministre de la sant\u00e9 par int\u00e9rim, Sonia Bechikh a indiqu\u00e9 dans une d\u00e9claration accord\u00e9e \u00e0 la TAP que l\u2019adoption de cet accord de pr\u00eat contribuera \u00e0 la num\u00e9risation du secteur de la sant\u00e9 et au renforcement de la bonne gouvernance. Selon elle, ce projet pr\u00e9voit, notamment, la num\u00e9risation de 15 h\u00f4pitaux.<\/p>\n<p>Elle a soulign\u00e9 l\u2019importance de ce financement dans la mise en \u0153uvre du programme qui vise \u00e0 r\u00e9habiliter le syst\u00e8me informatique dans un certain nombre d\u2019h\u00f4pitaux publics en soutenant la sant\u00e9 num\u00e9rique, en adoptant le dossier m\u00e9dical num\u00e9rique et les archives num\u00e9riques et en d\u00e9veloppant le syst\u00e8me d\u2019archivage des images m\u00e9dicales et autres.<\/p>\n<p>Le programme vise, \u00e9galement, selon la ministre, \u00e0 soutenir et \u00e0 mettre en place 5 syst\u00e8mes de t\u00e9l\u00e9m\u00e9decine dans un certain nombre de structures de sant\u00e9 et \u00e0 dynamiser la sant\u00e9 num\u00e9rique \u00e0 travers l\u2019organisation de s\u00e9minaires et de conf\u00e9rences et le d\u00e9veloppement les comp\u00e9tences tunisiennes dans le domaine m\u00e9dical.<\/p>\n<p>Le co\u00fbt total de ce projet est estim\u00e9 \u00e0 32,4 millions d\u2019euros (110 millions de dinars). Il sera financ\u00e9 par le pr\u00eat de l\u2019Agence fran\u00e7aise de d\u00e9veloppement \u00e0 hauteur de 27,3 millions d\u2019euros, le solde restant \u00e9tant d\u00e9duit du budget d\u2019Etat.<\/p>\n<p>Plusieurs d\u00e9put\u00e9s ont critiqu\u00e9 l\u2019accord de financement estimant que le recours de l\u2019Etat \u00e0 la signature de cet accord \u00e0 Paris le 14 f\u00e9vrier 2019 aggrave encore l\u2019endettement et la d\u00e9pendance de la Tunisie \u00e0 l\u2019\u00e9gard de la France.<\/p>\n<p>D\u2019autres d\u00e9put\u00e9s ont critiqu\u00e9 le minist\u00e8re de la Sant\u00e9 \u00e0 cause de la d\u00e9t\u00e9rioration des services des \u00e9tablissements de sant\u00e9 publics, de la p\u00e9nurie de ressources humaines et du manque d\u2019affectations. La ministre a pour sa part affirm\u00e9 que le minist\u00e8re de la sant\u00e9 a lanc\u00e9, l\u2019ann\u00e9e derni\u00e8re, un appel pour le recrutement de 2000 personnes.<\/p>\n<p class=\"dpsp-share-text\">Partager c&rsquo;est aimer!<\/p>\n<div class=\"wp-post-author-wrap wp-post-author-shortcode left\">\n<h3 class=\"awpa-title\"\/>\n<div class=\"wp-post-author\">\n<div class=\"awpa-img awpa-author-block square\"><a href=\"http:\/\/lexpertjournal.net\/fr\/author\/expert\/\"><img loading=\"lazy\" decoding=\"async\" alt=\"\" src=\"http:\/\/0.gravatar.com\/avatar\/c828f0b17d24309f0d01a4eac3747085?s=150&#038;d=mm&#038;r=g\" srcset=\"http:\/\/0.gravatar.com\/avatar\/c828f0b17d24309f0d01a4eac3747085?s=300&#038;d=mm&#038;r=g 2x\" class=\"avatar avatar-150 photo\" height=\"150\" width=\"150\"\/><\/a><\/div>\n<\/div>\n<\/div>\n<p>Auteur: L&rsquo;expert<br \/>\n<a href=\"http:\/\/lexpertjournal.net\/fr\/2020\/01\/16\/programme-dappui-a-la-sante-numerique-accord-de-pret-de-lafd-adopte-par-larp\/\">Cliquez ici pour lire l&rsquo;article depuis sa source.<\/a><\/p>\n","protected":false},"excerpt":{"rendered":"<p>L\u2019Assembl\u00e9e des Repr\u00e9sentants du Peuple (ARP) a adopt\u00e9, mercredi, en pl\u00e9ni\u00e8re, un accord de pr\u00eat accord\u00e9e par l\u2019Agence Fran\u00e7aise de D\u00e9veloppement (AFD) d\u2019un montant de 27,3 millions d\u2019euro (85 millions de dinars) pour le financement du programme d\u2019appui \u00e0 la sant\u00e9 num\u00e9rique avec 120 d\u00e9put\u00e9s pour et 13 contre. La ministre de la sant\u00e9 par [&hellip;]<\/p>\n","protected":false},"author":1775,"featured_media":0,"comment_status":"closed","ping_status":"closed","sticky":false,"template":"","format":"standard","meta":{"fifu_image_url":"","fifu_image_alt":"","footnotes":""},"categories":[78,55],"tags":[],"class_list":["post-73191","post","type-post","status-publish","format-standard","hentry","category-economie","category-tunisie"],"_links":{"self":[{"href":"https:\/\/linitiative.ca\/International\/wp-json\/wp\/v2\/posts\/73191","targetHints":{"allow":["GET"]}}],"collection":[{"href":"https:\/\/linitiative.ca\/International\/wp-json\/wp\/v2\/posts"}],"about":[{"href":"https:\/\/linitiative.ca\/International\/wp-json\/wp\/v2\/types\/post"}],"author":[{"embeddable":true,"href":"https:\/\/linitiative.ca\/International\/wp-json\/wp\/v2\/users\/1775"}],"replies":[{"embeddable":true,"href":"https:\/\/linitiative.ca\/International\/wp-json\/wp\/v2\/comments?post=73191"}],"version-history":[{"count":0,"href":"https:\/\/linitiative.ca\/International\/wp-json\/wp\/v2\/posts\/73191\/revisions"}],"wp:attachment":[{"href":"https:\/\/linitiative.ca\/International\/wp-json\/wp\/v2\/media?parent=73191"}],"wp:term":[{"taxonomy":"category","embeddable":true,"href":"https:\/\/linitiative.ca\/International\/wp-json\/wp\/v2\/categories?post=73191"},{"taxonomy":"post_tag","embeddable":true,"href":"https:\/\/linitiative.ca\/International\/wp-json\/wp\/v2\/tags?post=73191"}],"curies":[{"name":"wp","href":"https:\/\/api.w.org\/{rel}","templated":true}]}}