{"id":73192,"date":"2020-01-16T06:55:07","date_gmt":"2020-01-16T11:55:07","guid":{"rendered":"https:\/\/linitiative.ca\/International\/les-mecontents-rencontrent-saied-levee-du-sit-in-del-kamour\/"},"modified":"2020-01-16T06:55:07","modified_gmt":"2020-01-16T11:55:07","slug":"les-mecontents-rencontrent-saied-levee-du-sit-in-del-kamour","status":"publish","type":"post","link":"https:\/\/linitiative.ca\/International\/les-mecontents-rencontrent-saied-levee-du-sit-in-del-kamour\/","title":{"rendered":"Les m\u00e9contents rencontrent Sa\u00efed : Lev\u00e9e du sit-in d\u2019El Kamour"},"content":{"rendered":"<p>Lors de l\u2019audience accord\u00e9e par le Pr\u00e9sident de la R\u00e9publique Ka\u00efs Sa\u00efed, mercredi soir au Palais de Carthage, aux repr\u00e9sentants du sit-in Al Kamour de Tataouine, il a \u00e9t\u00e9 convenu de lever le sit-in en attendant l\u2019\u00e9laboration de projets au profit des populations de la r\u00e9gion dans diff\u00e9rentes d\u00e9l\u00e9gations, annonce la pr\u00e9sidence de la R\u00e9publique dans un communiqu\u00e9.<\/p>\n<p>Le Pr\u00e9sident de la R\u00e9publique a appel\u00e9 les repr\u00e9sentants du sit-in et la jeunesse de Tataouine en g\u00e9n\u00e9ral \u00e0 soumettre des propositions de projets bien \u00e9tudi\u00e9s, rappelant que les ch\u00f4meurs \u00ab ne sont pas un fardeau mais plut\u00f4t une richesse gaspill\u00e9e du devoir de l\u2019Etat de leur apporter des solutions de mani\u00e8re participative \u00bb, ajoute le communiqu\u00e9.<\/p>\n<p>\u00ab La question du sit-in est un probl\u00e8me de tout un peuple, pas seulement d\u2019une r\u00e9gion \u00bb, a soulign\u00e9 le chef de l\u2019Etat, r\u00e9affirmant \u00e0 cet \u00e9gard la n\u00e9cessit\u00e9 de r\u00e9soudre les probl\u00e8mes pos\u00e9s selon une nouvelle approche repr\u00e9sent\u00e9e par l\u2019\u00e9laboration d\u2019un ensemble de projets issus de la volont\u00e9 des citoyens sans r\u00e9cup\u00e9ration, loin des anciens concepts de la politique qui perp\u00e9tue la centralisation, indique-t-on de m\u00eame source.<\/p>\n<p>De leur c\u00f4t\u00e9, les repr\u00e9sentants des jeunes de Tataouine ont donn\u00e9 un aper\u00e7u de l\u2019ensemble des difficult\u00e9s auxquelles ils sont confront\u00e9s du fait de la non mise en \u0153uvre de l\u2019accord conclu avec eux depuis 2017.<\/p>\n<p>Cet accord porte notamment sur le versement de 80 millions de dinars au profit du fonds de d\u00e9veloppement et de l\u2019investissement de Tataouine en vue d\u2019aider les jeunes en ch\u00f4mage dans la r\u00e9gion \u00e0 trouver un emploi.<\/p>\n<p>Ils ont \u00e9galement pr\u00e9sent\u00e9 au Pr\u00e9sident de la R\u00e9publique, un ensemble de propositions li\u00e9es \u00e0 la valorisation du potentiel hydraulique et industriel et du produit touristique, culturel et civilisationnel de la r\u00e9gion, soulignant l\u2019importance d\u2019apporter des investissements pour cr\u00e9er des emplois pour la population de Tataouine, et de relancer l\u2019\u00e9conomie dans la r\u00e9gion.<\/p>\n<p class=\"dpsp-share-text\">Partager c&rsquo;est aimer!<\/p>\n<div class=\"wp-post-author-wrap wp-post-author-shortcode left\">\n<h3 class=\"awpa-title\"\/>\n<div class=\"wp-post-author\">\n<div class=\"awpa-img awpa-author-block square\"><a href=\"http:\/\/lexpertjournal.net\/fr\/author\/expert\/\"><img loading=\"lazy\" decoding=\"async\" alt=\"\" src=\"http:\/\/0.gravatar.com\/avatar\/c828f0b17d24309f0d01a4eac3747085?s=150&#038;d=mm&#038;r=g\" srcset=\"http:\/\/0.gravatar.com\/avatar\/c828f0b17d24309f0d01a4eac3747085?s=300&#038;d=mm&#038;r=g 2x\" class=\"avatar avatar-150 photo\" height=\"150\" width=\"150\"\/><\/a><\/div>\n<\/div>\n<\/div>\n<p>Auteur: L&rsquo;expert<br \/>\n<a href=\"http:\/\/lexpertjournal.net\/fr\/2020\/01\/16\/les-mecontents-rencontrent-saied-levee-du-sit-in-del-kamour\/\">Cliquez ici pour lire l&rsquo;article depuis sa source.<\/a><\/p>\n","protected":false},"excerpt":{"rendered":"<p>Lors de l\u2019audience accord\u00e9e par le Pr\u00e9sident de la R\u00e9publique Ka\u00efs Sa\u00efed, mercredi soir au Palais de Carthage, aux repr\u00e9sentants du sit-in Al Kamour de Tataouine, il a \u00e9t\u00e9 convenu de lever le sit-in en attendant l\u2019\u00e9laboration de projets au profit des populations de la r\u00e9gion dans diff\u00e9rentes d\u00e9l\u00e9gations, annonce la pr\u00e9sidence de la R\u00e9publique [&hellip;]<\/p>\n","protected":false},"author":1775,"featured_media":0,"comment_status":"closed","ping_status":"closed","sticky":false,"template":"","format":"standard","meta":{"fifu_image_url":"","fifu_image_alt":"","footnotes":""},"categories":[78,55],"tags":[],"class_list":["post-73192","post","type-post","status-publish","format-standard","hentry","category-economie","category-tunisie"],"_links":{"self":[{"href":"https:\/\/linitiative.ca\/International\/wp-json\/wp\/v2\/posts\/73192","targetHints":{"allow":["GET"]}}],"collection":[{"href":"https:\/\/linitiative.ca\/International\/wp-json\/wp\/v2\/posts"}],"about":[{"href":"https:\/\/linitiative.ca\/International\/wp-json\/wp\/v2\/types\/post"}],"author":[{"embeddable":true,"href":"https:\/\/linitiative.ca\/International\/wp-json\/wp\/v2\/users\/1775"}],"replies":[{"embeddable":true,"href":"https:\/\/linitiative.ca\/International\/wp-json\/wp\/v2\/comments?post=73192"}],"version-history":[{"count":0,"href":"https:\/\/linitiative.ca\/International\/wp-json\/wp\/v2\/posts\/73192\/revisions"}],"wp:attachment":[{"href":"https:\/\/linitiative.ca\/International\/wp-json\/wp\/v2\/media?parent=73192"}],"wp:term":[{"taxonomy":"category","embeddable":true,"href":"https:\/\/linitiative.ca\/International\/wp-json\/wp\/v2\/categories?post=73192"},{"taxonomy":"post_tag","embeddable":true,"href":"https:\/\/linitiative.ca\/International\/wp-json\/wp\/v2\/tags?post=73192"}],"curies":[{"name":"wp","href":"https:\/\/api.w.org\/{rel}","templated":true}]}}