{"id":73193,"date":"2020-01-16T06:56:58","date_gmt":"2020-01-16T11:56:58","guid":{"rendered":"https:\/\/linitiative.ca\/International\/fouilles-illegales-dans-la-region-de-chareb-arrestation-dun-groupe-de-chercheurs-de-tresors\/"},"modified":"2020-01-16T06:56:58","modified_gmt":"2020-01-16T11:56:58","slug":"fouilles-illegales-dans-la-region-de-chareb-arrestation-dun-groupe-de-chercheurs-de-tresors","status":"publish","type":"post","link":"https:\/\/linitiative.ca\/International\/fouilles-illegales-dans-la-region-de-chareb-arrestation-dun-groupe-de-chercheurs-de-tresors\/","title":{"rendered":"Fouilles ill\u00e9gales dans la r\u00e9gion de Chareb : Arrestation d\u2019un groupe de chercheurs de tr\u00e9sors"},"content":{"rendered":"<p>Les unit\u00e9s de la Garde nationale \u00e0 K\u00e9bili ont arr\u00eat\u00e9 mercredi soir un groupe d\u2019individus pour avoir entam\u00e9 des fouilles arch\u00e9ologiques ill\u00e9gales dans la zone du Chareb dans la d\u00e9l\u00e9gation de Souk Lahad, selon des sources s\u00e9curitaires responsables.<\/p>\n<p>Suite \u00e0 des renseignements parvenus \u00e0 l\u2019\u00e9quipe de recherche et d\u2019investigation de la Garde nationale \u00e0 K\u00e9bili sur l\u2019intention de ces individus de proc\u00e9der \u00e0 des fouilles pour la recherche de reliques, de la monnaie et des m\u00e9taux dans cette zone, une embuscade a \u00e9t\u00e9 tendue en coordination avec la division frontali\u00e8re mobile stationn\u00e9e dans la r\u00e9gion d\u2019Om Ali. Elle a permis d\u2019interpeler les personnes impliqu\u00e9es en flagrant d\u00e9lit de fouille et de saisir des outils et des \u00e9quipements sophistiqu\u00e9s utilis\u00e9s dans ces op\u00e9rations, indique-t-on de m\u00eame source.<\/p>\n<p>Les individus impliqu\u00e9s ont \u00e9t\u00e9 arr\u00eat\u00e9s sur instructions du minist\u00e8re public en vue de mener une enqu\u00eate compl\u00e9mentaire sur cette affaire.<\/p>\n<p class=\"dpsp-share-text\">Partager c&rsquo;est aimer!<\/p>\n<div class=\"wp-post-author-wrap wp-post-author-shortcode left\">\n<h3 class=\"awpa-title\"\/>\n<div class=\"wp-post-author\">\n<div class=\"awpa-img awpa-author-block square\"><a href=\"http:\/\/lexpertjournal.net\/fr\/author\/expert\/\"><img loading=\"lazy\" decoding=\"async\" alt=\"\" src=\"http:\/\/0.gravatar.com\/avatar\/c828f0b17d24309f0d01a4eac3747085?s=150&#038;d=mm&#038;r=g\" srcset=\"http:\/\/0.gravatar.com\/avatar\/c828f0b17d24309f0d01a4eac3747085?s=300&#038;d=mm&#038;r=g 2x\" class=\"avatar avatar-150 photo\" height=\"150\" width=\"150\"\/><\/a><\/div>\n<\/div>\n<\/div>\n<p>Auteur: L&rsquo;expert<br \/>\n<a href=\"http:\/\/lexpertjournal.net\/fr\/2020\/01\/16\/fouilles-illegales-dans-la-region-de-chareb-arrestation-dun-groupe-de-chercheurs-de-tresors\/\">Cliquez ici pour lire l&rsquo;article depuis sa source.<\/a><\/p>\n","protected":false},"excerpt":{"rendered":"<p>Les unit\u00e9s de la Garde nationale \u00e0 K\u00e9bili ont arr\u00eat\u00e9 mercredi soir un groupe d\u2019individus pour avoir entam\u00e9 des fouilles arch\u00e9ologiques ill\u00e9gales dans la zone du Chareb dans la d\u00e9l\u00e9gation de Souk Lahad, selon des sources s\u00e9curitaires responsables. Suite \u00e0 des renseignements parvenus \u00e0 l\u2019\u00e9quipe de recherche et d\u2019investigation de la Garde nationale \u00e0 K\u00e9bili [&hellip;]<\/p>\n","protected":false},"author":1775,"featured_media":0,"comment_status":"closed","ping_status":"closed","sticky":false,"template":"","format":"standard","meta":{"fifu_image_url":"","fifu_image_alt":"","footnotes":""},"categories":[78,55],"tags":[],"class_list":["post-73193","post","type-post","status-publish","format-standard","hentry","category-economie","category-tunisie"],"_links":{"self":[{"href":"https:\/\/linitiative.ca\/International\/wp-json\/wp\/v2\/posts\/73193","targetHints":{"allow":["GET"]}}],"collection":[{"href":"https:\/\/linitiative.ca\/International\/wp-json\/wp\/v2\/posts"}],"about":[{"href":"https:\/\/linitiative.ca\/International\/wp-json\/wp\/v2\/types\/post"}],"author":[{"embeddable":true,"href":"https:\/\/linitiative.ca\/International\/wp-json\/wp\/v2\/users\/1775"}],"replies":[{"embeddable":true,"href":"https:\/\/linitiative.ca\/International\/wp-json\/wp\/v2\/comments?post=73193"}],"version-history":[{"count":0,"href":"https:\/\/linitiative.ca\/International\/wp-json\/wp\/v2\/posts\/73193\/revisions"}],"wp:attachment":[{"href":"https:\/\/linitiative.ca\/International\/wp-json\/wp\/v2\/media?parent=73193"}],"wp:term":[{"taxonomy":"category","embeddable":true,"href":"https:\/\/linitiative.ca\/International\/wp-json\/wp\/v2\/categories?post=73193"},{"taxonomy":"post_tag","embeddable":true,"href":"https:\/\/linitiative.ca\/International\/wp-json\/wp\/v2\/tags?post=73193"}],"curies":[{"name":"wp","href":"https:\/\/api.w.org\/{rel}","templated":true}]}}