{"id":73201,"date":"2020-01-16T05:00:00","date_gmt":"2020-01-16T10:00:00","guid":{"rendered":"https:\/\/linitiative.ca\/International\/letat-durgence-prolonge-de-trois-mois\/"},"modified":"2020-01-16T05:00:00","modified_gmt":"2020-01-16T10:00:00","slug":"letat-durgence-prolonge-de-trois-mois","status":"publish","type":"post","link":"https:\/\/linitiative.ca\/International\/letat-durgence-prolonge-de-trois-mois\/","title":{"rendered":"L&rsquo;\u00e9tat d\u2019urgence prolong\u00e9 de trois mois"},"content":{"rendered":"<div id=\"originalText\" readability=\"48\">\n<p>La Chambre des repr\u00e9sentants \u00e9gyptienne a approuv\u00e9, lors d&rsquo;une s\u00e9ance pl\u00e9ni\u00e8re mardi, la d\u00e9cision du pr\u00e9sident Abdel Fattah al-Sissi de prolonger l&rsquo;\u00e9tat d&rsquo;urgence dans tout le pays pour une p\u00e9riode suppl\u00e9mentaire de trois mois, \u00e0 compter du lundi 27 janvier, rapportent des m\u00e9dias.<\/p>\n<p>L&rsquo;\u00c9gypte avait d\u00e9cr\u00e9t\u00e9 un \u00e9tat d&rsquo;urgence de trois mois pour la premi\u00e8re fois en avril 2017, apr\u00e8s deux attentats meurtriers contre deux \u00e9glises coptes qui ont fait 44 morts. Il s&rsquo;agit de la onzi\u00e8me prolongation de l&rsquo;\u00e9tat d&rsquo;urgence en vigueur en \u00c9gypte depuis avril 2017.<\/p>\n<p>En application de cette mesure, les autorit\u00e9s disposent du droit de contr\u00f4ler les m\u00e9dias et d&rsquo;\u00e9largir les pr\u00e9rogatives de l&rsquo;arm\u00e9e et des forces de l&rsquo;ordre. Elles peuvent recourir aux tribunaux exceptionnels et aux couvre-feux pour limiter les d\u00e9placements des citoyens.<\/p>\n<\/div>\n<div id=\"text_core\" readability=\"48\">\n<p>La Chambre des repr\u00e9sentants \u00e9gyptienne a approuv\u00e9, lors d&rsquo;une s\u00e9ance pl\u00e9ni\u00e8re mardi, la d\u00e9cision du pr\u00e9sident Abdel Fattah al-Sissi de prolonger l&rsquo;\u00e9tat d&rsquo;urgence dans tout le pays pour une p\u00e9riode suppl\u00e9mentaire de trois mois, \u00e0 compter du lundi 27 janvier, rapportent des m\u00e9dias.<\/p>\n<p>L&rsquo;\u00c9gypte avait d\u00e9cr\u00e9t\u00e9 un \u00e9tat d&rsquo;urgence de trois mois pour la premi\u00e8re fois en avril 2017, apr\u00e8s deux attentats meurtriers contre deux \u00e9glises coptes qui ont fait 44 morts. Il s&rsquo;agit de la onzi\u00e8me prolongation de l&rsquo;\u00e9tat d&rsquo;urgence en vigueur en \u00c9gypte depuis avril 2017.<\/p>\n<p>En application de cette mesure, les autorit\u00e9s disposent du droit de contr\u00f4ler les m\u00e9dias et d&rsquo;\u00e9largir les pr\u00e9rogatives de l&rsquo;arm\u00e9e et des forces de l&rsquo;ordre. Elles peuvent recourir aux tribunaux exceptionnels et aux couvre-feux pour limiter les d\u00e9placements des citoyens.<\/p>\n<\/div>\n<p>Auteur:<br \/>\n<a href=\"https:\/\/www.liberte-algerie.com\/international\/letat-durgence-prolonge-de-trois-mois-332033\">Cliquez ici pour lire l&rsquo;article depuis sa source.<\/a><\/p>\n","protected":false},"excerpt":{"rendered":"<p>La Chambre des repr\u00e9sentants \u00e9gyptienne a approuv\u00e9, lors d&rsquo;une s\u00e9ance pl\u00e9ni\u00e8re mardi, la d\u00e9cision du pr\u00e9sident Abdel Fattah al-Sissi de prolonger l&rsquo;\u00e9tat d&rsquo;urgence dans tout le pays pour une p\u00e9riode suppl\u00e9mentaire de trois mois, \u00e0 compter du lundi 27 janvier, rapportent des m\u00e9dias. L&rsquo;\u00c9gypte avait d\u00e9cr\u00e9t\u00e9 un \u00e9tat d&rsquo;urgence de trois mois pour la premi\u00e8re [&hellip;]<\/p>\n","protected":false},"author":1742,"featured_media":0,"comment_status":"closed","ping_status":"closed","sticky":false,"template":"","format":"standard","meta":{"fifu_image_url":"","fifu_image_alt":"","footnotes":""},"categories":[73,53],"tags":[],"class_list":["post-73201","post","type-post","status-publish","format-standard","hentry","category-actualite","category-algerie"],"_links":{"self":[{"href":"https:\/\/linitiative.ca\/International\/wp-json\/wp\/v2\/posts\/73201","targetHints":{"allow":["GET"]}}],"collection":[{"href":"https:\/\/linitiative.ca\/International\/wp-json\/wp\/v2\/posts"}],"about":[{"href":"https:\/\/linitiative.ca\/International\/wp-json\/wp\/v2\/types\/post"}],"author":[{"embeddable":true,"href":"https:\/\/linitiative.ca\/International\/wp-json\/wp\/v2\/users\/1742"}],"replies":[{"embeddable":true,"href":"https:\/\/linitiative.ca\/International\/wp-json\/wp\/v2\/comments?post=73201"}],"version-history":[{"count":0,"href":"https:\/\/linitiative.ca\/International\/wp-json\/wp\/v2\/posts\/73201\/revisions"}],"wp:attachment":[{"href":"https:\/\/linitiative.ca\/International\/wp-json\/wp\/v2\/media?parent=73201"}],"wp:term":[{"taxonomy":"category","embeddable":true,"href":"https:\/\/linitiative.ca\/International\/wp-json\/wp\/v2\/categories?post=73201"},{"taxonomy":"post_tag","embeddable":true,"href":"https:\/\/linitiative.ca\/International\/wp-json\/wp\/v2\/tags?post=73201"}],"curies":[{"name":"wp","href":"https:\/\/api.w.org\/{rel}","templated":true}]}}