{"id":73203,"date":"2020-01-16T10:40:16","date_gmt":"2020-01-16T15:40:16","guid":{"rendered":"https:\/\/linitiative.ca\/International\/larchitecture-traditionnelle-un-voyage-inedit-a-travers-le-temps\/"},"modified":"2020-01-16T10:40:16","modified_gmt":"2020-01-16T15:40:16","slug":"larchitecture-traditionnelle-un-voyage-inedit-a-travers-le-temps","status":"publish","type":"post","link":"https:\/\/linitiative.ca\/International\/larchitecture-traditionnelle-un-voyage-inedit-a-travers-le-temps\/","title":{"rendered":"L\u2019architecture traditionnelle, un voyage in\u00e9dit \u00e0 travers le temps"},"content":{"rendered":"<div readability=\"40\">\n<p>Marrakech \u2013 V\u00e9ritable illustration embl\u00e9matique du Royaume, l\u2019architecture traditionnelle marocaine, compos\u00e9e d\u2019un m\u00e9tissage harmonieux de mati\u00e8res, de couleurs et de styles qui voguent sur les rives de la modernit\u00e9 sans jamais lever l\u2019ancre de l\u2019authenticit\u00e9, a plong\u00e9 les visiteurs de la 6\u00e8me \u00e9dition de la Semaine Nationale de l\u2019Artisanat (SNA), dans un voyage in\u00e9dit \u00e0 travers le temps et l\u2019espace au c\u0153ur de l\u2019Histoire arabo-andalouse et de la magie des Kasbah.<\/p>\n<\/div>\n<div readability=\"189\">\n<p>Aussi riches en beaut\u00e9 qu\u2019en histoire, les styles architecturaux du Maroc qui ne cessent de fasciner le monde entier par leur charme unique, puisent leurs racines dans l\u2019h\u00e9ritage architectural et civilisationnel si riche et si singulier du Royaume.<\/p>\n<p>Tadellakt, zellige, pl\u00e2tre, coupole, tuiles\u2026 diff\u00e9rentes formes artistiques qui expriment la diversit\u00e9 architecturale du Maroc et qui se marient harmonieusement aujourd\u2019hui, \u00e0 un confort contemporain. Ainsi, le subtil agencement de ces diff\u00e9rentes techniques cr\u00e9e une parfaite combinaison et donne \u00e0 la demeure, une touche toute originale.<\/p>\n<p>En effet, la d\u00e9licatesse des sculptures et la complexit\u00e9 des d\u00e9tails architecturaux soigneusement r\u00e9alis\u00e9s, t\u00e9moignent, sans conteste, du savoir-faire exceptionnel et du talent extraordinaire et confirm\u00e9 des artisans marocains, car tous ces \u00e9l\u00e9ments architecturaux requi\u00e8rent un travail minutieux et beaucoup de pr\u00e9cision.<\/p>\n<p>Dans une d\u00e9claration \u00e0 la MAP, Raji Abdellatif, un exposant de F\u00e8s, a soulign\u00e9 que le Zellige Fassi est r\u00e9put\u00e9e \u00e0 l\u2019\u00e9chelle nationale et internationale pour sa qualit\u00e9, sa beaut\u00e9, son originalit\u00e9, ses motifs et sa large palette de couleurs.<\/p>\n<p>\u00ab\u00a0Lorsqu\u2019on parle du Zellige, on parle automatiquement de F\u00e8s. Cette ville est \u00e0 l\u2019origine de cet art qui fait la fiert\u00e9 du Maroc\u00a0\u00bb, a-t-il dit, notant que le Centre principal de production et de fabrication de zelliges est situ\u00e9 \u00e0 F\u00e8s, qui est reconnue par son argile typique.<\/p>\n<p>\u00ab\u00a0Ce produit qui caract\u00e9rise l\u2019architecture marocaine conna\u00eet un engouement remarquable. Notre client\u00e8le ne cesse d\u2019augmenter ici et ailleurs, la majorit\u00e9 des commandes viennent d\u2019Europe, des USA et du Moyens-Orient\u00a0\u00bb, a-t-il relev\u00e9.<\/p>\n<p>\u00ab\u00a0Ce patrimoine ancestral attire de plus en plus les jeunes qui s\u2019int\u00e9ressent beaucoup \u00e0 ce m\u00e9tier. Ces jeunes ont apport\u00e9 des id\u00e9es nouvelles qui accompagnent les grandes mutations que connait le monde d\u2019aujourd\u2019hui, en travaillant le zellige \u00e0 la 3D\u00a0\u00bb, a-il fait savoir, se f\u00e9licitant de sa participation \u00e0 ce Salon important de l\u2019artisanat marocain.<\/p>\n<p>De son c\u00f4t\u00e9, Idrissi Kassimi Zine El Abidine, un artisan du bois en provenance de F\u00e8s, a exprim\u00e9 son grand attachement \u00e0 ce m\u00e9tier \u00ab\u00a0noble\u00a0\u00bb qui l\u2019exerce depuis plus de 30 ans, toujours avec le m\u00eame amour et passion, et qui souhaite le transmettre aux g\u00e9n\u00e9rations montantes en vue de pr\u00e9server ce legs de valeur in\u00e9galable.<\/p>\n<p>\u00ab\u00a0Ce m\u00e9tier est un vrai art et l\u2019une des sp\u00e9cificit\u00e9s de l\u2019architecture traditionnelle marocaine\u00a0\u00bb, a-t-il dit, appelant \u00e0 valoriser davantage cette fili\u00e8re pour assurer sa continuit\u00e9.<\/p>\n<p>\u00ab\u00a0Nous travaillons essentiellement sur le bois de c\u00e8dre, eu \u00e9gard \u00e0 sa bonne qualit\u00e9 et ses bienfaits pour la sant\u00e9. Quant aux couleurs, nous utilisons surtout le bleu, le jaune, le rouge et le vert\u00a0\u00bb, a-t-il expliqu\u00e9.<\/p>\n<p>S\u2019agissant des motifs et des dessins (Zouak), il a cit\u00e9 notamment \u00ab\u00a0Tawrik\u00a0\u00bb, \u00ab\u00a0Lmarbet\u00a0\u00bb, \u00ab\u00a0Roza\u00a0\u00bb\u2026, ajoutant qu\u2019une touche de modernit\u00e9 est n\u00e9cessaire pour satisfaire tous les go\u00fbts notamment, d\u2019une client\u00e8le de plus en plus exigeante.<\/p>\n<p>Sur sa participation \u00e0 ce Salon, il a not\u00e9 que cet \u00e9v\u00e9nement constitue une opportunit\u00e9 pour l\u2019artisan marocain afin d\u2019\u00e9changer les id\u00e9es et les exp\u00e9riences et de faire conna\u00eetre le produit local.<\/p>\n<p>Plac\u00e9e sous le Haut Patronage de Sa Majest\u00e9 le Roi Mohammed VI et organis\u00e9e par le Minist\u00e8re du Tourisme, de l\u2019Artisanat, du Transport A\u00e9rien et de l\u2019Economie Sociale par le biais de la Maison de l\u2019Artisan, la 6\u00e8me \u00e9dition de la SNA est l\u2019occasion de mettre en exergue le secteur de l\u2019artisanat en tant que v\u00e9ritable levier du d\u00e9veloppement de l\u2019\u00e9conomie nationale, contribuant au progr\u00e8s et au renforcement de la coh\u00e9sion sociale, \u00e0 la qualit\u00e9 de vie, \u00e0 la cr\u00e9ation de richesse ainsi qu\u2019\u00e0 l\u2019offre de nombreuses opportunit\u00e9s de carri\u00e8res et de perspectives professionnelles, ouvertes aux jeunes.<\/p>\n<p>Organis\u00e9 jusqu\u2019au 26 janvier courant, cet \u00e9v\u00e9nement phare, organis\u00e9 sous le signe de l\u2019innovation et capitalisant sur les acquis des pr\u00e9c\u00e9dentes \u00e9ditions, est \u00e9galement l\u2019occasion de promouvoir l\u2019artisanat marocain, de c\u00e9l\u00e9brer et de rendre un vibrant hommage aux artisans, hommes et femmes issus de toutes les r\u00e9gions du Royaume, fervents gardiens d\u2019un savoir-faire mill\u00e9naire, du patrimoine culturel et immat\u00e9riel relatif aux m\u00e9tiers de l\u2019artisanat, h\u00e9ritage ancestral qui honore et fait la fiert\u00e9 de tous les Marocains.<\/p>\n<p>Am\u00e9nag\u00e9 sur 50.000 m2, ce Salon accueille environ 1.200 exposants, issus des 12 r\u00e9gions du Maroc, artisans individuels, coop\u00e9ratives et entreprises d\u2019artisanat, repr\u00e9sentant tous les m\u00e9tiers et les arts de l\u2019artisanat marocain.<\/p>\n<p>La surface d\u2019exposition comprend \u00e9galement un espace de pr\u00e9servation r\u00e9serv\u00e9 aux m\u00e9tiers en voie de disparition, un espace d\u2019animation et d\u2019initiation aux m\u00e9tiers de l\u2019artisanat d\u00e9di\u00e9 aux enfants et une sc\u00e8ne sur laquelle se produira des troupes de musiques repr\u00e9sentant les 12 r\u00e9gions.<\/p>\n<p>L\u2019Indon\u00e9sie, le Chili, l\u2019Inde, la Tunisie et la Mauritanie sont les invit\u00e9es d\u2019honneur de cette \u00e9dition.<\/p>\n<p>Parall\u00e8lement, cet \u00e9v\u00e9nement propose une programmation riche et instructive, rythm\u00e9e par, notamment la 9\u00e8me Rencontre sur la Pr\u00e9servation des M\u00e9tiers de l\u2019Artisanat Marocain, la Journ\u00e9e th\u00e9matique sur la Bijouterie, la Rencontres sur le th\u00e8me \u00ab\u00a0D\u00e9veloppement de formation professionnelle dans les m\u00e9tiers de l\u2019artisanat : outils et perspectives\u00a0\u00bb ainsi que des Sessions de formation d\u00e9di\u00e9es \u00e0 des artisans issus des 12 r\u00e9gions, ax\u00e9es sur la ma\u00eetrise des techniques de vente et des m\u00e9thodes de prospection, le marketing des produits de l\u2019artisanat, les principes de base de la l\u00e9gislation douani\u00e8re, les proc\u00e9dures de d\u00e9douanement ainsi que des ateliers sur le financement dans le secteur de l\u2019artisanat.<\/p>\n<\/div>\n<p>Auteur: Meriem IGASS<br \/>\n<a href=\"http:\/\/www.mapmarrakech.ma\/fr\/architecture\/\">Cliquez ici pour lire l&rsquo;article depuis sa source.<\/a><\/p>\n","protected":false},"excerpt":{"rendered":"<p>Marrakech \u2013 V\u00e9ritable illustration embl\u00e9matique du Royaume, l\u2019architecture traditionnelle marocaine, compos\u00e9e d\u2019un m\u00e9tissage harmonieux de mati\u00e8res, de couleurs et de styles qui voguent sur les rives de la modernit\u00e9 sans jamais lever l\u2019ancre de l\u2019authenticit\u00e9, a plong\u00e9 les visiteurs de la 6\u00e8me \u00e9dition de la Semaine Nationale de l\u2019Artisanat (SNA), dans un voyage in\u00e9dit \u00e0 [&hellip;]<\/p>\n","protected":false},"author":1788,"featured_media":0,"comment_status":"closed","ping_status":"closed","sticky":false,"template":"","format":"standard","meta":{"fifu_image_url":"","fifu_image_alt":"","footnotes":""},"categories":[54,76],"tags":[],"class_list":["post-73203","post","type-post","status-publish","format-standard","hentry","category-maroc","category-regions"],"_links":{"self":[{"href":"https:\/\/linitiative.ca\/International\/wp-json\/wp\/v2\/posts\/73203","targetHints":{"allow":["GET"]}}],"collection":[{"href":"https:\/\/linitiative.ca\/International\/wp-json\/wp\/v2\/posts"}],"about":[{"href":"https:\/\/linitiative.ca\/International\/wp-json\/wp\/v2\/types\/post"}],"author":[{"embeddable":true,"href":"https:\/\/linitiative.ca\/International\/wp-json\/wp\/v2\/users\/1788"}],"replies":[{"embeddable":true,"href":"https:\/\/linitiative.ca\/International\/wp-json\/wp\/v2\/comments?post=73203"}],"version-history":[{"count":0,"href":"https:\/\/linitiative.ca\/International\/wp-json\/wp\/v2\/posts\/73203\/revisions"}],"wp:attachment":[{"href":"https:\/\/linitiative.ca\/International\/wp-json\/wp\/v2\/media?parent=73203"}],"wp:term":[{"taxonomy":"category","embeddable":true,"href":"https:\/\/linitiative.ca\/International\/wp-json\/wp\/v2\/categories?post=73203"},{"taxonomy":"post_tag","embeddable":true,"href":"https:\/\/linitiative.ca\/International\/wp-json\/wp\/v2\/tags?post=73203"}],"curies":[{"name":"wp","href":"https:\/\/api.w.org\/{rel}","templated":true}]}}