{"id":73204,"date":"2020-01-16T11:52:20","date_gmt":"2020-01-16T16:52:20","guid":{"rendered":"https:\/\/linitiative.ca\/International\/lhabillement-une-filiere-de-couturiers-et-designers-aux-doigts-dor\/"},"modified":"2020-01-16T11:52:20","modified_gmt":"2020-01-16T16:52:20","slug":"lhabillement-une-filiere-de-couturiers-et-designers-aux-doigts-dor","status":"publish","type":"post","link":"https:\/\/linitiative.ca\/International\/lhabillement-une-filiere-de-couturiers-et-designers-aux-doigts-dor\/","title":{"rendered":"L\u2019habillement, une fili\u00e8re de couturiers et designers aux doigts d\u2019or"},"content":{"rendered":"<div readability=\"36\">\n<p>Marrakech \u2013 L\u2019art de travailler l\u2019habillement est particuli\u00e8rement repr\u00e9sentatif de la diversit\u00e9 culturelle et artistique du Royaume, comprenant des couturiers et designers aux doigts d\u2019or qui ont crois\u00e9 des fils et transform\u00e9 l\u2019habit traditionnel en un v\u00e9ritable joyau du patrimoine marocain.<\/p>\n<\/div>\n<div readability=\"110\">\n<p>Une tourn\u00e9e \u00e0 travers les diff\u00e9rents stands d\u00e9di\u00e9s \u00e0 la fili\u00e8re et am\u00e9nag\u00e9s \u00e0 l\u2019occasion de la 6\u00e8me \u00e9dition de la Semaine nationale de l\u2019artisanat (SNA) qui se poursuit au 26 janvier dans la ville ocre, sous le Haut Patronage de SM le Roi Mohammed VI, est une occasion de d\u00e9couvrir les touches de modernit\u00e9 sur fond typiquement artisanal. Caftans, takchita, kmiss, gandouras, djellabas, jabadors, serouals, selhams, ces habits confectionn\u00e9s sont multiples et rivalisent en beaut\u00e9.<\/p>\n<p>A la crois\u00e9e des cultures, des artisans-tisserands, tresseurs de fils, passementiers, couturiers et designers ont us\u00e9 des paillettes, des couleurs chatoyantes, des formes originales et mati\u00e8res pr\u00e9cieuses, des d\u00e9tails et finitions pour mettre au point des habits \u00e9l\u00e9gants et chamarr\u00e9s.<\/p>\n<p>Approch\u00e9 par la MAP, Abdelaziz Badaoui, un designer de haute couture traditionnelle de Taourirt, a fait savoir que les diff\u00e9rentes cultures existantes \u00e0 travers le monde constituent des sources in\u00e9puisables pour les designers qui veulent revisiter l\u2019habit traditionnel marocain sans trahir son originalit\u00e9 et son authenticit\u00e9.<\/p>\n<p>Participant \u00e0 plusieurs d\u00e9fil\u00e9s nationaux et internationaux, ce licenci\u00e9 en biologie a soulign\u00e9 l\u2019importance de la richesse de la nature et les \u00ab\u00a0couleurs de la joie\u2019\u2019 qui peuvent \u00eatre une v\u00e9ritable \u00e9chappatoire pour les artistes en panne d\u2019inspiration.<\/p>\n<p>De son c\u00f4t\u00e9, Zoubida El Ouazzani, cr\u00e9atrice de caftan et pr\u00e9sidente de la coop\u00e9rative \u2018\u2019Pro Artisan\u2019\u2019, a mis en exergue l\u2019importance de la coop\u00e9rative artisanale comme mod\u00e8le d\u2019activit\u00e9 commerciale solide pour satisfaire la demande diversifi\u00e9e sur le march\u00e9.<\/p>\n<p>\u00ab\u00a0Apr\u00e8s une longue exp\u00e9rience de 26 ans dans ce m\u00e9tier, j\u2019ai d\u00e9cid\u00e9 de cr\u00e9er l\u2019ann\u00e9e derni\u00e8re une coop\u00e9rative pour g\u00e9n\u00e9rer de nouveaux emplois et offrir des formations dipl\u00f4mantes destin\u00e9es aux jeunes artisans\u2019\u2019, a-t-elle ajout\u00e9 \u00e0 la MAP.<\/p>\n<p>Pour sa part, Nora Zaim, pr\u00e9sidente de la coop\u00e9rative \u2018\u2019Kenzi Caftan\u2019\u2019 pour l\u2019habit traditionnel, a indiqu\u00e9 que l\u2019artisan se sent parfois oblig\u00e9 de suivre la tendance actuelle des grands couturiers qui dictent la mode, tout en sauvegardant la qualit\u00e9 offerte aux clients.<\/p>\n<p>A cet \u00e9gard, le client recherche la qualit\u00e9 du produit devenue incontournable dans un march\u00e9 o\u00f9 l\u2019offre est bien sup\u00e9rieure \u00e0 la demande, a-t-elle ajout\u00e9, notant que ce m\u00e9tier souffre de la concurrence injuste avec l\u2019entr\u00e9e de nouveaux acteurs disposant de fonds propres importants et le manque de commercialisation.<\/p>\n<p>Organis\u00e9e \u00e0 l\u2019initiative du minist\u00e8re du Tourisme, de l\u2019Artisanat, du Transport a\u00e9rien et de l\u2019\u00c9conomie sociale, \u00e0 travers la Maison de l\u2019artisan, cette \u00e9dition de la SNA vise \u00e0 construire une image de marque de l\u2019artisanat marocain, faire de cet \u00e9v\u00e9nement un espace de rencontres incontournable pour les artisans qui souhaitent mettre en valeur leurs cr\u00e9ations, s\u2019informer sur l\u2019\u00e9volution des tendances et trouver de nouveaux d\u00e9bouch\u00e9s, ainsi qu\u2019aider \u00e0 la commercialisation du produit tout en pr\u00e9servant et am\u00e9liorant les revenus des artisans.<\/p>\n<\/div>\n<p>Auteur: Meriem IGASS<br \/>\n<a href=\"http:\/\/www.mapmarrakech.ma\/fr\/habillement\/\">Cliquez ici pour lire l&rsquo;article depuis sa source.<\/a><\/p>\n","protected":false},"excerpt":{"rendered":"<p>Marrakech \u2013 L\u2019art de travailler l\u2019habillement est particuli\u00e8rement repr\u00e9sentatif de la diversit\u00e9 culturelle et artistique du Royaume, comprenant des couturiers et designers aux doigts d\u2019or qui ont crois\u00e9 des fils et transform\u00e9 l\u2019habit traditionnel en un v\u00e9ritable joyau du patrimoine marocain. Une tourn\u00e9e \u00e0 travers les diff\u00e9rents stands d\u00e9di\u00e9s \u00e0 la fili\u00e8re et am\u00e9nag\u00e9s \u00e0 [&hellip;]<\/p>\n","protected":false},"author":1788,"featured_media":0,"comment_status":"closed","ping_status":"closed","sticky":false,"template":"","format":"standard","meta":{"fifu_image_url":"","fifu_image_alt":"","footnotes":""},"categories":[54,76],"tags":[],"class_list":["post-73204","post","type-post","status-publish","format-standard","hentry","category-maroc","category-regions"],"_links":{"self":[{"href":"https:\/\/linitiative.ca\/International\/wp-json\/wp\/v2\/posts\/73204","targetHints":{"allow":["GET"]}}],"collection":[{"href":"https:\/\/linitiative.ca\/International\/wp-json\/wp\/v2\/posts"}],"about":[{"href":"https:\/\/linitiative.ca\/International\/wp-json\/wp\/v2\/types\/post"}],"author":[{"embeddable":true,"href":"https:\/\/linitiative.ca\/International\/wp-json\/wp\/v2\/users\/1788"}],"replies":[{"embeddable":true,"href":"https:\/\/linitiative.ca\/International\/wp-json\/wp\/v2\/comments?post=73204"}],"version-history":[{"count":0,"href":"https:\/\/linitiative.ca\/International\/wp-json\/wp\/v2\/posts\/73204\/revisions"}],"wp:attachment":[{"href":"https:\/\/linitiative.ca\/International\/wp-json\/wp\/v2\/media?parent=73204"}],"wp:term":[{"taxonomy":"category","embeddable":true,"href":"https:\/\/linitiative.ca\/International\/wp-json\/wp\/v2\/categories?post=73204"},{"taxonomy":"post_tag","embeddable":true,"href":"https:\/\/linitiative.ca\/International\/wp-json\/wp\/v2\/tags?post=73204"}],"curies":[{"name":"wp","href":"https:\/\/api.w.org\/{rel}","templated":true}]}}