{"id":73207,"date":"2020-01-16T13:34:45","date_gmt":"2020-01-16T18:34:45","guid":{"rendered":"https:\/\/linitiative.ca\/International\/les-arrivees-touristiques-frolent-les-3-millions-en-2019\/"},"modified":"2020-01-16T13:34:45","modified_gmt":"2020-01-16T18:34:45","slug":"les-arrivees-touristiques-frolent-les-3-millions-en-2019","status":"publish","type":"post","link":"https:\/\/linitiative.ca\/International\/les-arrivees-touristiques-frolent-les-3-millions-en-2019\/","title":{"rendered":"Les arriv\u00e9es touristiques fr\u00f4lent les 3 millions en 2019"},"content":{"rendered":"<div class=\"single-featured\"><img alt=\"\" data-src=\"http:\/\/www.mapmarrakech.ma\/map\/uploads\/2020\/01\/crtmarrakech-copier.jpg\"\/><\/div>\n<div class=\"single-post-excerpt post-excerpt-bc\" readability=\"36\">\n<p>Marrakech \u2013 Les arriv\u00e9es touristiques au niveau de la ville de Marrakech ont totalis\u00e9 pr\u00e8s de 3 millions de visiteurs en 2019 toutes nationalit\u00e9s confondues, soit un taux moyen de croissance de 8% par rapport \u00e0 l\u2019ann\u00e9e \u00e9coul\u00e9e, selon les chiffres du Conseil R\u00e9gional du Tourisme (CRT).<\/p>\n<\/div>\n<div class=\"entry-content clearfix single-post-content\" readability=\"68\">\n<p>Cette performance repr\u00e9sente 2 fois le taux moyen de croissance du tourisme mondial selon les statistiques de l\u2019Organisation Mondiale du Tourisme (OMT), pr\u00e9cise le CRT dans un communiqu\u00e9 ayant sanctionn\u00e9 les travaux d\u2019une r\u00e9union de son comit\u00e9 ex\u00e9cutif tenue en d\u00e9but de semaine \u00e0 Marrakech.<\/p>\n<p>La cit\u00e9 ocre a ainsi enregistr\u00e9 plus de 8 millions de nuit\u00e9es touristiques durant l\u2019ann\u00e9e pr\u00e9c\u00e9dente avec un taux d\u2019occupation de 61%, rel\u00e8ve le CRT, expliquant que cette r\u00e9union a \u00e9t\u00e9 consacr\u00e9e notamment, \u00e0 la pr\u00e9sentation du bilan d\u2019activit\u00e9s de l\u2019ann\u00e9e 2019 et du plan d\u2019acc\u00e9l\u00e9ration de la comp\u00e9titivit\u00e9 2020-2022.<\/p>\n<p>Au menu de cette r\u00e9union, qui s\u2019est d\u00e9roul\u00e9e en pr\u00e9sence du pr\u00e9sident du CRT, Hamid Bentahar, du directeur g\u00e9n\u00e9ral de l\u2019Office National Marocain du Tourisme (ONMT), Adel El Fakir, des pr\u00e9sidents des conseils provinciaux du Tourisme relevant de la r\u00e9gion de Marrakech-Safi, ainsi que des repr\u00e9sentants des directions centrales du minist\u00e8re du Tourisme, de la Wilaya, de l\u2019Office National des A\u00e9roports (ONDA) et du Centre R\u00e9gional d\u2019Investissements (CRI), figuraient aussi la pr\u00e9sentation du plan d\u2019actions 2020, outre des d\u00e9bats autour de diverses questions se rapportant au secteur.<\/p>\n<p>Ont \u00e9galement pris part \u00e0 cette r\u00e9union, des repr\u00e9sentants de l\u2019universit\u00e9 Cadi Ayyad et des acteurs op\u00e9rant dans les domaines de la culture, de l\u2019artisanat, de l\u2019agriculture, des jardins, de l\u2019\u00e9v\u00e9nementiel et des comp\u00e9tences du digital.<\/p>\n<\/div>\n<p>Auteur: Meriem IGASS<br \/>\n<a href=\"http:\/\/www.mapmarrakech.ma\/fr\/arrivees\/\">Cliquez ici pour lire l&rsquo;article depuis sa source.<\/a><\/p>\n","protected":false},"excerpt":{"rendered":"<p>Marrakech \u2013 Les arriv\u00e9es touristiques au niveau de la ville de Marrakech ont totalis\u00e9 pr\u00e8s de 3 millions de visiteurs en 2019 toutes nationalit\u00e9s confondues, soit un taux moyen de croissance de 8% par rapport \u00e0 l\u2019ann\u00e9e \u00e9coul\u00e9e, selon les chiffres du Conseil R\u00e9gional du Tourisme (CRT). Cette performance repr\u00e9sente 2 fois le taux moyen [&hellip;]<\/p>\n","protected":false},"author":1788,"featured_media":73208,"comment_status":"closed","ping_status":"closed","sticky":false,"template":"","format":"standard","meta":{"fifu_image_url":"","fifu_image_alt":"","footnotes":""},"categories":[54,76],"tags":[],"class_list":["post-73207","post","type-post","status-publish","format-standard","has-post-thumbnail","hentry","category-maroc","category-regions"],"_links":{"self":[{"href":"https:\/\/linitiative.ca\/International\/wp-json\/wp\/v2\/posts\/73207","targetHints":{"allow":["GET"]}}],"collection":[{"href":"https:\/\/linitiative.ca\/International\/wp-json\/wp\/v2\/posts"}],"about":[{"href":"https:\/\/linitiative.ca\/International\/wp-json\/wp\/v2\/types\/post"}],"author":[{"embeddable":true,"href":"https:\/\/linitiative.ca\/International\/wp-json\/wp\/v2\/users\/1788"}],"replies":[{"embeddable":true,"href":"https:\/\/linitiative.ca\/International\/wp-json\/wp\/v2\/comments?post=73207"}],"version-history":[{"count":0,"href":"https:\/\/linitiative.ca\/International\/wp-json\/wp\/v2\/posts\/73207\/revisions"}],"wp:featuredmedia":[{"embeddable":true,"href":"https:\/\/linitiative.ca\/International\/wp-json\/"}],"wp:attachment":[{"href":"https:\/\/linitiative.ca\/International\/wp-json\/wp\/v2\/media?parent=73207"}],"wp:term":[{"taxonomy":"category","embeddable":true,"href":"https:\/\/linitiative.ca\/International\/wp-json\/wp\/v2\/categories?post=73207"},{"taxonomy":"post_tag","embeddable":true,"href":"https:\/\/linitiative.ca\/International\/wp-json\/wp\/v2\/tags?post=73207"}],"curies":[{"name":"wp","href":"https:\/\/api.w.org\/{rel}","templated":true}]}}