{"id":73216,"date":"2020-01-16T05:15:00","date_gmt":"2020-01-16T10:15:00","guid":{"rendered":"https:\/\/linitiative.ca\/International\/terrorisme-front-uni-du-g5-sahel-et-de-la-france\/"},"modified":"2020-01-16T05:15:00","modified_gmt":"2020-01-16T10:15:00","slug":"terrorisme-front-uni-du-g5-sahel-et-de-la-france","status":"publish","type":"post","link":"https:\/\/linitiative.ca\/International\/terrorisme-front-uni-du-g5-sahel-et-de-la-france\/","title":{"rendered":"Terrorisme: Front uni du G5 Sahel et de la France"},"content":{"rendered":"<p class=\"rtejustify\">Confront\u00e9s \u00e0 une escalade des attaques terroristes, les pr\u00e9sidents de cinq pays sah\u00e9liens et Emmanuel Macron ont convenu de renforcer leur coop\u00e9ration militaire. Comme le leur r\u00e9clamait le pr\u00e9sident fran\u00e7ais, les dirigeants des pays du G5 Sahel qu\u2019il avait convi\u00e9s en d\u00e9but de semaine \u00e0 Pau (sud-ouest de la France) ont sign\u00e9 une d\u00e9claration commune o\u00f9 ils ont exprim\u00e9 le souhait de la poursuite de l\u2019engagement militaire de la France au Sahel. Une r\u00e9ponse tr\u00e8s attendue par Paris \u00e0 la mont\u00e9e du sentiment anti-fran\u00e7ais en particulier au Mali et au Burkina.<\/p>\n<p class=\"rtejustify\">Lors de leur conf\u00e9rence de presse commune lundi soir, ces derniers n\u2019ont cependant fait aucun commentaire sur le sujet. Les participants ont aussi convenu des \u00e9volutions strat\u00e9giques. Ils comptent augmenter les efforts de formations des arm\u00e9es du Sahel et ont appel\u00e9 tous les pays et partenaires souhaitant contribuer \u00e0 participer \u00e0 une \u00abCoalition pour le Sahel\u00bb.<\/p>\n<p class=\"rtejustify\">Alors que les Etats-Unis envisagent un d\u00e9sengagement de leurs troupes en Afrique, les pays du G5 Sahel ont aussi \u00abexprim\u00e9 leur reconnaissance \u00e0 l\u2019\u00e9gard de l\u2019appui apport\u00e9 par les Etats-Unis et ont exprim\u00e9 le souhait de sa continuit\u00e9\u00bb. Pour d\u00e9montrer la d\u00e9termination de la France, Emmanuel Macron a annonc\u00e9 l\u2019envoi de 220 hommes suppl\u00e9mentaires, qui viendront renforcer les troupes fran\u00e7aises de Barkhane, d\u00e9j\u00e0 fortes de 4.500 hommes.<\/p>\n<p class=\"rtejustify\">La rencontre s\u2019est tenue au lendemain de l\u2019annonce des pires pertes subies par l\u2019arm\u00e9e nig\u00e9rienne jeudi dernier dans une attaque: 89 soldats tu\u00e9s, dans le camp de Chin\u00e9godar, pr\u00e8s du Mali. Selon l\u2019ONU, plus de 4.000 personnes ont \u00e9t\u00e9 tu\u00e9es dans des attaques terroristes en 2019 au Burkina Faso, au Mali et au Niger. Un nouveau sommet associant les Etats du G5 Sahel et la France se tiendra en juin 2020 \u00e0 Nouakchott.<\/p>\n<p class=\"rtejustify\">\u00a0<\/p>\n<p>Auteur: hlafriqi<br \/>\n<a href=\"https:\/\/www.leconomiste.com\/article\/1055891-terrorisme-front-uni-du-g5-sahel-et-de-la-france\">Cliquez ici pour lire l&rsquo;article depuis sa source.<\/a><\/p>\n","protected":false},"excerpt":{"rendered":"<p>Confront\u00e9s \u00e0 une escalade des attaques terroristes, les pr\u00e9sidents de cinq pays sah\u00e9liens et Emmanuel Macron ont convenu de renforcer leur coop\u00e9ration militaire. Comme le leur r\u00e9clamait le pr\u00e9sident fran\u00e7ais, les dirigeants des pays du G5 Sahel qu\u2019il avait convi\u00e9s en d\u00e9but de semaine \u00e0 Pau (sud-ouest de la France) ont sign\u00e9 une d\u00e9claration commune [&hellip;]<\/p>\n","protected":false},"author":1763,"featured_media":0,"comment_status":"closed","ping_status":"closed","sticky":false,"template":"","format":"standard","meta":{"fifu_image_url":"","fifu_image_alt":"","footnotes":""},"categories":[78,54],"tags":[],"class_list":["post-73216","post","type-post","status-publish","format-standard","hentry","category-economie","category-maroc"],"_links":{"self":[{"href":"https:\/\/linitiative.ca\/International\/wp-json\/wp\/v2\/posts\/73216","targetHints":{"allow":["GET"]}}],"collection":[{"href":"https:\/\/linitiative.ca\/International\/wp-json\/wp\/v2\/posts"}],"about":[{"href":"https:\/\/linitiative.ca\/International\/wp-json\/wp\/v2\/types\/post"}],"author":[{"embeddable":true,"href":"https:\/\/linitiative.ca\/International\/wp-json\/wp\/v2\/users\/1763"}],"replies":[{"embeddable":true,"href":"https:\/\/linitiative.ca\/International\/wp-json\/wp\/v2\/comments?post=73216"}],"version-history":[{"count":0,"href":"https:\/\/linitiative.ca\/International\/wp-json\/wp\/v2\/posts\/73216\/revisions"}],"wp:attachment":[{"href":"https:\/\/linitiative.ca\/International\/wp-json\/wp\/v2\/media?parent=73216"}],"wp:term":[{"taxonomy":"category","embeddable":true,"href":"https:\/\/linitiative.ca\/International\/wp-json\/wp\/v2\/categories?post=73216"},{"taxonomy":"post_tag","embeddable":true,"href":"https:\/\/linitiative.ca\/International\/wp-json\/wp\/v2\/tags?post=73216"}],"curies":[{"name":"wp","href":"https:\/\/api.w.org\/{rel}","templated":true}]}}