{"id":73224,"date":"2020-01-16T15:14:18","date_gmt":"2020-01-16T20:14:18","guid":{"rendered":"https:\/\/linitiative.ca\/International\/pros-nice-vieira-donne-des-nouvelles-datal\/"},"modified":"2020-01-16T15:14:18","modified_gmt":"2020-01-16T20:14:18","slug":"pros-nice-vieira-donne-des-nouvelles-datal","status":"publish","type":"post","link":"https:\/\/linitiative.ca\/International\/pros-nice-vieira-donne-des-nouvelles-datal\/","title":{"rendered":"Pros : Nice: Vieira donne des nouvelles d\u2019Atal"},"content":{"rendered":"<div readability=\"32\">\n<p>Auteur : <span class=\"time\">jeudi 16 janvier 2020 15:07<\/span><\/p>\n<\/div>\n<div id=\"post_core\" readability=\"46\">\n<p>Op\u00e9r\u00e9 d\u2019une l\u00e9sion du m\u00e9nisque externe du genou droit le 11 d\u00e9cembre dernier \u00e0 Lyon, Youcef Atal (23 ans) va bien. En conf\u00e9rence de presse ce jeudi, Patrick Vieira, l&rsquo;entra\u00eeneur des Aiglons, a donn\u00e9 des bonnes nouvelles de son joueur Alg\u00e9rie: \u00ab\u00a0Pour Youcef, il n\u2019y a pas de date. \u00c7a d\u00e9pend de l\u2019\u00e9volution du genou mais \u00e7a \u00e9volue bien\u00a0\u00bb, a confi\u00e9 le technicien azur\u00e9en. \u00ab\u00a0Il est s\u00e9rieux dans son travail. Pour l\u2019instant, il est irr\u00e9prochable au niveau des soins, au niveau de ce qu\u2019on attend de lui. C\u2019est une tr\u00e8s bonne chose. Il effectue tout ses soins au centre d\u2019entra\u00eenement, le matin et l\u2019apr\u00e8s-midi. La course ? Ce n\u2019est vraiment pas pour maintenant\u00a0\u00bb, a conclu l&rsquo;entra\u00eeneur du Gym au sujet de son arri\u00e8re lat\u00e9ral droit (13 matches en Ligue 1, 1 but et 1 passe d\u00e9cisive) rapporte madeinfoot.com.<\/p>\n<p><strong>Publi\u00e9 dans :<\/strong> <span>Atal<\/span><\/p>\n<\/div>\n<p>Auteur:<br \/>\n<a href=\"http:\/\/www.lebuteur.com\/article\/detail?titre=nice-vieira-donne-des-nouvelles-datal&#038;id=94215&#038;utm_source=feedburner&#038;utm_medium=feed&#038;utm_campaign=Feed%3A+GalerieFArtciles+%28Les+derniers+articles++-+lebuteur.com%29\">Cliquez ici pour lire l&rsquo;article depuis sa source.<\/a><\/p>\n","protected":false},"excerpt":{"rendered":"<p>Auteur : jeudi 16 janvier 2020 15:07 Op\u00e9r\u00e9 d\u2019une l\u00e9sion du m\u00e9nisque externe du genou droit le 11 d\u00e9cembre dernier \u00e0 Lyon, Youcef Atal (23 ans) va bien. En conf\u00e9rence de presse ce jeudi, Patrick Vieira, l&rsquo;entra\u00eeneur des Aiglons, a donn\u00e9 des bonnes nouvelles de son joueur Alg\u00e9rie: \u00ab\u00a0Pour Youcef, il n\u2019y a pas de [&hellip;]<\/p>\n","protected":false},"author":1738,"featured_media":73225,"comment_status":"closed","ping_status":"closed","sticky":false,"template":"","format":"standard","meta":{"fifu_image_url":"","fifu_image_alt":"","footnotes":""},"categories":[53,75],"tags":[],"class_list":["post-73224","post","type-post","status-publish","format-standard","has-post-thumbnail","hentry","category-algerie","category-sport"],"_links":{"self":[{"href":"https:\/\/linitiative.ca\/International\/wp-json\/wp\/v2\/posts\/73224","targetHints":{"allow":["GET"]}}],"collection":[{"href":"https:\/\/linitiative.ca\/International\/wp-json\/wp\/v2\/posts"}],"about":[{"href":"https:\/\/linitiative.ca\/International\/wp-json\/wp\/v2\/types\/post"}],"author":[{"embeddable":true,"href":"https:\/\/linitiative.ca\/International\/wp-json\/wp\/v2\/users\/1738"}],"replies":[{"embeddable":true,"href":"https:\/\/linitiative.ca\/International\/wp-json\/wp\/v2\/comments?post=73224"}],"version-history":[{"count":0,"href":"https:\/\/linitiative.ca\/International\/wp-json\/wp\/v2\/posts\/73224\/revisions"}],"wp:featuredmedia":[{"embeddable":true,"href":"https:\/\/linitiative.ca\/International\/wp-json\/"}],"wp:attachment":[{"href":"https:\/\/linitiative.ca\/International\/wp-json\/wp\/v2\/media?parent=73224"}],"wp:term":[{"taxonomy":"category","embeddable":true,"href":"https:\/\/linitiative.ca\/International\/wp-json\/wp\/v2\/categories?post=73224"},{"taxonomy":"post_tag","embeddable":true,"href":"https:\/\/linitiative.ca\/International\/wp-json\/wp\/v2\/tags?post=73224"}],"curies":[{"name":"wp","href":"https:\/\/api.w.org\/{rel}","templated":true}]}}