{"id":73228,"date":"2020-01-16T15:14:22","date_gmt":"2020-01-16T20:14:22","guid":{"rendered":"https:\/\/linitiative.ca\/International\/international-van-de-beek-au-real-madrid-cest-quasiment-fait\/"},"modified":"2020-01-16T15:14:22","modified_gmt":"2020-01-16T20:14:22","slug":"international-van-de-beek-au-real-madrid-cest-quasiment-fait","status":"publish","type":"post","link":"https:\/\/linitiative.ca\/International\/international-van-de-beek-au-real-madrid-cest-quasiment-fait\/","title":{"rendered":"International : Van de Beek au Real Madrid, c\u2019est quasiment fait !"},"content":{"rendered":"<div readability=\"32\">\n<p>Auteur : <span class=\"time\">jeudi 16 janvier 2020 15:16<\/span><\/p>\n<\/div>\n<div id=\"post_core\" readability=\"46\">\n<p>Le Real Madrid tient peut-\u00eatre son milieu de terrain d\u2019envergure. Alors que le nom de Paul Pogba circule avec insistance depuis l\u2019\u00e9t\u00e9 dernier, c\u2019est le polyvalent Donny van de Beek qui devrait d\u00e9barquer dans la capitale espagnole. Le quotidien Marca annonce que toutes les parties sont tomb\u00e9es d\u2019accord sur un transfert de 55 millions d\u2019euros. Une transaction effective \u00e0 partir de l\u2019\u00e9t\u00e9 prochain. Si son arriv\u00e9e se confirme, Van de Beek sera un renfort de choix dans un secteur o\u00f9 Zin\u00e9dine Zidane a d\u00e9j\u00e0 entam\u00e9 sa mue. Luka Modric, monstre sacr\u00e9 de cette \u00e9quipe, a \u00e9t\u00e9 rel\u00e9gu\u00e9 dans la hi\u00e9rarchie des milieux suite \u00e0 l\u2019\u00e9mergence du jeune Federico Valverde (21 ans). Apte \u00e0 jouer devant la d\u00e9fense, le joueur de l\u2019Ajax s\u2019\u00e9tait r\u00e9v\u00e9l\u00e9 dans un r\u00f4le hybride de milieu offensif derri\u00e8re l\u2019attaquant, lors d\u2019une campagne europ\u00e9enne m\u00e9morable o\u00f9 le club d\u2019Amsterdam a \u00e9t\u00e9 port\u00e9 par sa g\u00e9n\u00e9ration dor\u00e9e jusqu\u2019en demi-finales. Il retrouvera en Liga son ancien comp\u00e8re Frenkie de Jong, joueur du FC Barcelone depuis 6 mois. Toujours selon Marca, ce transfert pourrait entra\u00eener plusieurs d\u00e9parts, parmi lesquels ceux de Modric ou Isco rapporte Mercato365.com.<\/p>\n<p><strong>Publi\u00e9 dans :<\/strong> <span>real madrid<\/span> <span>Van de Beek<\/span><\/p>\n<\/div>\n<p>Auteur:<br \/>\n<a href=\"http:\/\/www.lebuteur.com\/article\/detail?titre=van-de-beek-au-real-madrid-cest-quasiment-fait&#038;id=94217&#038;utm_source=feedburner&#038;utm_medium=feed&#038;utm_campaign=Feed%3A+GalerieFArtciles+%28Les+derniers+articles++-+lebuteur.com%29\">Cliquez ici pour lire l&rsquo;article depuis sa source.<\/a><\/p>\n","protected":false},"excerpt":{"rendered":"<p>Auteur : jeudi 16 janvier 2020 15:16 Le Real Madrid tient peut-\u00eatre son milieu de terrain d\u2019envergure. Alors que le nom de Paul Pogba circule avec insistance depuis l\u2019\u00e9t\u00e9 dernier, c\u2019est le polyvalent Donny van de Beek qui devrait d\u00e9barquer dans la capitale espagnole. Le quotidien Marca annonce que toutes les parties sont tomb\u00e9es d\u2019accord [&hellip;]<\/p>\n","protected":false},"author":1738,"featured_media":73229,"comment_status":"closed","ping_status":"closed","sticky":false,"template":"","format":"standard","meta":{"fifu_image_url":"","fifu_image_alt":"","footnotes":""},"categories":[53,75],"tags":[],"class_list":["post-73228","post","type-post","status-publish","format-standard","has-post-thumbnail","hentry","category-algerie","category-sport"],"_links":{"self":[{"href":"https:\/\/linitiative.ca\/International\/wp-json\/wp\/v2\/posts\/73228","targetHints":{"allow":["GET"]}}],"collection":[{"href":"https:\/\/linitiative.ca\/International\/wp-json\/wp\/v2\/posts"}],"about":[{"href":"https:\/\/linitiative.ca\/International\/wp-json\/wp\/v2\/types\/post"}],"author":[{"embeddable":true,"href":"https:\/\/linitiative.ca\/International\/wp-json\/wp\/v2\/users\/1738"}],"replies":[{"embeddable":true,"href":"https:\/\/linitiative.ca\/International\/wp-json\/wp\/v2\/comments?post=73228"}],"version-history":[{"count":0,"href":"https:\/\/linitiative.ca\/International\/wp-json\/wp\/v2\/posts\/73228\/revisions"}],"wp:featuredmedia":[{"embeddable":true,"href":"https:\/\/linitiative.ca\/International\/wp-json\/"}],"wp:attachment":[{"href":"https:\/\/linitiative.ca\/International\/wp-json\/wp\/v2\/media?parent=73228"}],"wp:term":[{"taxonomy":"category","embeddable":true,"href":"https:\/\/linitiative.ca\/International\/wp-json\/wp\/v2\/categories?post=73228"},{"taxonomy":"post_tag","embeddable":true,"href":"https:\/\/linitiative.ca\/International\/wp-json\/wp\/v2\/tags?post=73228"}],"curies":[{"name":"wp","href":"https:\/\/api.w.org\/{rel}","templated":true}]}}