{"id":73230,"date":"2020-01-16T11:00:00","date_gmt":"2020-01-16T16:00:00","guid":{"rendered":"https:\/\/linitiative.ca\/International\/le-ministre-de-la-communication-appelle-a-une-forte-participation-et-contribution-aux-ateliers-de-travail-que-le-secteur-compte-lancer-pour-la-promotion-de-la-profession\/"},"modified":"2020-01-16T11:00:00","modified_gmt":"2020-01-16T16:00:00","slug":"le-ministre-de-la-communication-appelle-a-une-forte-participation-et-contribution-aux-ateliers-de-travail-que-le-secteur-compte-lancer-pour-la-promotion-de-la-profession","status":"publish","type":"post","link":"https:\/\/linitiative.ca\/International\/le-ministre-de-la-communication-appelle-a-une-forte-participation-et-contribution-aux-ateliers-de-travail-que-le-secteur-compte-lancer-pour-la-promotion-de-la-profession\/","title":{"rendered":"Le ministre  de la Communication appelle  \u00e0 \u00ab une forte participation et contribution aux ateliers de travail que le secteur compte lancer pour la promotion de la profession \u00bb"},"content":{"rendered":"<p>\u00ab\u00a0Je suis convaincu que cette agence qui compte de nombreux journalistes \u00e9m\u00e9rites s&rsquo;acquittera, avec une plus grande maturit\u00e9 et un haut professionnalisme, de sa mission d&rsquo;information en vue de relever les d\u00e9fis impos\u00e9s par l&rsquo;\u00e9volution positive que conna\u00eet le pays\u00a0\u00bb, a ajout\u00e9 le ministre.<\/p>\n<p>A cet effet, il a f\u00e9licit\u00e9 les journalistes et les travailleurs de l&rsquo;agence pour \u00ab\u00a0leurs efforts pr\u00e9cieux et appr\u00e9ciables\u00a0\u00bb, tout en les encourageant \u00e0 \u00ab\u00a0contribuer \u00e0 la cons\u00e9cration de l&rsquo;importance du r\u00f4le de l&rsquo;information, r\u00e9affirm\u00e9 par le Pr\u00e9sident de la R\u00e9publique, notamment dans le sixi\u00e8me point de ses 54 engagements\u00a0\u00bb au sein de son programme \u00e9lectoral, et en les appelant, \u00ab\u00a0chacun dans son poste\u00a0\u00bb, \u00e0 \u0153uvrer \u00e0 la concr\u00e9tisation de ces engagements \u00ab\u00a0dans les plus brefs d\u00e9lais et avec l&rsquo;efficacit\u00e9 requise\u00a0\u00bb. Le ministre a appel\u00e9 \u00e0 \u00ab\u00a0une forte participation et contribution aux ateliers de travail que le secteur compte lancer pour la promotion de la profession et l&rsquo;am\u00e9lioration des conditions des travailleurs, en insistant sur le respect de l&rsquo;\u00e9thique professionnelle et le passage vers le tout num\u00e9rique\u00a0\u00bb.<\/p>\n<p>L&rsquo;APS a d\u00e9cid\u00e9 de baptiser sa salle des conf\u00e9rences du nom du d\u00e9funt Hamada, en reconnaissance \u00ab\u00a0de son parcours professionnel, son professionnalisme et son militantisme syndical, outre ses valeurs humaines et ses hautes qualit\u00e9s morales\u00a0\u00bb.<\/p>\n<p>Les autres salles de r\u00e9daction seront \u00e9galement baptis\u00e9es des noms des anciens journalistes de l&rsquo;APS, a affirm\u00e9 le directeur de l&rsquo;information de l&rsquo;APS, Mustapha Ait Mouhoub.<\/p>\n<p>Abdelkrim Hamada d\u00e9c\u00e9d\u00e9 samedi dernier \u00e0 Paris \u00e0 l&rsquo;\u00e2ge de 71 ans, des suites d&rsquo;une longue maladie, a int\u00e9gr\u00e9 l&rsquo;agence nationale de presse en 1974, et travaill\u00e9 au sein de diff\u00e9rents services, avant d&rsquo;occuper les postes de directeur adjoint de l&rsquo;information et de directeur g\u00e9n\u00e9ral adjoint. Il a \u00e9galement \u00e9t\u00e9 correspondant de l&rsquo;APS \u00e0 Dakar et \u00e0 Paris.<\/p>\n<p>Natif de la Casbah (Alger) et fils du chahid Mohamed Hamada, le regrett\u00e9 a aussi d\u00e9fendu les droits des travailleurs en tant que responsable syndical au sein de l&rsquo;agence.<\/p>\n<p>APS\u00a0<\/p>\n<p>Auteur: elmoudjahid<br \/>\n<a href=\"http:\/\/www.elmoudjahid.com\/fr\/actualites\/147227\">Cliquez ici pour lire l&rsquo;article depuis sa source.<\/a><\/p>\n","protected":false},"excerpt":{"rendered":"<p>\u00ab\u00a0Je suis convaincu que cette agence qui compte de nombreux journalistes \u00e9m\u00e9rites s&rsquo;acquittera, avec une plus grande maturit\u00e9 et un haut professionnalisme, de sa mission d&rsquo;information en vue de relever les d\u00e9fis impos\u00e9s par l&rsquo;\u00e9volution positive que conna\u00eet le pays\u00a0\u00bb, a ajout\u00e9 le ministre. A cet effet, il a f\u00e9licit\u00e9 les journalistes et les travailleurs [&hellip;]<\/p>\n","protected":false},"author":1744,"featured_media":0,"comment_status":"closed","ping_status":"closed","sticky":false,"template":"","format":"standard","meta":{"fifu_image_url":"","fifu_image_alt":"","footnotes":""},"categories":[73,53],"tags":[],"class_list":["post-73230","post","type-post","status-publish","format-standard","hentry","category-actualite","category-algerie"],"_links":{"self":[{"href":"https:\/\/linitiative.ca\/International\/wp-json\/wp\/v2\/posts\/73230","targetHints":{"allow":["GET"]}}],"collection":[{"href":"https:\/\/linitiative.ca\/International\/wp-json\/wp\/v2\/posts"}],"about":[{"href":"https:\/\/linitiative.ca\/International\/wp-json\/wp\/v2\/types\/post"}],"author":[{"embeddable":true,"href":"https:\/\/linitiative.ca\/International\/wp-json\/wp\/v2\/users\/1744"}],"replies":[{"embeddable":true,"href":"https:\/\/linitiative.ca\/International\/wp-json\/wp\/v2\/comments?post=73230"}],"version-history":[{"count":0,"href":"https:\/\/linitiative.ca\/International\/wp-json\/wp\/v2\/posts\/73230\/revisions"}],"wp:attachment":[{"href":"https:\/\/linitiative.ca\/International\/wp-json\/wp\/v2\/media?parent=73230"}],"wp:term":[{"taxonomy":"category","embeddable":true,"href":"https:\/\/linitiative.ca\/International\/wp-json\/wp\/v2\/categories?post=73230"},{"taxonomy":"post_tag","embeddable":true,"href":"https:\/\/linitiative.ca\/International\/wp-json\/wp\/v2\/tags?post=73230"}],"curies":[{"name":"wp","href":"https:\/\/api.w.org\/{rel}","templated":true}]}}