{"id":73231,"date":"2020-01-16T10:32:00","date_gmt":"2020-01-16T15:32:00","guid":{"rendered":"https:\/\/linitiative.ca\/International\/les-entretiens-entre-mm-abdelmadjid-tebboune-et-giuseppe-conte-elargis-aux-membres-des-deux-delegations\/"},"modified":"2020-01-16T10:32:00","modified_gmt":"2020-01-16T15:32:00","slug":"les-entretiens-entre-mm-abdelmadjid-tebboune-et-giuseppe-conte-elargis-aux-membres-des-deux-delegations","status":"publish","type":"post","link":"https:\/\/linitiative.ca\/International\/les-entretiens-entre-mm-abdelmadjid-tebboune-et-giuseppe-conte-elargis-aux-membres-des-deux-delegations\/","title":{"rendered":"Les entretiens entre MM. Abdelmadjid Tebboune et Giuseppe Conte \u00e9largis aux membres des deux d\u00e9l\u00e9gations"},"content":{"rendered":"<p>Les entretiens entre le Pr\u00e9sident de la R\u00e9publique, M. Abdelmadjid Tebboune, et le pr\u00e9sident du Conseil italien, Giuseppe Conte, ont \u00e9t\u00e9 \u00e9largis, jeudi apr\u00e8s-midi, aux membres des deux d\u00e9l\u00e9gations.<\/p>\n<p>Les entretiens qui ont eu lieu au si\u00e8ge de la Pr\u00e9sidence de la R\u00e9publique, se sont d\u00e9roul\u00e9s en pr\u00e9sence du directeur de cabinet \u00e0 la Pr\u00e9sidence de la R\u00e9publique, Noureddine Ayadi, du ministre des Affaires \u00e9trang\u00e8res, Sabri Boukadoum, et du ministre conseiller \u00e0 la communication, porte-parole officiel de la Pr\u00e9sidence de la R\u00e9publique, Bela\u00efd Mohand Oussa\u00efd.<\/p>\n<p>Le pr\u00e9sident du Conseil italien est arriv\u00e9 auparavant \u00e0 Alger pour une visite de travail et s&rsquo;est entretenu au Palais du gouvernement avec le Premier ministre, Abdelaziz Djerad.<\/p>\n<p>Cette visite, \u00ab\u00a0qui s&rsquo;inscrit dans la dynamique des efforts de la communaut\u00e9 internationale pour circonscrire le conflit en Libye et lui apporter une solution durable, permettra aux responsables des deux pays de poursuivre et d&rsquo;approfondir leur concertation sur la crise libyenne mais aussi sur les questions r\u00e9gionales et internationales d&rsquo;int\u00e9r\u00eat commun\u00a0\u00bb, avait indiqu\u00e9 un communiqu\u00e9 du minist\u00e8re des Affaires \u00e9trang\u00e8res. \u00ab\u00a0Il convient de souligner que la diplomatie alg\u00e9rienne est particuli\u00e8rement engag\u00e9e sur la question libyenne et qu\u2019elle m\u00e8ne depuis plusieurs semaines des efforts intenses en vue de cr\u00e9er les conditions propices \u00e0 une relance effective du dialogue inter-libyen et de l\u2019initiative de paix des Nations unies. Ces m\u00eames efforts ont d\u2019ailleurs contribu\u00e9 au cessez-le-feu observ\u00e9 sur le terrain\u00a0\u00bb, selon la m\u00eame source.<\/p>\n<p>Sur un autre plan, la visite du pr\u00e9sident du Conseil italien en Alg\u00e9rie \u00ab\u00a0fournira \u00e9galement l&rsquo;opportunit\u00e9 aux responsables des deux pays de proc\u00e9der \u00e0 l&rsquo;examen des dossiers bilat\u00e9raux et de mettre en perspective les principales \u00e9ch\u00e9ances bilat\u00e9rales \u00e0 venir, en particulier la prochaine session de la R\u00e9union bilat\u00e9rale de haut niveau, dont la tenue est pr\u00e9vue \u00e0 Alger au cours du premier semestre de cette ann\u00e9e\u00a0\u00bb.<\/p>\n<p>APS\u00a0<\/p>\n<p>Auteur: elmoudjahid<br \/>\n<a href=\"http:\/\/www.elmoudjahid.com\/fr\/actualites\/147228\">Cliquez ici pour lire l&rsquo;article depuis sa source.<\/a><\/p>\n","protected":false},"excerpt":{"rendered":"<p>Les entretiens entre le Pr\u00e9sident de la R\u00e9publique, M. Abdelmadjid Tebboune, et le pr\u00e9sident du Conseil italien, Giuseppe Conte, ont \u00e9t\u00e9 \u00e9largis, jeudi apr\u00e8s-midi, aux membres des deux d\u00e9l\u00e9gations. Les entretiens qui ont eu lieu au si\u00e8ge de la Pr\u00e9sidence de la R\u00e9publique, se sont d\u00e9roul\u00e9s en pr\u00e9sence du directeur de cabinet \u00e0 la Pr\u00e9sidence [&hellip;]<\/p>\n","protected":false},"author":1744,"featured_media":0,"comment_status":"closed","ping_status":"closed","sticky":false,"template":"","format":"standard","meta":{"fifu_image_url":"","fifu_image_alt":"","footnotes":""},"categories":[73,53],"tags":[],"class_list":["post-73231","post","type-post","status-publish","format-standard","hentry","category-actualite","category-algerie"],"_links":{"self":[{"href":"https:\/\/linitiative.ca\/International\/wp-json\/wp\/v2\/posts\/73231","targetHints":{"allow":["GET"]}}],"collection":[{"href":"https:\/\/linitiative.ca\/International\/wp-json\/wp\/v2\/posts"}],"about":[{"href":"https:\/\/linitiative.ca\/International\/wp-json\/wp\/v2\/types\/post"}],"author":[{"embeddable":true,"href":"https:\/\/linitiative.ca\/International\/wp-json\/wp\/v2\/users\/1744"}],"replies":[{"embeddable":true,"href":"https:\/\/linitiative.ca\/International\/wp-json\/wp\/v2\/comments?post=73231"}],"version-history":[{"count":0,"href":"https:\/\/linitiative.ca\/International\/wp-json\/wp\/v2\/posts\/73231\/revisions"}],"wp:attachment":[{"href":"https:\/\/linitiative.ca\/International\/wp-json\/wp\/v2\/media?parent=73231"}],"wp:term":[{"taxonomy":"category","embeddable":true,"href":"https:\/\/linitiative.ca\/International\/wp-json\/wp\/v2\/categories?post=73231"},{"taxonomy":"post_tag","embeddable":true,"href":"https:\/\/linitiative.ca\/International\/wp-json\/wp\/v2\/tags?post=73231"}],"curies":[{"name":"wp","href":"https:\/\/api.w.org\/{rel}","templated":true}]}}