{"id":73232,"date":"2020-01-16T12:30:00","date_gmt":"2020-01-16T17:30:00","guid":{"rendered":"https:\/\/linitiative.ca\/International\/le-president-tebboune-recevra-mardi-prochain-des-responsables-de-medias-publics-et-prives\/"},"modified":"2020-01-16T12:30:00","modified_gmt":"2020-01-16T17:30:00","slug":"le-president-tebboune-recevra-mardi-prochain-des-responsables-de-medias-publics-et-prives","status":"publish","type":"post","link":"https:\/\/linitiative.ca\/International\/le-president-tebboune-recevra-mardi-prochain-des-responsables-de-medias-publics-et-prives\/","title":{"rendered":"Le Pr\u00e9sident Tebboune recevra mardi prochain des responsables de m\u00e9dias publics et priv\u00e9s"},"content":{"rendered":"<p>Le Pr\u00e9sident de la R\u00e9publique, M. Abdelmadjid\u00a0Tebboune recevra, mardi 21 janvier au si\u00e8ge de la pr\u00e9sidence de la R\u00e9publique, une d\u00e9l\u00e9gation de directeurs et responsables de m\u00e9dias publics et priv\u00e9s, a indiqu\u00e9 jeudi un communiqu\u00e9 de la pr\u00e9sidence de la R\u00e9publique.<\/p>\n<p>Cette rencontre \u00ab\u00a0sera une occasion pour \u00e9clairer l&rsquo;opinion publique nationale sur les questions de l&rsquo;heure au double plan interne et externe\u00a0\u00bb, a pr\u00e9cis\u00e9 le communiqu\u00e9.<\/p>\n<p>S&rsquo;inscrivant dans le cadre des engagements du Pr\u00e9sident de la R\u00e9publique d&rsquo;organiser des rencontres p\u00e9riodiques avec les m\u00e9dias, cette audience sera suivie par d&rsquo;autres entretiens avec des journalistes et des responsables d&rsquo;organes de presse, a conclu le communiqu\u00e9.APS<\/p>\n<p>Auteur: elmoudjahid<br \/>\n<a href=\"http:\/\/www.elmoudjahid.com\/fr\/actualites\/147229\">Cliquez ici pour lire l&rsquo;article depuis sa source.<\/a><\/p>\n","protected":false},"excerpt":{"rendered":"<p>Le Pr\u00e9sident de la R\u00e9publique, M. Abdelmadjid\u00a0Tebboune recevra, mardi 21 janvier au si\u00e8ge de la pr\u00e9sidence de la R\u00e9publique, une d\u00e9l\u00e9gation de directeurs et responsables de m\u00e9dias publics et priv\u00e9s, a indiqu\u00e9 jeudi un communiqu\u00e9 de la pr\u00e9sidence de la R\u00e9publique. Cette rencontre \u00ab\u00a0sera une occasion pour \u00e9clairer l&rsquo;opinion publique nationale sur les questions de [&hellip;]<\/p>\n","protected":false},"author":1744,"featured_media":0,"comment_status":"closed","ping_status":"closed","sticky":false,"template":"","format":"standard","meta":{"fifu_image_url":"","fifu_image_alt":"","footnotes":""},"categories":[73,53],"tags":[],"class_list":["post-73232","post","type-post","status-publish","format-standard","hentry","category-actualite","category-algerie"],"_links":{"self":[{"href":"https:\/\/linitiative.ca\/International\/wp-json\/wp\/v2\/posts\/73232","targetHints":{"allow":["GET"]}}],"collection":[{"href":"https:\/\/linitiative.ca\/International\/wp-json\/wp\/v2\/posts"}],"about":[{"href":"https:\/\/linitiative.ca\/International\/wp-json\/wp\/v2\/types\/post"}],"author":[{"embeddable":true,"href":"https:\/\/linitiative.ca\/International\/wp-json\/wp\/v2\/users\/1744"}],"replies":[{"embeddable":true,"href":"https:\/\/linitiative.ca\/International\/wp-json\/wp\/v2\/comments?post=73232"}],"version-history":[{"count":0,"href":"https:\/\/linitiative.ca\/International\/wp-json\/wp\/v2\/posts\/73232\/revisions"}],"wp:attachment":[{"href":"https:\/\/linitiative.ca\/International\/wp-json\/wp\/v2\/media?parent=73232"}],"wp:term":[{"taxonomy":"category","embeddable":true,"href":"https:\/\/linitiative.ca\/International\/wp-json\/wp\/v2\/categories?post=73232"},{"taxonomy":"post_tag","embeddable":true,"href":"https:\/\/linitiative.ca\/International\/wp-json\/wp\/v2\/tags?post=73232"}],"curies":[{"name":"wp","href":"https:\/\/api.w.org\/{rel}","templated":true}]}}