{"id":73238,"date":"2020-01-16T12:58:08","date_gmt":"2020-01-16T17:58:08","guid":{"rendered":"https:\/\/linitiative.ca\/International\/tebboune-recevra-les-responsables-de-la-presse-mardi-prochain\/"},"modified":"2020-01-16T12:58:08","modified_gmt":"2020-01-16T17:58:08","slug":"tebboune-recevra-les-responsables-de-la-presse-mardi-prochain","status":"publish","type":"post","link":"https:\/\/linitiative.ca\/International\/tebboune-recevra-les-responsables-de-la-presse-mardi-prochain\/","title":{"rendered":"Tebboune recevra les responsables de la presse mardi prochain"},"content":{"rendered":"<p>Le Pr\u00e9sident de la R\u00e9publique, M.\u00a0Abdelmadjid Tebboune recevra, mardi 21 janvier au si\u00e8ge de la pr\u00e9sidence de la R\u00e9publique, une d\u00e9l\u00e9gation de directeurs et responsables de m\u00e9dias publics et priv\u00e9s, a indiqu\u00e9 jeudi un communiqu\u00e9 de la pr\u00e9sidence de la R\u00e9publique.<\/p>\n<p>Cette rencontre \u00ab\u00a0sera une occasion pour \u00e9clairer l\u2019opinion publique nationale sur les questions de l\u2019heure au double plan interne et externe\u00a0\u00bb, a pr\u00e9cis\u00e9 le communiqu\u00e9.<\/p>\n<p>S\u2019inscrivant dans le cadre des engagements du Pr\u00e9sident de la R\u00e9publique d\u2019organiser des rencontres p\u00e9riodiques avec les m\u00e9dias, cette audience sera suivie par d\u2019autres entretiens avec des journalistes et des responsables d\u2019organes de presse, a conclu le communiqu\u00e9.<\/p>\n<p>Auteur: Boudjedri<br \/>\n<a href=\"http:\/\/www.jeune-independant.net\/Tebboune-recevra-les-responsables.html\">Cliquez ici pour lire l&rsquo;article depuis sa source.<\/a><\/p>\n","protected":false},"excerpt":{"rendered":"<p>Le Pr\u00e9sident de la R\u00e9publique, M.\u00a0Abdelmadjid Tebboune recevra, mardi 21 janvier au si\u00e8ge de la pr\u00e9sidence de la R\u00e9publique, une d\u00e9l\u00e9gation de directeurs et responsables de m\u00e9dias publics et priv\u00e9s, a indiqu\u00e9 jeudi un communiqu\u00e9 de la pr\u00e9sidence de la R\u00e9publique. Cette rencontre \u00ab\u00a0sera une occasion pour \u00e9clairer l\u2019opinion publique nationale sur les questions de [&hellip;]<\/p>\n","protected":false},"author":1737,"featured_media":0,"comment_status":"closed","ping_status":"closed","sticky":false,"template":"","format":"standard","meta":{"fifu_image_url":"","fifu_image_alt":"","footnotes":""},"categories":[73,53],"tags":[],"class_list":["post-73238","post","type-post","status-publish","format-standard","hentry","category-actualite","category-algerie"],"_links":{"self":[{"href":"https:\/\/linitiative.ca\/International\/wp-json\/wp\/v2\/posts\/73238","targetHints":{"allow":["GET"]}}],"collection":[{"href":"https:\/\/linitiative.ca\/International\/wp-json\/wp\/v2\/posts"}],"about":[{"href":"https:\/\/linitiative.ca\/International\/wp-json\/wp\/v2\/types\/post"}],"author":[{"embeddable":true,"href":"https:\/\/linitiative.ca\/International\/wp-json\/wp\/v2\/users\/1737"}],"replies":[{"embeddable":true,"href":"https:\/\/linitiative.ca\/International\/wp-json\/wp\/v2\/comments?post=73238"}],"version-history":[{"count":0,"href":"https:\/\/linitiative.ca\/International\/wp-json\/wp\/v2\/posts\/73238\/revisions"}],"wp:attachment":[{"href":"https:\/\/linitiative.ca\/International\/wp-json\/wp\/v2\/media?parent=73238"}],"wp:term":[{"taxonomy":"category","embeddable":true,"href":"https:\/\/linitiative.ca\/International\/wp-json\/wp\/v2\/categories?post=73238"},{"taxonomy":"post_tag","embeddable":true,"href":"https:\/\/linitiative.ca\/International\/wp-json\/wp\/v2\/tags?post=73238"}],"curies":[{"name":"wp","href":"https:\/\/api.w.org\/{rel}","templated":true}]}}