{"id":73239,"date":"2020-01-16T04:06:13","date_gmt":"2020-01-16T09:06:13","guid":{"rendered":"https:\/\/linitiative.ca\/International\/son-ambassadeur-recu-hier-a-lapn-le-japon-veut-investir-dans-lindustrie-automobile\/"},"modified":"2020-01-16T04:06:13","modified_gmt":"2020-01-16T09:06:13","slug":"son-ambassadeur-recu-hier-a-lapn-le-japon-veut-investir-dans-lindustrie-automobile","status":"publish","type":"post","link":"https:\/\/linitiative.ca\/International\/son-ambassadeur-recu-hier-a-lapn-le-japon-veut-investir-dans-lindustrie-automobile\/","title":{"rendered":"Son Ambassadeur re\u00e7u hier \u00e0 l\u2019APN : Le Japon veut investir dans l\u2019industrie automobile"},"content":{"rendered":"<h4 class=\"title-14\"\/>\n<div class=\"featured_image\"><img loading=\"lazy\" decoding=\"async\" width=\"700\" height=\"422\" src=\"https:\/\/www.elwatan.com\/wp-content\/uploads\/2020\/01\/auto-col.gif\" class=\"attachment-post-thumbnail size-post-thumbnail wp-post-image\" alt=\"Son Ambassadeur re\u00e7u hier \u00e0 l\u2019APN : Le Japon veut investir dans l\u2019industrie automobile\"\/><\/div>\n<p class=\"p3\"><span class=\"s1\">A<\/span>u moment o\u00f9 le montage automobile est en pleine crise en Alg\u00e9rie, suite \u00e0 l\u2019\u00e9chec de mettre en place une v\u00e9ritable industrie, le Japon exprime sa volont\u00e9 de mettre en place des partenariats dans ce domaine.<\/p>\n<p class=\"p3\">C\u2019est l\u2019ambassadeur du Japon, Kazuya Ogawa, re\u00e7u hier par le pr\u00e9sident de la commission des affaires \u00e9trang\u00e8res, de la coop\u00e9ration et de la communaut\u00e9 \u00e9tablie \u00e0 l\u2019\u00e9tranger \u00e0 l\u2019Assembl\u00e9e populaire nationale (APN), Abdelkader Abdellaoui, qui le fait savoir.<\/p>\n<p class=\"p3\">Selon un communiqu\u00e9 de l\u2019APN rendu public hier, le diplomate japonais, avec qui le pr\u00e9sident de la commission des affaires \u00e9trang\u00e8res a explor\u00e9 les voies et moyens du d\u00e9veloppement de la coop\u00e9ration bilat\u00e9rale dans tous les domaines, a r\u00e9it\u00e9r\u00e9 <em>\u00abl\u2019attachement de son pays au soutien des<\/em> <em>efforts visant la promotion de la coop\u00e9ration bilat\u00e9rale, l\u2019exploitation des opportunit\u00e9s d\u2019investissement en Alg\u00e9rie et la concr\u00e9tisation des projets de partenariat dans divers domaines, notamment l\u2019industrie automobile\u00bb<\/em>.<\/p>\n<p class=\"p3\">On sait qu\u2019un constructeur japonais \u00e9tait en pourparlers avec des partenaires alg\u00e9riens pour lancer un projet de production de v\u00e9hicules en Alg\u00e9rie, mais cela n\u2019a jamais \u00e9t\u00e9 r\u00e9alis\u00e9. Les conditions s\u2019y pr\u00eatent-elles aujourd\u2019hui que le gouvernement est en train de passer au crible tout ce qui a \u00e9t\u00e9 fait jusqu\u2019\u00e0 aujourd\u2019hui dans ce domaine et envisage de revoir de fond en comble la strat\u00e9gie nationale dans ce segment industriel\u00a0?<\/p>\n<p class=\"p3\">Un site d\u2019information en ligne a indiqu\u00e9 que des constructeurs ayant \u00e9t\u00e9 l\u00e9s\u00e9s par les pr\u00e9c\u00e9dents gouvernements ont \u00e9t\u00e9 re\u00e7us hier au minist\u00e8re de l\u2019Industrie, o\u00f9 le nouveau ministre est en passe d\u2019assainir le dossier de l\u2019automobile. Les sites d\u2019assemblage sont d\u2019ailleurs tous \u00e0 l\u2019arr\u00eat apr\u00e8s avoir \u00e9puis\u00e9 leurs stocks de kits CKD\/SKD.<\/p>\n<p class=\"p3\">Mais en attendant que le gouvernement d\u00e9cline sa nouvelle strat\u00e9gie, certains repr\u00e9sentants de marques \u00e9trang\u00e8res tentent de s\u2019accrocher vaille que vaille \u00e0 leur business. Le site en ligne El\u00a0Bilad a publi\u00e9, en d\u00e9but de semaine, une lettre adress\u00e9e au minist\u00e8re de l\u2019Industrie par le responsable Moyen-Orient-Afrique du Nord de KIA, dans laquelle il a \u00e9mis son souhait de continuer \u00e0 travailler avec Gloviz, le repr\u00e9sentant alg\u00e9rien de cette marque sud-cor\u00e9enne de voitures, qui n\u2019est autre que Hassan Larbaoui, condamn\u00e9 par le tribunal de Sidi M\u2019hamed, \u00e0 Alger, dans l\u2019affaire de montage de v\u00e9hicules, \u00e0 6 ans de prison ferme. Seulement, au minist\u00e8re de l\u2019Industrie, on nie l\u2019existence de cette correspondance, publi\u00e9e le 12 janvier par le journal en ligne El Bilad.<\/p>\n<p><span class=\"post-views-label\">Post Views:<\/span> <span class=\"post-views-count\">2\u00a0479<\/span><\/p>\n<p><br class=\"c2\"\/><\/p>\n<p>Auteur: Anis Khecheba<br \/>\n<a href=\"https:\/\/www.elwatan.com\/edition\/actualite\/le-japon-veut-investir-dans-lindustrie-automobile-16-01-2020\">Cliquez ici pour lire l&rsquo;article depuis sa source.<\/a><\/p>\n","protected":false},"excerpt":{"rendered":"<p>Au moment o\u00f9 le montage automobile est en pleine crise en Alg\u00e9rie, suite \u00e0 l\u2019\u00e9chec de mettre en place une v\u00e9ritable industrie, le Japon exprime sa volont\u00e9 de mettre en place des partenariats dans ce domaine. C\u2019est l\u2019ambassadeur du Japon, Kazuya Ogawa, re\u00e7u hier par le pr\u00e9sident de la commission des affaires \u00e9trang\u00e8res, de la [&hellip;]<\/p>\n","protected":false},"author":1743,"featured_media":73240,"comment_status":"closed","ping_status":"closed","sticky":false,"template":"","format":"standard","meta":{"fifu_image_url":"","fifu_image_alt":"","footnotes":""},"categories":[73,53],"tags":[],"class_list":["post-73239","post","type-post","status-publish","format-standard","has-post-thumbnail","hentry","category-actualite","category-algerie"],"_links":{"self":[{"href":"https:\/\/linitiative.ca\/International\/wp-json\/wp\/v2\/posts\/73239","targetHints":{"allow":["GET"]}}],"collection":[{"href":"https:\/\/linitiative.ca\/International\/wp-json\/wp\/v2\/posts"}],"about":[{"href":"https:\/\/linitiative.ca\/International\/wp-json\/wp\/v2\/types\/post"}],"author":[{"embeddable":true,"href":"https:\/\/linitiative.ca\/International\/wp-json\/wp\/v2\/users\/1743"}],"replies":[{"embeddable":true,"href":"https:\/\/linitiative.ca\/International\/wp-json\/wp\/v2\/comments?post=73239"}],"version-history":[{"count":0,"href":"https:\/\/linitiative.ca\/International\/wp-json\/wp\/v2\/posts\/73239\/revisions"}],"wp:featuredmedia":[{"embeddable":true,"href":"https:\/\/linitiative.ca\/International\/wp-json\/"}],"wp:attachment":[{"href":"https:\/\/linitiative.ca\/International\/wp-json\/wp\/v2\/media?parent=73239"}],"wp:term":[{"taxonomy":"category","embeddable":true,"href":"https:\/\/linitiative.ca\/International\/wp-json\/wp\/v2\/categories?post=73239"},{"taxonomy":"post_tag","embeddable":true,"href":"https:\/\/linitiative.ca\/International\/wp-json\/wp\/v2\/tags?post=73239"}],"curies":[{"name":"wp","href":"https:\/\/api.w.org\/{rel}","templated":true}]}}