{"id":73241,"date":"2020-01-16T04:07:06","date_gmt":"2020-01-16T09:07:06","guid":{"rendered":"https:\/\/linitiative.ca\/International\/les-avocats-denoncent-les-nouvelles-hausses-dimpots-la-protestation-des-robes-noires-largement-suivie\/"},"modified":"2020-01-16T04:07:06","modified_gmt":"2020-01-16T09:07:06","slug":"les-avocats-denoncent-les-nouvelles-hausses-dimpots-la-protestation-des-robes-noires-largement-suivie","status":"publish","type":"post","link":"https:\/\/linitiative.ca\/International\/les-avocats-denoncent-les-nouvelles-hausses-dimpots-la-protestation-des-robes-noires-largement-suivie\/","title":{"rendered":"Les avocats d\u00e9noncent les nouvelles hausses d\u2019imp\u00f4ts : La protestation des robes noires largement suivie"},"content":{"rendered":"<h4 class=\"title-14\"\/>\n<div class=\"featured_image\"><img loading=\"lazy\" decoding=\"async\" width=\"1000\" height=\"923\" src=\"https:\/\/www.elwatan.com\/wp-content\/uploads\/2020\/01\/avocats-col.gif\" class=\"attachment-post-thumbnail size-post-thumbnail wp-post-image\" alt=\"Les avocats d\u00e9noncent les nouvelles hausses d\u2019imp\u00f4ts : La protestation des robes noires largement suivie\"\/><\/div>\n<p class=\"p4\"><span class=\"s1\"><strong>L\u2019Union nationale des Ordres des avocats (UNOA) demande aux pouvoirs publics de surseoir \u00e0 cette mesure et de revenir au syst\u00e8me pr\u00e9c\u00e9dent, ou d\u2019adapter le syst\u00e8me fiscal propos\u00e9 par le syndicat.<\/strong><\/span><\/p>\n<p class=\"p4\"><span class=\"s1\"><strong>L<\/strong><\/span>\u2019Union nationale des Ordres des avocats (UNOA) a boycott\u00e9, hier, toutes les activit\u00e9s judiciaires \u00e0 travers toutes les wilayas du pays pour manifester sa col\u00e8re contre le syst\u00e8me de taxes et d\u2019imp\u00f4ts impos\u00e9s aux professions lib\u00e9rales par la loi de finances 2020.<\/p>\n<p class=\"p4\">Cette action a \u00e9t\u00e9 accompagn\u00e9e de sit-in devant les tribunaux. Le boycott des audiences a \u00e9t\u00e9 d\u00e9cid\u00e9 vendredi dernier, lors d\u2019une r\u00e9union o\u00f9 les robes noires ont qualifi\u00e9 d\u2019injustes et d\u2019injustifi\u00e9es ces nouvelles taxes. L\u2019Union demande aux pouvoirs publics de surseoir \u00e0 cette mesure et de revenir au syst\u00e8me pr\u00e9c\u00e9dent, ou d\u2019adapter le syst\u00e8me fiscal propos\u00e9 par le syndicat.<\/p>\n<p class=\"p4\">Apparemment, cette action de protestation, largement suivie selon ses animateurs, a eu l\u2019\u00e9cho escompt\u00e9 puisque les pouvoirs publics, par le biais de la direction des imp\u00f4ts, ont convi\u00e9 les responsables de l\u2019UNOA \u00e0 une r\u00e9union de travail pour aujourd\u2019hui. <em>\u00abNous allons faire des propositions plus appropri\u00e9es qui arrangeront les deux c\u00f4t\u00e9s\u00bb<\/em>, expliquent Salah Brahimi, b\u00e2tonnier de Tizi Ouzou.<\/p>\n<p class=\"p4\">Revenant aux motifs de ce d\u00e9brayage, M<sup>e<\/sup> Brahimi note que les nouvelles taxes (19% de TVA, 26% IRG, 2% de TAP, 15% Casnos) alourdissent consid\u00e9rablement les charges des avocats. <em>\u00abL\u2019ensemble de ces taxes d\u00e9passe 50% des rentr\u00e9es des avocats. De 2015 \u00e0 2019, la profession \u00e9tait soumise \u00e0 un imp\u00f4t forfaitaire de 12% sur le chiffre d\u2019affaires, dont elle s\u2019acquittait en tant que contribuable\u00bb<\/em>, affirme-t-il.<\/p>\n<p class=\"p4\">Cette nouvelle taxe, de l\u2019avis de notre interlocuteur, p\u00e9nalise beaucoup plus les nouveaux avocats, et elle aura aussi des r\u00e9percussions sur le citoyen qui verra les honoraires doubl\u00e9s. Il y a, selon M<sup>e<\/sup>\u00a0Brahimi, de jeunes avocats qui n\u2019arrivent m\u00eame pas \u00e0 payer leur loyer, et avec les nouvelles impositions, ils seront oblig\u00e9s de d\u00e9poser le bilan.<\/p>\n<p class=\"p4\"><em>\u00abLe pays traverse, certes, une p\u00e9riode difficile, mais le citoyen n\u2019est pas mieux loti. Pourquoi un avocat doit-il payer une TVA alors qu\u2019il n\u2019ach\u00e8te pas de produit destin\u00e9 \u00e0 la vente ?\u00bb<\/em> s\u2019est interrog\u00e9 M<sup>e<\/sup>\u00a0Brahimi, qui rappelle qu\u2019entre 2018 et 2019 l\u2019UNOA a propos\u00e9 a la Direction g\u00e9n\u00e9rale des imp\u00f4ts un syst\u00e8me plus au moins \u00e9quitable et qui est appliqu\u00e9 dans plusieurs pays du monde, notamment la retenue \u00e0 la source.<\/p>\n<p class=\"p4\">Mais la Direction des imp\u00f4ts n\u2019a pas valid\u00e9 cette suggestion. <em>\u00abL\u2019imp\u00f4t \u00e0 la source est un imp\u00f4t unifi\u00e9 que devront payer tous les avocats. C\u2019est une redevance que nous payons \u00e0 l\u2019avance et qui n\u2019expose pas l\u2019avocat \u00e0 la d\u00e9claration et au contr\u00f4le. En contrepartie, l\u2019Etat recouvre 100% des imp\u00f4ts sans possibilit\u00e9 de fraude fiscale, cet imp\u00f4t \u00e9tant pay\u00e9 \u00e0 l\u2019avance.<\/em><\/p>\n<p class=\"p4\"><em>Et dans ce cas, l\u2019avocat ne se soucie gu\u00e8re d\u2019un \u00e9ventuel redressement\u00bb<\/em>, explique M<sup>e<\/sup>\u00a0Brahimi, qui ne comprend pas pourquoi les pouvoirs publics n\u2019ont pas pris en compte cette proposition, qui pr\u00e9munira pourtant le pays des d\u00e9perditions et de la fraude, et ont opt\u00e9 pour une taxe qui ouvre la voie \u00e0 \u00abla triche\u00bb.<\/p>\n<p class=\"p4\"><em>\u00abLa profession traverse une p\u00e9riode difficile en imposant \u00e0 la profession d\u2019avocat un retour \u00e0 la TVA de 19%, plus en vigueur depuis longtemps, \u00e0 laquelle on a ajout\u00e9 2% de taxes sur l\u2019activit\u00e9 professionnelle, 26% de l\u2019IRG et 15% de cotisations vers\u00e9es \u00e0 la Casnos. Cela fait un total de 62% sur les recettes et b\u00e9n\u00e9fices, on veut tuer la profession\u00bb<\/em>, d\u00e9plore M<sup>e<\/sup>\u00a0Brahimi.<\/p>\n<p><span class=\"post-views-label\">Post Views:<\/span> <span class=\"post-views-count\">920<\/span><\/p>\n<p><br class=\"c2\"\/><\/p>\n<p>Auteur: Anis Khecheba<br \/>\n<a href=\"https:\/\/www.elwatan.com\/edition\/actualite\/la-protestation-des-robes-noires-largement-suivie-16-01-2020\">Cliquez ici pour lire l&rsquo;article depuis sa source.<\/a><\/p>\n","protected":false},"excerpt":{"rendered":"<p>L\u2019Union nationale des Ordres des avocats (UNOA) demande aux pouvoirs publics de surseoir \u00e0 cette mesure et de revenir au syst\u00e8me pr\u00e9c\u00e9dent, ou d\u2019adapter le syst\u00e8me fiscal propos\u00e9 par le syndicat. L\u2019Union nationale des Ordres des avocats (UNOA) a boycott\u00e9, hier, toutes les activit\u00e9s judiciaires \u00e0 travers toutes les wilayas du pays pour manifester sa [&hellip;]<\/p>\n","protected":false},"author":1743,"featured_media":73242,"comment_status":"closed","ping_status":"closed","sticky":false,"template":"","format":"standard","meta":{"fifu_image_url":"","fifu_image_alt":"","footnotes":""},"categories":[73,53],"tags":[],"class_list":["post-73241","post","type-post","status-publish","format-standard","has-post-thumbnail","hentry","category-actualite","category-algerie"],"_links":{"self":[{"href":"https:\/\/linitiative.ca\/International\/wp-json\/wp\/v2\/posts\/73241","targetHints":{"allow":["GET"]}}],"collection":[{"href":"https:\/\/linitiative.ca\/International\/wp-json\/wp\/v2\/posts"}],"about":[{"href":"https:\/\/linitiative.ca\/International\/wp-json\/wp\/v2\/types\/post"}],"author":[{"embeddable":true,"href":"https:\/\/linitiative.ca\/International\/wp-json\/wp\/v2\/users\/1743"}],"replies":[{"embeddable":true,"href":"https:\/\/linitiative.ca\/International\/wp-json\/wp\/v2\/comments?post=73241"}],"version-history":[{"count":0,"href":"https:\/\/linitiative.ca\/International\/wp-json\/wp\/v2\/posts\/73241\/revisions"}],"wp:featuredmedia":[{"embeddable":true,"href":"https:\/\/linitiative.ca\/International\/wp-json\/"}],"wp:attachment":[{"href":"https:\/\/linitiative.ca\/International\/wp-json\/wp\/v2\/media?parent=73241"}],"wp:term":[{"taxonomy":"category","embeddable":true,"href":"https:\/\/linitiative.ca\/International\/wp-json\/wp\/v2\/categories?post=73241"},{"taxonomy":"post_tag","embeddable":true,"href":"https:\/\/linitiative.ca\/International\/wp-json\/wp\/v2\/tags?post=73241"}],"curies":[{"name":"wp","href":"https:\/\/api.w.org\/{rel}","templated":true}]}}