{"id":73243,"date":"2020-01-16T04:08:50","date_gmt":"2020-01-16T09:08:50","guid":{"rendered":"https:\/\/linitiative.ca\/International\/classement-tarifaire-et-origine-des-marchandises-de-nouvelles-procedures-douanieres-des-mars-prochain\/"},"modified":"2020-01-16T04:08:50","modified_gmt":"2020-01-16T09:08:50","slug":"classement-tarifaire-et-origine-des-marchandises-de-nouvelles-procedures-douanieres-des-mars-prochain","status":"publish","type":"post","link":"https:\/\/linitiative.ca\/International\/classement-tarifaire-et-origine-des-marchandises-de-nouvelles-procedures-douanieres-des-mars-prochain\/","title":{"rendered":"Classement tarifaire et origine des marchandises : De nouvelles proc\u00e9dures douani\u00e8res d\u00e8s mars prochain"},"content":{"rendered":"<h4 class=\"title-14\"\/>\n<div class=\"featured_image\"><img loading=\"lazy\" decoding=\"async\" width=\"1000\" height=\"690\" src=\"https:\/\/www.elwatan.com\/wp-content\/uploads\/2020\/01\/Port.gif\" class=\"attachment-post-thumbnail size-post-thumbnail wp-post-image\" alt=\"Classement tarifaire et origine des marchandises : De nouvelles proc\u00e9dures douani\u00e8res d\u00e8s mars prochain\"\/><\/div>\n<p class=\"p4\"><span class=\"s1\"><strong>La nouvelle proc\u00e9dure a \u00e9t\u00e9 explicit\u00e9e hier, lors d\u2019une conf\u00e9rence organis\u00e9e \u00e0 Alger, en direction des op\u00e9rateurs \u00e9conomiques et des commissionnaires en douane.<\/strong><\/span><\/p>\n<p class=\"p4\"><span class=\"s1\"><strong>L<\/strong><\/span><span class=\"s1\">es services des Douanes pr\u00e9parent activement l\u2019application, d\u00e8s mars 2020, de la nouvelle proc\u00e9dure douani\u00e8re sur les d\u00e9cisions anticip\u00e9es en mati\u00e8re de classement tarifaire et d\u2019origine des marchandises, devant remplacer le renseignement tarifaire \u00abD40\u00bb, un document relatif au classement tarifaire de la marchandise dont l\u2019importation ou l\u2019exportation est envisag\u00e9e, en vue de la d\u00e9termination de la taxation applicable et les diverses r\u00e9glementations y aff\u00e9rentes, qu\u2019elles soient sanitaires, techniques, mesures de protection du march\u00e9, etc.<\/span><\/p>\n<p class=\"p7\"><span class=\"s1\">Selon les services des Douanes, <em>\u00abcette nouvelle proc\u00e9dure, recommand\u00e9e par l\u2019Organisation mondiale des douanes (OMD), s\u2019inscrit dans le cadre de la poursuite des efforts fournis par l\u2019administration des douanes pour s\u2019adapter aux standards et normes internationaux, et r\u00e9pondre aux exigences du commerce international \u00e0 travers l\u2019octroi de facilitations aux op\u00e9rateurs et le renforcement du partenariat douane -entreprise\u00bb.<\/em><\/span><\/p>\n<p class=\"p7\"><span class=\"s1\">La nouvelle proc\u00e9dure a \u00e9t\u00e9 explicit\u00e9e hier, lors d\u2019une conf\u00e9rence organis\u00e9e \u00e0 Alger, en direction des op\u00e9rateurs \u00e9conomiques et des commissionnaires en douane. La vulgarisation de la nouvelle proc\u00e9dure, qui sera \u00e9tendue prochainement aux diff\u00e9rents services des Douanes, est pr\u00e9vue par \u00abl\u2019article 50 ter du code des douanes\u00bb, dont les modalit\u00e9s d\u2019application sont fix\u00e9es par \u00able d\u00e9cret ex\u00e9cutif n\u00b018-165 du 14 juin 2018\u00bb.<\/span><\/p>\n<p class=\"p7\"><span class=\"s1\">Selon le directeur g\u00e9n\u00e9ral des Douanes, Mohammed Ouaret, qui s\u2019exprimait hier, en marge de la journ\u00e9e d\u2019information, <em>\u00abun projet de circulaire est \u00e9galement en cours d\u2019\u00e9laboration\u00bb<\/em> pour mettre en application la nouvelle r\u00e9glementation. Pour sa part, Saci Toufik, directeur de la fiscalit\u00e9 et des bases de taxation, au niveau de la direction g\u00e9n\u00e9rale des Douanes, a longuement expliqu\u00e9, hier, la nouvelle proc\u00e9dure, estimant qu\u2019 <em>\u00ab elle permettra d\u2019aider les op\u00e9rateurs \u00e9conomiques \u00e0 \u00e9viter tout risque de fausse d\u00e9claration et de litiges avec les services des douanes\u00bb.<\/em><\/span><\/p>\n<p class=\"p7\"><span class=\"s1\">Il rappellera que la nouvelle proc\u00e9dure qui annule le D40, <em>\u00abd\u00e9marche assez lourde\u00bb<\/em>, selon lui, <em>\u00abpermettra de mieux encadrer \u00e0 l\u2019avenir les op\u00e9rations d\u2019importation et d\u2019exportation envisag\u00e9es par les op\u00e9rateurs\u00bb<\/em>. Ainsi, selon les services des Douanes, la nouvelle r\u00e9glementation <em>\u00abpermet aux op\u00e9rateurs \u00e9conomiques d\u2019obtenir des renseignements contraignants sur le classement tarifaire de leurs produits (RTC) ou sur leur origine (RCD), avant enregistrement de la d\u00e9claration en douane pour les op\u00e9rations d\u2019importation ou d\u2019exportation, ce qui \u00e9vitera des diff\u00e9rends avec l\u2019administration des Douanes\u00bb<\/em>.<\/span><\/p>\n<p class=\"p7\"><span class=\"s1\">La m\u00eame source pr\u00e9cise, par ailleurs, que l\u2019objectif de cette proc\u00e9dure est <em>\u00abde promouvoir la facilitation des \u00e9changes, d\u2019assurer l\u2019\u00e9galit\u00e9 de traitement entre op\u00e9rateurs, de s\u00e9curiser leurs op\u00e9rations et de fluidifier le d\u00e9douanement, \u00e0 travers l\u2019accompagnement des entreprises dans leur travail de classement tarifaire et de d\u00e9termination de l\u2019origine\u00bb<\/em>.<\/span><\/p>\n<p class=\"p7\"><span class=\"s1\">Pour la Direction g\u00e9n\u00e9rale des Douanes, <em>\u00ables d\u00e9cisions prises dans ce cadre permettent \u00e0 leurs titulaires de s\u00e9curiser leurs \u00e9changes, ce qui augmente ainsi la certitude et la pr\u00e9visibilit\u00e9 du commerce international, et permet de les aider \u00e0 prendre des d\u00e9cisions commerciales judicieuses fond\u00e9es sur leurs d\u00e9cisions juridiquement contraignantes\u00bb. <span class=\"Apple-converted-space\">\u00a0 \u00a0\u00a0<\/span><\/em><\/span><\/p>\n<p><span class=\"post-views-label\">Post Views:<\/span> <span class=\"post-views-count\">2\u00a0308<\/span><\/p>\n<p><br class=\"c2\"\/><\/p>\n<p>Auteur: Anis Khecheba<br \/>\n<a href=\"https:\/\/www.elwatan.com\/a-la-une\/de-nouvelles-procedures-douanieres-des-mars-prochain-16-01-2020\">Cliquez ici pour lire l&rsquo;article depuis sa source.<\/a><\/p>\n","protected":false},"excerpt":{"rendered":"<p>La nouvelle proc\u00e9dure a \u00e9t\u00e9 explicit\u00e9e hier, lors d\u2019une conf\u00e9rence organis\u00e9e \u00e0 Alger, en direction des op\u00e9rateurs \u00e9conomiques et des commissionnaires en douane. Les services des Douanes pr\u00e9parent activement l\u2019application, d\u00e8s mars 2020, de la nouvelle proc\u00e9dure douani\u00e8re sur les d\u00e9cisions anticip\u00e9es en mati\u00e8re de classement tarifaire et d\u2019origine des marchandises, devant remplacer le renseignement [&hellip;]<\/p>\n","protected":false},"author":1743,"featured_media":73244,"comment_status":"closed","ping_status":"closed","sticky":false,"template":"","format":"standard","meta":{"fifu_image_url":"","fifu_image_alt":"","footnotes":""},"categories":[73,53],"tags":[],"class_list":["post-73243","post","type-post","status-publish","format-standard","has-post-thumbnail","hentry","category-actualite","category-algerie"],"_links":{"self":[{"href":"https:\/\/linitiative.ca\/International\/wp-json\/wp\/v2\/posts\/73243","targetHints":{"allow":["GET"]}}],"collection":[{"href":"https:\/\/linitiative.ca\/International\/wp-json\/wp\/v2\/posts"}],"about":[{"href":"https:\/\/linitiative.ca\/International\/wp-json\/wp\/v2\/types\/post"}],"author":[{"embeddable":true,"href":"https:\/\/linitiative.ca\/International\/wp-json\/wp\/v2\/users\/1743"}],"replies":[{"embeddable":true,"href":"https:\/\/linitiative.ca\/International\/wp-json\/wp\/v2\/comments?post=73243"}],"version-history":[{"count":0,"href":"https:\/\/linitiative.ca\/International\/wp-json\/wp\/v2\/posts\/73243\/revisions"}],"wp:featuredmedia":[{"embeddable":true,"href":"https:\/\/linitiative.ca\/International\/wp-json\/"}],"wp:attachment":[{"href":"https:\/\/linitiative.ca\/International\/wp-json\/wp\/v2\/media?parent=73243"}],"wp:term":[{"taxonomy":"category","embeddable":true,"href":"https:\/\/linitiative.ca\/International\/wp-json\/wp\/v2\/categories?post=73243"},{"taxonomy":"post_tag","embeddable":true,"href":"https:\/\/linitiative.ca\/International\/wp-json\/wp\/v2\/tags?post=73243"}],"curies":[{"name":"wp","href":"https:\/\/api.w.org\/{rel}","templated":true}]}}