{"id":73245,"date":"2020-01-16T04:09:31","date_gmt":"2020-01-16T09:09:31","guid":{"rendered":"https:\/\/linitiative.ca\/International\/abane-a-sauve-la-sensibilite-badissienne-dune-eradication-programmee\/"},"modified":"2020-01-16T04:09:31","modified_gmt":"2020-01-16T09:09:31","slug":"abane-a-sauve-la-sensibilite-badissienne-dune-eradication-programmee","status":"publish","type":"post","link":"https:\/\/linitiative.ca\/International\/abane-a-sauve-la-sensibilite-badissienne-dune-eradication-programmee\/","title":{"rendered":"\u00abAbane a sauv\u00e9 la sensibilit\u00e9 \u00a0\u00bbbadissienne\u00a0\u00bb d\u2019une \u00e9radication programm\u00e9e\u00bb"},"content":{"rendered":"<h4 class=\"title-14\">Bela\u00efd Abane. Professeur des universit\u00e9s en m\u00e9decine, politologue, auteur<\/h4>\n<div class=\"featured_image\"><img loading=\"lazy\" decoding=\"async\" width=\"600\" height=\"794\" src=\"https:\/\/www.elwatan.com\/wp-content\/uploads\/2020\/01\/Abane-Belaid.gif\" class=\"attachment-post-thumbnail size-post-thumbnail wp-post-image\" alt=\"Bela\u00efd Abane\"\/><\/div>\n<p class=\"p4\"><strong>Chercheur en histoire, auteur de plusieurs livres sur l\u2019histoire nationale, Abane Bela\u00efd revient dans cet entretien sur la pol\u00e9mique provoqu\u00e9e par les propos du d\u00e9sormais ex-directeur de la culture de M\u2019sila. Commentant la d\u00e9cision de la mise sous mandat de d\u00e9p\u00f4t du fonctionnaire ind\u00e9licat, il pr\u00e9cise : <em>\u00abLa justice suivra son cours. Faut-il se r\u00e9jouir de cette r\u00e9action rapide et s\u00e9v\u00e8re des autorit\u00e9s ? Bien \u00e9videmment, car si on laisse passer de telles atteintes haineuses \u00e0 l\u2019encontre de notre m\u00e9moire et de notre histoire, c\u2019est la porte ouverte \u00e0 la guerre de tous contre tous, pr\u00e9lude \u00e0 la d\u00e9sint\u00e9gration nationale.\u00bb<\/em><\/strong><\/p>\n<p class=\"p6\"><em><strong>\u2013 Le directeur de la culture de M\u2019sila s\u2019est distingu\u00e9 par un grave d\u00e9rapage. Dans un post publi\u00e9 sur sa page Facebook, il a qualifi\u00e9 Abane Ramdane de \u00abgrand tra\u00eetre\u00bb \u00e0 la R\u00e9volution, consid\u00e9rant le Congr\u00e8s de la Soummam comme un \u00abcoup d\u2019Etat contre la volont\u00e9 du peuple\u00bb. Une r\u00e9action ?<\/strong><\/em><\/p>\n<p class=\"p6\">C\u2019est un euph\u00e9misme de parler de d\u00e9rapage. Le monsieur en question n\u2019a m\u00eame pas jug\u00e9 convenable d\u2019att\u00e9nuer la virulence de ses propos sur Abane. A-t-il pens\u00e9 \u00e0 sa famille, \u00e0 ces millions d\u2019Alg\u00e9riens qui ont scand\u00e9 son nom et arbor\u00e9 fi\u00e8rement son portrait ? A-t-il imagin\u00e9 l\u2019effet d\u00e9vastateur sur lui-m\u00eame et sa propre famille si on attribuait ind\u00fbment de telles turpitudes \u00e0 son p\u00e8re ou \u00e0 son grand-p\u00e8re\u00a0?<\/p>\n<p class=\"p6\">Abane, <em>\u00abagent de la France, grand tra\u00eetre\u2026\u00bb<\/em> Rien que cela. Rien ne lui a \u00e9t\u00e9 \u00e9pargn\u00e9, lui qui a vou\u00e9 sa vie d\u00e8s l\u2019adolescence \u00e0 la cause nationale. Lui qui a rassembl\u00e9 sans exclusive le peuple alg\u00e9rien dans toutes ses sensibilit\u00e9s politiques, y compris la sensibilit\u00e9 \u00abbadissienne\u00bb, qu\u2019il a sauv\u00e9e d\u2019une \u00e9radication programm\u00e9e en l\u2019int\u00e9grant au FLN et en lui conf\u00e9rant la vertu r\u00e9volutionnaire.<\/p>\n<p class=\"p6\">Cette sensibilit\u00e9 badissienne dont on se targue aujourd\u2019hui pour diaboliser la Soummam, qui lui a pourtant permis d\u2019exister organiquement dans la R\u00e9volution. Comment a-t-on pu nommer \u00e0 un poste de directeur de la culture un fonctionnaire \u2013\u00a0un dialoguiste de cin\u00e9ma, dit-on \u2013 qui d\u2019\u00e9vidence ne poss\u00e8de aucune culture et qui ignore l\u2019histoire de la Guerre de Lib\u00e9ration jusque dans ses \u00e9tapes les plus essentielles.<\/p>\n<p class=\"p6\">Ce monsieur qui pense que l\u2019Alg\u00e9rie de 1956 avait un Etat, reposant sur une <em>\u00abvolont\u00e9 populaire\u00bb,<\/em> et attribue \u00e0 Abane (et pourquoi \u00e0 lui seul alors\u00a0?) la faute d\u2019avoir perp\u00e9tr\u00e9 un coup d\u2019Etat contre un Etat qui n\u2019existait pas et un peuple ni\u00e9 par la colonisation et \u00e9cras\u00e9 par le rouleau compresseur de la \u00abpacification\u00bb. Comment peut-on \u00eatre ignorant \u00e0 ce point ?<\/p>\n<p class=\"p6\">L\u2019ignorance, en effet, mais aussi la haine, le dogmatisme et l\u2019enfermement id\u00e9ologique sont les causes qui g\u00e9n\u00e8rent ce genre d\u2019individus et les am\u00e8nent \u00e0 tenir de pareils propos. Il y a aussi l\u2019impunit\u00e9 dont il \u00e9tait assur\u00e9, comme l\u2019\u00e9taient tous les pr\u00eacheurs de haine, les racistes et ceux qui travaillent \u00e0 la division du peuple alg\u00e9rien pour pr\u00e9server et consolider les int\u00e9r\u00eats et les positions de leurs commanditaires au sein de l\u2019appareil d\u2019Etat.<\/p>\n<p class=\"p6\"><em><strong>\u2013 Ce directeur a \u00e9t\u00e9 limog\u00e9 par la pr\u00e9sidence de la R\u00e9publique et a m\u00eame \u00e9t\u00e9 plac\u00e9 en d\u00e9tention apr\u00e8s ses propos haineux\u2026 Il est \u00e0 rappeler que le pr\u00e9sident Tebboune a instruit dans ce contexte son Premier ministre, Abdelaziz Djerad, d\u2019\u00e9laborer un projet de loi criminalisant toute forme de racisme, de r\u00e9gionalisme et de discours de haine dans le pays. Un commentaire sur ces d\u00e9cisions ?<\/strong><\/em><\/p>\n<p class=\"p6\">Ce fonctionnaire indigne de sa fonction a en effet \u00e9t\u00e9 interpell\u00e9 lundi dans la matin\u00e9e. L\u2019Association Abane Ramdane pour la m\u00e9moire et l\u2019histoire a d\u00e9pos\u00e9 une plainte mardi matin. Le mis en cause n\u2019a pas ni\u00e9 ses propos. Il a simplement dit qu\u2019il avait utilis\u00e9 son compte Facebook personnel. En fin de matin\u00e9e, les services de s\u00e9curit\u00e9 l\u2019ont pr\u00e9sent\u00e9 devant le procureur, qui a sign\u00e9 son mandat de d\u00e9p\u00f4t.<\/p>\n<p class=\"p6\">Le mis en cause est poursuivi pour \u00abatteinte \u00e0 l\u2019int\u00e9r\u00eat national, aux symboles de la R\u00e9volution et \u00e0 l\u2019unit\u00e9 nationale\u00bb. La justice suivra son cours. Faut-il se r\u00e9jouir de cette r\u00e9action rapide et s\u00e9v\u00e8re des autorit\u00e9s ? Bien \u00e9videmment, car si on laisse passer de telles atteintes haineuses \u00e0 l\u2019encontre de notre m\u00e9moire et de notre histoire, c\u2019est la porte ouverte \u00e0 la guerre de tous contre tous, pr\u00e9lude \u00e0 la d\u00e9sint\u00e9gration nationale.<\/p>\n<p class=\"p6\">Nous prenons donc acte de la volont\u00e9 des autorit\u00e9s d\u2019assainir le climat d\u00e9l\u00e9t\u00e8re qui semble avoir pris racine dans les arcanes du syst\u00e8me, si m\u00eame il n\u2019a pas \u00e9t\u00e9 encourag\u00e9. N\u00e9anmoins, si la volont\u00e9 politique est r\u00e9elle et se traduit dans un texte juridique fort, clair et sans ambages, elle peut \u00eatre un garde-fou qui limitera d\u00e9rives et d\u00e9rapages, \u00e0 condition que soit mis fin aux perp\u00e9tuelles manipulations dont le syst\u00e8me use et abuse pour discr\u00e9diter le mouvement populaire afin de se perp\u00e9tuer, au risque de diviser le pays.<\/p>\n<p class=\"p6\">Il est encore temps, si on veut pr\u00e9server la coh\u00e9sion nationale, de mettre fin aux discours de haine raciste, dangereusement charg\u00e9e d\u2019\u00e9puration ethnique, tenus par des mercenaires connus et stipendi\u00e9s, ou plus grave par des personnalit\u00e9s publiques assur\u00e9es de l\u2019impunit\u00e9.<\/p>\n<p class=\"p6\">Et il n\u2019y a pas longtemps, on arr\u00eatait et emprisonnait pour des actes et des propos anodins des jeunes gens, des militants de la d\u00e9mocratie, un r\u00e9volutionnaire valeureux de la premi\u00e8re heure. C\u2019est une iniquit\u00e9 qui laissera une tache noire ind\u00e9l\u00e9bile dans l\u2019histoire d\u2019un syst\u00e8me qui \u00e9touffe la souverainet\u00e9 populaire depuis les origines.<\/p>\n<p class=\"p6\"><em><strong>\u2013 Aux antipodes de ces attaques, propag\u00e9es par certains cercles, le mouvement populaire c\u00e9l\u00e8bre le combat du fils d\u2019Azouza. Son portrait est arbor\u00e9 en milliers d\u2019exemplaires. Le hirak s\u2019est m\u00eame appropri\u00e9 l\u2019un des principes cardinaux du Congr\u00e8s de la Soummam : la primaut\u00e9 du politique sur le militaire. Comment expliquez-vous le retour en force dans le d\u00e9bat public d\u2019un homme que l\u2019historiographie officielle s\u2019est pourtant ing\u00e9ni\u00e9e \u00e0 effacer de la m\u00e9moire alg\u00e9rienne ?<\/strong><\/em><\/p>\n<p class=\"p6\">On a vu en effet, depuis plusieurs mois, le peuple en mouvement revendiquer la primaut\u00e9 du politique sur le militaire face \u00e0 un chef d\u2019\u00e9tat-major emmur\u00e9 dans le d\u00e9ni d\u2019une volont\u00e9 populaire exprim\u00e9e dans la rue par des millions d\u2019Alg\u00e9riens. La place de l\u2019arm\u00e9e et le mirage de l\u2019Etat civil constituent le c\u0153ur du probl\u00e8me qui ronge le syst\u00e8me de pouvoir alg\u00e9rien et bride l\u2019\u00e9volution du pays vers la modernit\u00e9, la d\u00e9mocratie et le progr\u00e8s social.<\/p>\n<p class=\"p6\">Les Alg\u00e9riens ont maintenant compris que la manipulation de l\u2019histoire ne prend plus. Ils sont all\u00e9s puiser eux-m\u00eames les r\u00e9f\u00e9rences politiques en mesure de baliser le cours d\u2019un v\u00e9ritable processus d\u00e9mocratique. Ils ont trouv\u00e9 dans la Plateforme de la Soummam les bases de leurs revendications nettement exprim\u00e9es d\u00e9j\u00e0 en pleine guerre face \u00e0 l\u2019imposante machine de feu coloniale.<\/p>\n<p class=\"p6\">L\u2019Etat civil et la primaut\u00e9 de la raison politique \u00e9taient d\u00e9j\u00e0 pos\u00e9s par les soummamiens, notamment par Abane et Ben M\u2019hidi, comme une garantie d\u2019avenir. Il s\u2019agissait en effet de pr\u00e9munir l\u2019Etat et la nation contre toute volont\u00e9 d\u2019h\u00e9g\u00e9monisme port\u00e9e par des clans militaires. La mise \u00e0 bas des principes politiques soummamiens en ao\u00fbt 1957 a permis l\u2019\u00e9mergence de l\u2019esprit de domination, puis le coup de force de l\u2019arm\u00e9e des fronti\u00e8res en 1962. Le syst\u00e8me perdure \u00e0 nos jours. Normal donc que Abane ait \u00e9t\u00e9 effac\u00e9 de la m\u00e9moire politique alg\u00e9rienne.<\/p>\n<p class=\"p6\">Normal \u00e9galement qu\u2019il revienne aujourd\u2019hui en force comme antith\u00e8se du syst\u00e8me fond\u00e9 sur la pr\u00e9\u00e9minence militaire, et qu\u2019il soit port\u00e9 par une immense vague populaire. Rappelons que ce m\u00eame syst\u00e8me avait lui aussi, pour ses besoins de p\u00e9rennisation, fait appel au 1<sup>er\u00a0<\/sup>Novembre, mais aussi \u00e0 la Soummam et \u00e0 la vision politique moderne de Abane, dans une tentative malicieuse de faire contrepoids \u00e0 la mont\u00e9e de l\u2019islamisme politique au d\u00e9but des ann\u00e9es 1990.<\/p>\n<p class=\"p6\"><em><strong>\u2013 L\u2019\u00e9lection pr\u00e9sidentielle s\u2019est tenue malgr\u00e9 une tr\u00e8s forte contestation populaire. Le hirak a d\u00e9nonc\u00e9 \u00abun coup de force\u00bb et continue de r\u00e9clamer un changement radical. Quelle lecture faites-vous de la situation actuelle du pays ?<\/strong><\/em><\/p>\n<p class=\"p6\">L\u2019\u00e9lection pr\u00e9sidentielle d\u00e9cid\u00e9e, programm\u00e9e et organis\u00e9e par le pouvoir militaire s\u2019est tenue le 12 d\u00e9cembre dernier contre la volont\u00e9 populaire massivement exprim\u00e9e dans la rue. Autre coup de force, les r\u00e9sultats fantaisistes du scrutin (participation massivement sur\u00e9valu\u00e9e, \u00e9lection incongrue au premier tour d\u2019un candidat avec une majorit\u00e9 de 58%, silence oblig\u00e9 des candidats \u00e9vinc\u00e9s\u2026) montrent \u00e0 l\u2019\u00e9vidence que la \u00abd\u00e9signation\u00bb fut concoct\u00e9e au sein d\u2019un cabinet militaire auquel feu l\u2019ancien chef d\u2019\u00e9tat-major avait impos\u00e9 ses vues.<\/p>\n<p class=\"p6\">Aussi, le hirak n\u2019\u00e9tant pas dupe, il continue de revendiquer l\u00e9gitimement une p\u00e9riode de transition pour un r\u00e9el changement de syst\u00e8me et non pas une simple permutation de clans, tel que le donnent \u00e0 voir les n\u00e9o-pratiques de l\u2019entre-soi et la reconduction des r\u00e9flexes archa\u00efques de pouvoir, notamment la nomination d\u2019un gouvernement d\u2019une quarantaine de membres pour satisfaire des coteries diverses et vari\u00e9es dans un pays \u00e9conomiquement au bord du gouffre. L\u2019autre cons\u00e9quence est que pour le nouveau Pr\u00e9sident, dont la l\u00e9gitimit\u00e9 est tenue en laisse par le pouvoir r\u00e9el qui l\u2019a adoub\u00e9, la marge de man\u0153uvre est pour le moment celle d\u2019un long couloir \u00e9troit.<\/p>\n<p class=\"p6\">Aurait-on pu faire autrement ? Oui ! Je le redis ici, en d\u00e9pit de tous les appels \u00e0 la raison, l\u2019arm\u00e9e sous la direction de feu Ga\u00efd Salah a rat\u00e9 une occasion en or d\u2019appara\u00eetre comme le moteur de l\u2019histoire qui aurait accompagn\u00e9 la r\u00e9volution pacifique vers les rivages de la modernit\u00e9 et de la d\u00e9mocratie, que r\u00e9clame \u00e0 cor et \u00e0 cri le mouvement populaire. Sa place et son prestige auraient grandi dans le c\u0153ur des Alg\u00e9riens et dans l\u2019opinion internationale. Au lieu de cela, poussi\u00e8re sous le tapis et \u00e7a repart avec les vieilles recettes jusqu\u2019aux prochaines turbulences. Les responsables militaires alg\u00e9riens sont-ils \u00e0 ce point de si mauvais \u00e9l\u00e8ves en mati\u00e8re politique ?<\/p>\n<p class=\"p6\"><em><strong>\u2013 Le pr\u00e9sident Tebboune a parl\u00e9 de \u00abtendre la main\u00bb au hirak. Des consultations sont men\u00e9es en vue de la r\u00e9daction rapide d\u2019une nouvelle Constitution. Cela suffira-t-il pour en finir avec la crise du r\u00e9gime ?<\/strong><\/em><\/p>\n<p class=\"p6\">D\u2019abord, la personnalit\u00e9 de Abdelmadjid Tebboune n\u2019est pas en cause. Elle peut m\u00eame appara\u00eetre touchante \u00e0 certains \u00e9gards lorsqu\u2019il eut maille \u00e0 partir avec les oligarques et l\u2019entourage de Bouteflika en osant d\u00e9noncer \u00e0 raison \u00abl\u2019\u00e9conomie confetti\u00bb qui a appauvri le pays en d\u00e9pit des recettes p\u00e9troli\u00e8res mirobolantes de ces 20 ann\u00e9es de r\u00e8gne de l\u2019ancien Pr\u00e9sident.<\/p>\n<p class=\"p6\">Ce qui pose probl\u00e8me, c\u2019est la violation politique qui l\u2019a fait Pr\u00e9sident. Aussi, M. Tebboune n\u2019aura de cesse que de reconqu\u00e9rir la l\u00e9gitimit\u00e9 populaire qui lui fait d\u00e9faut. Y arrivera-t-il en tendant la main au hirak et \u00e0 des personnalit\u00e9s du monde politique \u00a0? Que donnera-t-il du reste qui n\u2019ait d\u00e9j\u00e0 \u00e9t\u00e9 planifi\u00e9 par le pouvoir r\u00e9el ?<\/p>\n<p class=\"p6\">Le hirak lui-m\u00eame se r\u00e9soudra-t-il \u00e0 avaliser un double coup de force politique en abandonnant dans le cagibi des pertes et profits une ann\u00e9e de lutte pacifique et de l\u00e9gitimes revendications ? Il est \u00e9galement question d\u2019une nouvelle Constitution. C\u2019est une bonne chose, m\u00eame si la Constitution ne vaut que par l\u2019application qui en est faite, ce que l\u2019histoire du pays a montr\u00e9 magistralement, notamment ces derniers temps. Mais ce n\u2019est pas le probl\u00e8me, car la Constitution n\u2019est que l\u2019aspect technique et juridique du changement de syst\u00e8me attendu.<\/p>\n<p class=\"p6\">Le probl\u00e8me fondamental du pays est profond\u00e9ment politique : c\u2019est la place de l\u2019arm\u00e9e dans le syst\u00e8me de pouvoir, celle de la religion, l\u2019instrumentalisation de l\u2019histoire et des identit\u00e9s \u00e0 des fins politiques. Bref, il s\u2019agit de d\u00e9finir politiquement et bien s\u00fbr juridiquement les voies et moyens pour aller au pouvoir et y rester et aussi comment doivent \u00eatre produites et r\u00e9parties \u00e9quitablement les richesses du pays.<\/p>\n<p class=\"p6\">Tout cela est l\u2019affaire d\u2019une transition politique qui mettra en place un syst\u00e8me de garde-fous (une charte des droits et des devoirs que nous avions propos\u00e9e il y a quelques mois) pour r\u00e9gir la vie politique du pays. Mais on peut difficilement imaginer le pouvoir militaire revenir sur ses certitudes et Abdelmadjid Tebboune remettre les compteurs du pouvoir \u00e0 z\u00e9ro. Par ailleurs, le hirak n\u2019est pas pr\u00eat de baisser les bras et il est fort \u00e0 parier qu\u2019il restera vent debout jusqu\u2019\u00e0 la satisfaction de ses l\u00e9gitimes revendications.<\/p>\n<p><span class=\"post-views-label\">Post Views:<\/span> <span class=\"post-views-count\">4\u00a0070<\/span><\/p>\n<p><br class=\"c2\"\/><\/p>\n<p>Auteur: Anis Khecheba<br \/>\n<a href=\"https:\/\/www.elwatan.com\/edition\/actualite\/abane-a-sauve-la-sensibilite-badissienne-dune-eradication-programmee-16-01-2020\">Cliquez ici pour lire l&rsquo;article depuis sa source.<\/a><\/p>\n","protected":false},"excerpt":{"rendered":"<p>Bela\u00efd Abane. Professeur des universit\u00e9s en m\u00e9decine, politologue, auteur Chercheur en histoire, auteur de plusieurs livres sur l\u2019histoire nationale, Abane Bela\u00efd revient dans cet entretien sur la pol\u00e9mique provoqu\u00e9e par les propos du d\u00e9sormais ex-directeur de la culture de M\u2019sila. Commentant la d\u00e9cision de la mise sous mandat de d\u00e9p\u00f4t du fonctionnaire ind\u00e9licat, il pr\u00e9cise [&hellip;]<\/p>\n","protected":false},"author":1743,"featured_media":73246,"comment_status":"closed","ping_status":"closed","sticky":false,"template":"","format":"standard","meta":{"fifu_image_url":"","fifu_image_alt":"","footnotes":""},"categories":[73,53],"tags":[],"class_list":["post-73245","post","type-post","status-publish","format-standard","has-post-thumbnail","hentry","category-actualite","category-algerie"],"_links":{"self":[{"href":"https:\/\/linitiative.ca\/International\/wp-json\/wp\/v2\/posts\/73245","targetHints":{"allow":["GET"]}}],"collection":[{"href":"https:\/\/linitiative.ca\/International\/wp-json\/wp\/v2\/posts"}],"about":[{"href":"https:\/\/linitiative.ca\/International\/wp-json\/wp\/v2\/types\/post"}],"author":[{"embeddable":true,"href":"https:\/\/linitiative.ca\/International\/wp-json\/wp\/v2\/users\/1743"}],"replies":[{"embeddable":true,"href":"https:\/\/linitiative.ca\/International\/wp-json\/wp\/v2\/comments?post=73245"}],"version-history":[{"count":0,"href":"https:\/\/linitiative.ca\/International\/wp-json\/wp\/v2\/posts\/73245\/revisions"}],"wp:featuredmedia":[{"embeddable":true,"href":"https:\/\/linitiative.ca\/International\/wp-json\/"}],"wp:attachment":[{"href":"https:\/\/linitiative.ca\/International\/wp-json\/wp\/v2\/media?parent=73245"}],"wp:term":[{"taxonomy":"category","embeddable":true,"href":"https:\/\/linitiative.ca\/International\/wp-json\/wp\/v2\/categories?post=73245"},{"taxonomy":"post_tag","embeddable":true,"href":"https:\/\/linitiative.ca\/International\/wp-json\/wp\/v2\/tags?post=73245"}],"curies":[{"name":"wp","href":"https:\/\/api.w.org\/{rel}","templated":true}]}}