{"id":73247,"date":"2020-01-16T04:25:48","date_gmt":"2020-01-16T09:25:48","guid":{"rendered":"https:\/\/linitiative.ca\/International\/les-figures-historiques-au-centre-denjeux-politiques-ces-symboles-qui-hantent-le-present\/"},"modified":"2020-01-16T04:25:48","modified_gmt":"2020-01-16T09:25:48","slug":"les-figures-historiques-au-centre-denjeux-politiques-ces-symboles-qui-hantent-le-present","status":"publish","type":"post","link":"https:\/\/linitiative.ca\/International\/les-figures-historiques-au-centre-denjeux-politiques-ces-symboles-qui-hantent-le-present\/","title":{"rendered":"Les figures historiques au centre d\u2019enjeux politiques : Ces symboles qui hantent le pr\u00e9sent"},"content":{"rendered":"<h4 class=\"title-14\"\/>\n<div class=\"featured_image\"><img loading=\"lazy\" decoding=\"async\" width=\"800\" height=\"397\" src=\"https:\/\/www.elwatan.com\/wp-content\/uploads\/2020\/01\/UNEEEEE-2.gif\" class=\"attachment-post-thumbnail size-post-thumbnail wp-post-image\" alt=\"Les figures historiques au centre d\u2019enjeux politiques : Ces symboles qui hantent le pr\u00e9sent\"\/><\/div>\n<p class=\"p1\"><span class=\"s1\"><strong>L<\/strong><\/span>\u2019affaire du directeur de la culture de la wilaya de M\u2019sila, Rabah Drif, et surtout sa mise, avant-hier, en d\u00e9tention provisoire ont suscit\u00e9 moult r\u00e9actions.<\/p>\n<p class=\"p1\">Si ses propos diffamatoires envers l\u2019un des h\u00e9ros de la Guerre de Lib\u00e9ration nationale, en l\u2019occurrence Abane Ramdane, ont \u00e9t\u00e9 unanimement d\u00e9nonc\u00e9s \u2013 la famille de ce dernier ayant m\u00eame d\u00e9pos\u00e9 une plainte \u2013, son emprisonnement, par contre, a \u00e9t\u00e9 diff\u00e9remment comment\u00e9.<\/p>\n<p class=\"p1\"><span class=\"s1\"><strong>S<\/strong><\/span><span class=\"s1\">i certains ont vite fait d\u2019exprimer leur joie de voir derri\u00e8re les barreaux une personne qui a port\u00e9 atteinte \u00e0 l\u2019image du personnage central du Congr\u00e8s de la Soummam, d\u2019autres, par contre, et tout en condamnant ses propos, insistent sur le fait que la mise en d\u00e9tention provisoire devrait rester une exception et, par cons\u00e9quent, n\u2019avait pas lieu d\u2019\u00eatre dans le cas d\u2019une diffamation. Mais au-del\u00e0 du d\u00e9lit en soi, c\u2019est la probl\u00e9matique de l\u2019atteinte \u00e0 l\u2019image des symboles de la Guerre de Lib\u00e9ration qui est au centre du d\u00e9bat.<\/span><\/p>\n<p class=\"p1\"><span class=\"s1\">Ce n\u2019est pas la premi\u00e8re fois qu\u2019un chahid ou moudjahid est attaqu\u00e9, y compris quelques fois par d\u2019ex-compagnons. Et souvent les \u00abattaques\u00bb ont un \u00absoubassement\u00bb politique et id\u00e9ologique. Si le moudjahid Lakhdar Bourega\u00e2, qui a pass\u00e9 six mois de prison avant d\u2019\u00eatre lib\u00e9r\u00e9 provisoirement, a \u00e9t\u00e9 diffam\u00e9 \u2013 son pass\u00e9 r\u00e9volutionnaire a m\u00eame \u00e9t\u00e9 remis en cause lors d\u2019une campagne simultan\u00e9e \u00e0 laquelle a m\u00eame pris part la T\u00e9l\u00e9vision publique \u2013 c\u2019est parce qu\u2019il s\u2019est rang\u00e9 du c\u00f4t\u00e9 du hirak, dont il est devenu au fil du temps l\u2019un des symboles.<\/span><\/p>\n<p class=\"p1\"><span class=\"s1\">Durant la m\u00eame p\u00e9riode, ceux qui s\u2019opposent au mouvement populaire se sont \u00e9galement attaqu\u00e9s au Congr\u00e8s de la Soummam \u2013 et par cons\u00e9quent \u00e0 Abane Ramdane \u2013 dont l\u2019un des principes \u00e9tait justement <em>\u00abla primaut\u00e9 du civil sur le militaire\u00bb<\/em>, une probl\u00e9matique qui \u00e9tait tr\u00e8s pr\u00e9sente lors des dix derniers mois, notamment par rapport au r\u00f4le qu\u2019a jou\u00e9 l\u2019institution militaire durant cette m\u00eame p\u00e9riode.<\/span><\/p>\n<p class=\"p2\"><span class=\"s1\">Les Alg\u00e9riens ont tendance \u00e0 se r\u00e9f\u00e9rer \u00e0 chaque occasion aux h\u00e9ros de la Guerre de Lib\u00e9ration et du Mouvement national. Les portraits de Ali La Pointe, Taleb, Amirouche, Abane et Ibn Badis, \u00e0 un certain moment, ont maintes fois surgis lors des manifestations des mardis et vendredis. Et leurs porteurs sont g\u00e9n\u00e9ralement apparent\u00e9s \u00e0 des courants id\u00e9ologiques, du moins pour ceux qui sont conscients de la port\u00e9e du portrait qu\u2019ils brandissent. D\u2019autres figures ont aussi subi le m\u00eame genre d\u2019attaques, toujours li\u00e9es \u00e0 des consid\u00e9rations politiques et id\u00e9ologiques.<\/span><\/p>\n<p class=\"p2\"><span class=\"s1\">La Guerre de Lib\u00e9ration nationale passionne et chacun a choisi ses r\u00e9f\u00e9rents en ad\u00e9quation avec ses convictions politico-id\u00e9ologiques. A titre d\u2019exemple,\u00a0les pourfendeurs du Congr\u00e8s de la Soummam, et de Abane par extension, se comptent beaucoup plus parmi les islamistes. D\u2019o\u00f9 l\u2019apparition, en cette p\u00e9riode, de la \u00abBadissia-novembria\u00bb. Ceci en plus des consid\u00e9rations r\u00e9gionalistes, tribales\u2026<\/span><\/p>\n<p class=\"p2\"><span class=\"s1\">Quand il s\u2019agit de l\u2019histoire du pays, souvent le d\u00e9bat vire \u00e0 l\u2019insulte et l\u2019invective. Le personnage en question est vite accus\u00e9 de collaboration avec l\u2019ennemi. Le regard qu\u2019ont certains sur le pass\u00e9 reste toujours tributaire de leurs croyances, convictions et appartenances g\u00e9ographiques, et ce, loin de toute analyse objective des \u00e9v\u00e9nements historiques et de leurs circonstances.<\/span><\/p>\n<p class=\"p2\"><span class=\"s1\">Et ceci est certainement le r\u00e9sultat de la \u00abmanipulation\u00bb de l\u2019histoire qu\u2019a exerc\u00e9e le pouvoir alg\u00e9rien depuis l\u2019ind\u00e9pendance. Les \u00e9v\u00e9nements historiques mis en avant, pour certains, et en sourdine pour d\u2019autres sont souvent li\u00e9s \u00e0 l\u2019humeur, les convictions et le bord politique et id\u00e9ologique du d\u00e9cideur du moment. Jamais historiens et acad\u00e9miciens n\u2019ont pu faire leur travail relatif au Mouvement national et \u00e0 la Guerre de Lib\u00e9ration dans la s\u00e9r\u00e9nit\u00e9 et loin de toute pression politique.<\/span><\/p>\n<p class=\"p2\"><span class=\"s1\">Le directeur de la culture de M\u2019sila, qui s\u2019en est pris \u00e0 Abane Ramdane, a \u00e9t\u00e9 poursuivi et mis en d\u00e9tention provisoire.<\/span> <span class=\"s1\">Les autres, qui ont agi<span class=\"Apple-converted-space\">\u00a0<\/span> de la m\u00eame mani\u00e8re vis-\u00e0-vis de celui-ci, ou ceux qui se sont attaqu\u00e9s \u00e0 d\u2019autres figures de la Guerre de Lib\u00e9ration et du Mouvement national le seront-ils aussi\u00a0?<\/span><\/p>\n<p class=\"p2\"><span class=\"s1\">Le regard qu\u2019ont bon nombre d\u2019Alg\u00e9riens vis-\u00e0-vis de leur pass\u00e9, dans sa globalit\u00e9 et avec ses diff\u00e9rentes composantes, ne sera apais\u00e9 que s\u2019ils se r\u00e9concilient avec leur histoire. Et cela passe n\u00e9cessairement par l\u2019entame d\u2019un travail serein et objectif autour de cette histoire, ce qui va n\u00e9cessairement mettre un terme aux diverses manipulations. Ce n\u2019est qu\u2019ainsi que les uns et les autres regarderont vers l\u2019avenir, tout en se r\u00e9f\u00e9rant \u00e0 un pass\u00e9 apais\u00e9.<\/span><\/p>\n<p><span class=\"post-views-label\">Post Views:<\/span> <span class=\"post-views-count\">5\u00a0393<\/span><\/p>\n<p><br class=\"c2\"\/><\/p>\n<p>Auteur: Anis Khecheba<br \/>\n<a href=\"https:\/\/www.elwatan.com\/edition\/actualite\/les-figures-historiques-au-centre-denjeux-politiques-ces-symboles-qui-hantent-le-present-16-01-2020\">Cliquez ici pour lire l&rsquo;article depuis sa source.<\/a><\/p>\n","protected":false},"excerpt":{"rendered":"<p>L\u2019affaire du directeur de la culture de la wilaya de M\u2019sila, Rabah Drif, et surtout sa mise, avant-hier, en d\u00e9tention provisoire ont suscit\u00e9 moult r\u00e9actions. Si ses propos diffamatoires envers l\u2019un des h\u00e9ros de la Guerre de Lib\u00e9ration nationale, en l\u2019occurrence Abane Ramdane, ont \u00e9t\u00e9 unanimement d\u00e9nonc\u00e9s \u2013 la famille de ce dernier ayant m\u00eame [&hellip;]<\/p>\n","protected":false},"author":1743,"featured_media":73248,"comment_status":"closed","ping_status":"closed","sticky":false,"template":"","format":"standard","meta":{"fifu_image_url":"","fifu_image_alt":"","footnotes":""},"categories":[73,53],"tags":[],"class_list":["post-73247","post","type-post","status-publish","format-standard","has-post-thumbnail","hentry","category-actualite","category-algerie"],"_links":{"self":[{"href":"https:\/\/linitiative.ca\/International\/wp-json\/wp\/v2\/posts\/73247","targetHints":{"allow":["GET"]}}],"collection":[{"href":"https:\/\/linitiative.ca\/International\/wp-json\/wp\/v2\/posts"}],"about":[{"href":"https:\/\/linitiative.ca\/International\/wp-json\/wp\/v2\/types\/post"}],"author":[{"embeddable":true,"href":"https:\/\/linitiative.ca\/International\/wp-json\/wp\/v2\/users\/1743"}],"replies":[{"embeddable":true,"href":"https:\/\/linitiative.ca\/International\/wp-json\/wp\/v2\/comments?post=73247"}],"version-history":[{"count":0,"href":"https:\/\/linitiative.ca\/International\/wp-json\/wp\/v2\/posts\/73247\/revisions"}],"wp:featuredmedia":[{"embeddable":true,"href":"https:\/\/linitiative.ca\/International\/wp-json\/"}],"wp:attachment":[{"href":"https:\/\/linitiative.ca\/International\/wp-json\/wp\/v2\/media?parent=73247"}],"wp:term":[{"taxonomy":"category","embeddable":true,"href":"https:\/\/linitiative.ca\/International\/wp-json\/wp\/v2\/categories?post=73247"},{"taxonomy":"post_tag","embeddable":true,"href":"https:\/\/linitiative.ca\/International\/wp-json\/wp\/v2\/tags?post=73247"}],"curies":[{"name":"wp","href":"https:\/\/api.w.org\/{rel}","templated":true}]}}