{"id":73251,"date":"2020-01-16T12:10:00","date_gmt":"2020-01-16T17:10:00","guid":{"rendered":"https:\/\/linitiative.ca\/International\/taboubi-la-democratie-est-elle-un-levier-daboutissement-des-revolutions-album-photos\/"},"modified":"2020-01-16T12:10:00","modified_gmt":"2020-01-16T17:10:00","slug":"taboubi-la-democratie-est-elle-un-levier-daboutissement-des-revolutions-album-photos","status":"publish","type":"post","link":"https:\/\/linitiative.ca\/International\/taboubi-la-democratie-est-elle-un-levier-daboutissement-des-revolutions-album-photos\/","title":{"rendered":"Taboubi : La d\u00e9mocratie est-elle un levier d\u2019aboutissement des r\u00e9volutions ? (Album Photos)"},"content":{"rendered":"<p>\u00ab Ni les nostalgiques d\u2019un ancien r\u00e9gime \u00e0 jamais r\u00e9volus, ni les exalt\u00e9s d\u2019une sur-r\u00e9volution ininterrompue ne sauraient avoir droit au chapitre dans la Tunisie d\u2019aujourd\u2019hui. Notre pays est celui de la mod\u00e9ration, de l\u2019ouverture, de la tol\u00e9rance et de la non-violence ! \u00bb Celui qui tient ces propos n\u2019est autre que Noureddine Taboubi, secr\u00e9taire g\u00e9n\u00e9ral de l\u2019UGTT. S\u2019exprimant \u00e0 l\u2019ouverture d\u2019une table ronde organis\u00e9e par la centrale syndicale ouvri\u00e8re jeudi matin \u00e0 Tunis, d\u00e9di\u00e9e \u00e0 l\u2019\u00e9valuation des neuf premi\u00e8res ann\u00e9es de la r\u00e9volution du 14 janvier 2011, il ne manquera pas cependant de souligner les d\u00e9ceptions et d\u2019exprimer les frustrations.<\/p>\n<p>Invitant les participants \u00e0 \u00ab un audit approfondi sans tabou \u00bb, Taboubi n\u2019h\u00e9site pas \u00e0 parler \u00ab de la pudeur et de la retenue qui emp\u00eachent de d\u00e9noncer une r\u00e9alit\u00e9 \u00e9conomique et sociale des plus accablantes. \u00bb \u00ab Partout s\u2019\u00e9l\u00e8vent des cris de c\u0153ur qui nous interpellent. De quoi se demander si la d\u00e9mocratie tant esp\u00e9r\u00e9e pouvait constituer un des leviers puissants de l\u2019aboutissement r\u00e9ussi des d\u00e9mocraties. \u00bb Evoquant la formation du futur gouvernement qui peine \u00e0 na\u00eetre, le chef de la centrale syndicale ouvri\u00e8re regrette qu\u2019on doive recourir \u00e0 choisir les ministres et leur chefs en mode d\u2019embauche sur pr\u00e9sentation de CV.<\/p>\n<p>Noureddine Taboubi avait convi\u00e9 \u00e0 cette table ronde des personnalit\u00e9s tunisiennes de divers domaines (Mustapha Kamel Nabli, le b\u00e2tonnier Brahim Bouderbala, Ghazi Jeribi, Habib Kechaou&#8230;) universitaires, des banquiers, des financiers et des chefs d\u2019entreprises (Kamel N\u00e9ji, Habib hadj-Kouider, Hichem Rebai, Lotfi Debabi, Bilel Sahnoun&#8230;) ainsi que des universitaires (Mongi Boughzala, Hma\u00efed Ben Aziza, Hayat Amamou, Hafidha Chekir, Sana Ben\u00a0Achour, Ridha Chennoufi, Khaled Nouisser, Mounir Sa\u00efdane, &#8230;). Trois expos\u00e9s introductifs \u00e9taient pr\u00e9sent\u00e9s successivement par Yadh Ben Achour, Abdelwaheb Hfaiedh et Abdellatif Hannachi.<\/p>\n<p>Toute la probl\u00e9matique de la Tunisie, selon Taboubi, est de s\u2019ing\u00e9nier \u00e0 convertir cette r\u00e9volution du 14 janvier en r\u00e9f\u00e9rence utile et inspirante, mais encore plus \u00e0 faire \u00e9voluer ce mod\u00e8le tunisien. Un vaste d\u00e9bat.<\/p>\n<p><strong>Lire aussi:<\/strong><\/p>\n<p><a href=\"https:\/\/www.leaders.com.tn\/article\/28891-abdelwaheb-ben-hfaiedh\" target=\"_blank\" rel=\"noopener noreferrer\">Ben Hafa\u00efedh : Les associations doivent s\u2019investir dans l\u2019\u00e9conomie solidaire et non jouer un r\u00f4le d\u2019ambulance face \u00e0 la d\u00e9mission de l\u2019Etat (Album Photos)<\/a><br \/><a href=\"https:\/\/www.leaders.com.tn\/article\/28889-mustapha-kamel-nabli\" target=\"_blank\" rel=\"noopener noreferrer\">Nabli : L\u2019\u00e9cosyst\u00e8me est-il capable de doter la Tunisie de gouvernants capables d\u2019entreprendre la n\u00e9cessaire transformation \u00e9conomique et sociale profonde ? (Album Photos)<\/a><\/p>\n<p>\u00a0<\/p>\n<p>Auteur:<br \/>\n<a href=\"https:\/\/www.leaders.com.tn\/article\/28887-taboubi-la-democratie-est-elle-un-levier-d-aboutissement-des-revolutions-album-photos\">Cliquez ici pour lire l&rsquo;article depuis sa source.<\/a><\/p>\n","protected":false},"excerpt":{"rendered":"<p>\u00ab Ni les nostalgiques d\u2019un ancien r\u00e9gime \u00e0 jamais r\u00e9volus, ni les exalt\u00e9s d\u2019une sur-r\u00e9volution ininterrompue ne sauraient avoir droit au chapitre dans la Tunisie d\u2019aujourd\u2019hui. Notre pays est celui de la mod\u00e9ration, de l\u2019ouverture, de la tol\u00e9rance et de la non-violence ! \u00bb Celui qui tient ces propos n\u2019est autre que Noureddine Taboubi, secr\u00e9taire [&hellip;]<\/p>\n","protected":false},"author":1772,"featured_media":0,"comment_status":"closed","ping_status":"closed","sticky":false,"template":"","format":"standard","meta":{"fifu_image_url":"","fifu_image_alt":"","footnotes":""},"categories":[73,55],"tags":[],"class_list":["post-73251","post","type-post","status-publish","format-standard","hentry","category-actualite","category-tunisie"],"_links":{"self":[{"href":"https:\/\/linitiative.ca\/International\/wp-json\/wp\/v2\/posts\/73251","targetHints":{"allow":["GET"]}}],"collection":[{"href":"https:\/\/linitiative.ca\/International\/wp-json\/wp\/v2\/posts"}],"about":[{"href":"https:\/\/linitiative.ca\/International\/wp-json\/wp\/v2\/types\/post"}],"author":[{"embeddable":true,"href":"https:\/\/linitiative.ca\/International\/wp-json\/wp\/v2\/users\/1772"}],"replies":[{"embeddable":true,"href":"https:\/\/linitiative.ca\/International\/wp-json\/wp\/v2\/comments?post=73251"}],"version-history":[{"count":0,"href":"https:\/\/linitiative.ca\/International\/wp-json\/wp\/v2\/posts\/73251\/revisions"}],"wp:attachment":[{"href":"https:\/\/linitiative.ca\/International\/wp-json\/wp\/v2\/media?parent=73251"}],"wp:term":[{"taxonomy":"category","embeddable":true,"href":"https:\/\/linitiative.ca\/International\/wp-json\/wp\/v2\/categories?post=73251"},{"taxonomy":"post_tag","embeddable":true,"href":"https:\/\/linitiative.ca\/International\/wp-json\/wp\/v2\/tags?post=73251"}],"curies":[{"name":"wp","href":"https:\/\/api.w.org\/{rel}","templated":true}]}}