{"id":73252,"date":"2020-01-16T12:38:00","date_gmt":"2020-01-16T17:38:00","guid":{"rendered":"https:\/\/linitiative.ca\/International\/tt-security-day-3-0-la-securite-des-donnees-au-coeur-de-la-strategie-tunisie-telecom\/"},"modified":"2020-01-16T12:38:00","modified_gmt":"2020-01-16T17:38:00","slug":"tt-security-day-3-0-la-securite-des-donnees-au-coeur-de-la-strategie-tunisie-telecom","status":"publish","type":"post","link":"https:\/\/linitiative.ca\/International\/tt-security-day-3-0-la-securite-des-donnees-au-coeur-de-la-strategie-tunisie-telecom\/","title":{"rendered":"TT Security Day 3.0 : La s\u00e9curit\u00e9 des donn\u00e9es au c\u0153ur de la strat\u00e9gie Tunisie T\u00e9l\u00e9com"},"content":{"rendered":"<p>Sous le patronage du Ministre des Technologies de la communication et de l\u2019Economie Num\u00e9rique, Mohamed Anouar Maarouf et la pr\u00e9sidence de son PDG, Mohamed FadhelKraiem, Tunisie Telecom a organis\u00e9, ce jeudi 16 janvier, la 3\u00e8me \u00e9dition du \u2018\u2019TT security Day\u2019\u2019 .<\/p>\n<p>Au cours de cette journ\u00e9e s&rsquo;est tenue s3 panels de discussion relatifs \u00e0 la cyber-s\u00e9curit\u00e9 ont \u00e9t\u00e9 constitu\u00e9s.<\/p>\n<p>Consolidant un engagement enracin\u00e9 en mati\u00e8re de s\u00e9curit\u00e9 num\u00e9rique, M. Fadhel Kraiem a affirm\u00e9 le r\u00f4le de TT en tant que \u00ab sensibilisateur sur la cyber-s\u00e9curit\u00e9 et la protection des donn\u00e9es.<br \/>\u2018\u2019TT Security Day\u2019\u2019 devient une tradition permettant l\u2019\u00e9change entre les acteurs \u00e9conomiques, l\u2019Etat et les usagers afin de leur permettre l\u2019\u00e9change de visions et d\u2019exp\u00e9riences sur ce sujet crucial.<br \/>En effet, la cyber-s\u00e9curit\u00e9 rel\u00e8ve de la souverainet\u00e9 de l\u2019Etat, \u00e9tant donn\u00e9 que l\u2019acc\u00e9l\u00e9ration de la digitalisation et le changement des comportements des usagers sur le net exigent des solutions ad\u00e9quates et accessibles. \u00bb<\/p>\n<p>Lors de cette \u00e9dition, le TT security Day a \u00e9voqu\u00e9 les menaces et pr\u00e9sent\u00e9 les perspectives de la cyber-s\u00e9curit\u00e9 en Tunisie en introduisant 3 panels :<\/p>\n<p><strong><span class=\"c2\">\u2022<\/span><\/strong> La cyber-s\u00e9curit\u00e9 et la souverainet\u00e9 num\u00e9rique : Les d\u00e9fis, les intervenants, les r\u00f4les et responsabilit\u00e9s.<br \/><strong><span class=\"c2\">\u2022<\/span><\/strong> La cyber-s\u00e9curit\u00e9 face aux nouvelles tendances technologiques.<br \/><strong><span class=\"c2\">\u2022<\/span><\/strong> Supervision, d\u00e9tection, r\u00e9ponse, strat\u00e9gies d\u2019anticipation et de gestion des crises : quels m\u00e9canismes pour faire face aux menaces externes ?<\/p>\n<p>La transformation num\u00e9rique des entreprises en Tunisie \u00e9tant en acc\u00e9l\u00e9ration, elle g\u00e9n\u00e9ralise l\u2019utilisation des informatiques et d\u2019Internet. Ce d\u00e9bat riche est venu placer la s\u00e9curit\u00e9 des donn\u00e9es, des personnes et des correspondances au c\u0153ur de cette digitalisation en marche.<br \/>A cet effet, M. Mohamed Anouar Maarouf a mis l\u2019accent sur la n\u00e9cessit\u00e9 de placer la cyber-s\u00e9curit\u00e9 au premier plan. Il a affirm\u00e9 que \u00ab\u00a0 La cyber-s\u00e9curit\u00e9 pr\u00e9sente plusieurs probl\u00e9matiques et enjeux pressants. Une strat\u00e9gie nationale de cyber-s\u00e9curit\u00e9 assurerait un cadre l\u00e9gal et une d\u00e9marche concr\u00e8te en concordance avec cette phase de digitalisation rapide de la Tunisie. Les questions s\u00e9curitaires sur le net, La mise en place d\u2019une l\u00e9gislation concernant la protection des donn\u00e9es personnelles, la cybercriminalit\u00e9 et le cahier des charges des t\u00e9l\u00e9communications, deviennent essentiels pour la modernisation de la Tunisie et la consolidation s\u00e9curis\u00e9e de l\u2019\u00e9conomie \u00e0 haute valeur ajout\u00e9e. \u00bb<\/p>\n<p>Englobant toute technologie et processus de protection des r\u00e9seaux, ordinateurs et donn\u00e9es, la cyber-s\u00e9curit\u00e9 n\u2019est pas un simple slogan \u00e0 Tunisie T\u00e9l\u00e9com. En effet, l\u2019op\u00e9rateur historique a obtenu lors de cette journ\u00e9e la certification ISO 27001 de son Data Center \u00ab Carthage \u00bb, sur une dur\u00e9e de 3 ans.<\/p>\n<p>Cette certification qui assure et garantit la gestion optimale et s\u00e9curis\u00e9e des informations, m\u00eame personnelles et sensibles.<\/p>\n<p>Tunisie T\u00e9l\u00e9com ne cesse de d\u00e9montrer l&rsquo;int\u00e9r\u00eat\u00a0 qu&rsquo;elle accorde aux risques pesant sur les donn\u00e9es sensibles, elle en tient compte et s\u2019en prot\u00e8ge.Gr\u00e2ce \u00e0 la certification ISO 27001, l\u2019op\u00e9rateur b\u00e9n\u00e9ficiera d\u2019un syst\u00e8me fonctionnel, cadr\u00e9, s\u00e9curis\u00e9 et \u00e9volutif.<br \/>\u00a0<\/p>\n<p>Auteur:<br \/>\n<a href=\"https:\/\/www.leaders.com.tn\/article\/28895-tt-security-day-3-0-la-securite-des-donnees-au-coeur-de-la-strategie-tunisie-telecom\">Cliquez ici pour lire l&rsquo;article depuis sa source.<\/a><\/p>\n","protected":false},"excerpt":{"rendered":"<p>Sous le patronage du Ministre des Technologies de la communication et de l\u2019Economie Num\u00e9rique, Mohamed Anouar Maarouf et la pr\u00e9sidence de son PDG, Mohamed FadhelKraiem, Tunisie Telecom a organis\u00e9, ce jeudi 16 janvier, la 3\u00e8me \u00e9dition du \u2018\u2019TT security Day\u2019\u2019 . Au cours de cette journ\u00e9e s&rsquo;est tenue s3 panels de discussion relatifs \u00e0 la [&hellip;]<\/p>\n","protected":false},"author":1772,"featured_media":0,"comment_status":"closed","ping_status":"closed","sticky":false,"template":"","format":"standard","meta":{"fifu_image_url":"","fifu_image_alt":"","footnotes":""},"categories":[73,55],"tags":[],"class_list":["post-73252","post","type-post","status-publish","format-standard","hentry","category-actualite","category-tunisie"],"_links":{"self":[{"href":"https:\/\/linitiative.ca\/International\/wp-json\/wp\/v2\/posts\/73252","targetHints":{"allow":["GET"]}}],"collection":[{"href":"https:\/\/linitiative.ca\/International\/wp-json\/wp\/v2\/posts"}],"about":[{"href":"https:\/\/linitiative.ca\/International\/wp-json\/wp\/v2\/types\/post"}],"author":[{"embeddable":true,"href":"https:\/\/linitiative.ca\/International\/wp-json\/wp\/v2\/users\/1772"}],"replies":[{"embeddable":true,"href":"https:\/\/linitiative.ca\/International\/wp-json\/wp\/v2\/comments?post=73252"}],"version-history":[{"count":0,"href":"https:\/\/linitiative.ca\/International\/wp-json\/wp\/v2\/posts\/73252\/revisions"}],"wp:attachment":[{"href":"https:\/\/linitiative.ca\/International\/wp-json\/wp\/v2\/media?parent=73252"}],"wp:term":[{"taxonomy":"category","embeddable":true,"href":"https:\/\/linitiative.ca\/International\/wp-json\/wp\/v2\/categories?post=73252"},{"taxonomy":"post_tag","embeddable":true,"href":"https:\/\/linitiative.ca\/International\/wp-json\/wp\/v2\/tags?post=73252"}],"curies":[{"name":"wp","href":"https:\/\/api.w.org\/{rel}","templated":true}]}}