{"id":73253,"date":"2020-01-16T13:03:00","date_gmt":"2020-01-16T18:03:00","guid":{"rendered":"https:\/\/linitiative.ca\/International\/yadh-ben-achour-la-revolution-tunisienne-entre-semi-echec-et-semi-reussite-la-promesse-sociale-abandonnee-album-photos\/"},"modified":"2020-01-16T13:03:00","modified_gmt":"2020-01-16T18:03:00","slug":"yadh-ben-achour-la-revolution-tunisienne-entre-semi-echec-et-semi-reussite-la-promesse-sociale-abandonnee-album-photos","status":"publish","type":"post","link":"https:\/\/linitiative.ca\/International\/yadh-ben-achour-la-revolution-tunisienne-entre-semi-echec-et-semi-reussite-la-promesse-sociale-abandonnee-album-photos\/","title":{"rendered":"Yadh Ben Achour : La r\u00e9volution tunisienne entre semi-\u00e9chec et semi-r\u00e9ussite : la promesse sociale abandonn\u00e9e (Album Photos)"},"content":{"rendered":"<p>\u00ab La Tunisie a connu une v\u00e9ritable r\u00e9volution dans le plein sens du terme, avec une revendication r\u00e9volutionnaire tr\u00e8s forte. Nous sommes rest\u00e9s \u00e0 ce jour dans cet \u00e9tat r\u00e9volutionnaire, avec le sentiment d\u2019un semi-\u00e9chec et d\u2019une semi-r\u00e9ussite, et surtout des promesses abandonn\u00e9es. \u00bb Le verdict de Yadh Ben Achour est sans appel. Invit\u00e9 par l\u2019UGTT \u00e0 livrer son \u00e9valuation des neuf premi\u00e8res ann\u00e9es depuis le 14 Janvier 2011, il s\u2019emploiera \u00e0 analyser la difficile transition d\u2019un \u00e9tat r\u00e9volutionnaire \u00e0 une situation stabilis\u00e9e, fond\u00e9e sur la constitution et des institutions.<\/p>\n<p>\u00ab D\u2019abord, la notion de r\u00e9volution nous renvoie pleinement en Tunisie \u00e0 une rupture totale avec la dictature et l\u2019exclusion, commencera-t-il par indiquer. Aussi, en se choisissant comme slogan \u00abla r\u00e9volution de la libert\u00e9 et de la dignit\u00e9\u00bb, elle a intuitivement fix\u00e9 ses deux principaux objectifs. Par libert\u00e9, il faut comprendre toutes les libert\u00e9s, notamment celles individuelles, mais aussi politiques, comme \u00e9galement la libert\u00e9 de conscience. Dans ce domaine, nous avons accompli une large avanc\u00e9e, bien significative. \u00bb<\/p>\n<h2>La valeur du temps<\/h2>\n<p>Par Dignit\u00e9, ajoute Ben Achour, il s\u2019agit de veiller \u00e0 une justice distributive acceptable, une \u00e9galit\u00e9 entre l\u2019homme et la famille et une protection contre tous les abus, toutes les atteintes \u00e0 la dignit\u00e9 humaine. Mais, sa libert\u00e9 n\u2019est pas la plus difficile \u00e0 se r\u00e9aliser, nous l\u2019avons vu lors du basculement entre les 13 et 14 janvier, avec la suppression rapide, pure et simple de tous les symboles du r\u00e9gime dictatorial, la dignit\u00e9 est la moins ais\u00e9e \u00e0 accomplir. Elle exige en effet des m\u00e9canismes appropri\u00e9s allant de la d\u00e9termination \u00e0 la planification et la mise en \u0153uvre afin de r\u00e9aliser la justice sociale, de mettre en place la gouvernance appropri\u00e9e et surtout de gagner le pari contre le temps.<\/p>\n<p>La valeur du temps est essentielle pour Yadh Ben Achour. \u00ab Elle est la plus pr\u00e9cieuse, parce que la plus d\u00e9terminante et \u00e0 l\u2019inverse, la plus p\u00e9nalisante \u00bb soulignera-t-il. Il citera en exemple la lenteur dans la formation des gouvernements depuis les \u00e9lections de 2014, prenant le cas des gouvernements Habib Essid, puis Youssef Chahed, sans omettre ce qui se passe aujourd&rsquo;hui. Calendrier \u00e0 l\u2019appui, il rappellera que le nouveau pouvoir install\u00e9 le 1er janvier 2015 n\u2019a pu aboutir \u00e0 l\u2019investiture du gouvernement Essid qu\u2019apr\u00e8s six semaines d\u2019attente, le 6 f\u00e9vrier 2015, pour aboutir d\u2019abord au lancement de l\u2019id\u00e9e d\u2019un gouvernement d\u2019unit\u00e9 nationale le 3 juin 2016, puis \u00e0 une motion de censure, pr\u00e8s de 18 mois apr\u00e8s, le 30 juillet 2016. Mis en selle d\u00e9but ao\u00fbt de la m\u00eame ann\u00e9e, Youssef Chahed mettra plus de trois semaines pour obtenir l\u2019aval de l\u2019ARP, le 26 ao\u00fbt 2016.<\/p>\n<h2>L\u2019\u00e9chec social est un \u00e9chec politique total<\/h2>\n<p>Pour Yadh Ben Achour, le temps politique n\u2019est ni le temps \u00e9conomique avec ses urgences, ni le temps social avec ses contingences, d\u2019o\u00f9 de multiples d\u00e9calages et distorsions, sources de tensions et de contestation. Cela se v\u00e9rifie avec le d\u00e9senchantement national, l\u2019\u00e9rosion du capital de confiance et l\u2019aggravation de la pr\u00e9carit\u00e9 et des in\u00e9galit\u00e9s. La lutte contre la pauvret\u00e9 pourrait se faire par des voies pacifiques lorsqu\u2019un gouvernement comp\u00e9tent et s\u00e9rieux s\u2019y met avec d\u00e9termination, \u0153uvrant \u00e0 l\u2019ancrage d\u2019une solidarit\u00e9 sociale agissante, ou par un statu quo qui ne b\u00e9n\u00e9ficie \u00e0 personne, car c\u2019est le plus dangereux par un retour r\u00e9volutionnaire fort, comme nous l\u2019enseigne l\u2019histoire.<\/p>\n<p>L\u2019\u00e9chec dans l\u2019accomplissement de la dignit\u00e9 est un \u00e9chec politique total, affirme Yadh Ben Achour. D\u2019o\u00f9 le danger que repr\u00e9sente cette promesse sociale fondamentale abandonn\u00e9e ou absente ou enfouie. L\u2019aggravation de la situation \u00e9conomique et financi\u00e8re se traduit par le ch\u00f4mage, la migration clandestine, la malversation, la corruption et autres maux. C\u2019est pourquoi les Tunisiens doivent s\u2019ing\u00e9nier \u00e0 forger un nouveau syst\u00e8me \u00e9conomique appropri\u00e9, ni capitaliste, ni islamiste.<\/p>\n<p>Ben Achour pointe \u00e9galement du doigt les d\u00e9rives du syst\u00e8me d\u00e9mocratique parlementaire, suscitant une dichotomie entre les pratiques des partis politiques et la r\u00e9alit\u00e9 dans le pays ainsi qu\u2019une confrontation permanente entre le pr\u00e9sidentiel et le gouvernemental. L\u2019atomisation des partis est excessive et nous en avons vu les cons\u00e9quences de l\u2019impossibilit\u00e9 de mettre sur pied, la cour constitutionnelle,\u00a0 le blocage des fonctions l\u00e9gislatives et l\u2019activit\u00e9 gouvernementale. Tout cela renvoie une image n\u00e9gative de la vie politique, laissant entrevoir une soci\u00e9t\u00e9 qui s\u2019enlise dans ses probl\u00e8mes et une classe politique livr\u00e9e \u00e0 ses joutes partisanes.<\/p>\n<h2>Un scrutin dans un climat malsain<\/h2>\n<p>Revenant sur les r\u00e9centes \u00e9lections l\u00e9gislatives, et pr\u00e9sidentielle, Yadh Ben Achour soulignera qu\u2019elles s\u2019\u00e9taient d\u00e9roul\u00e9es dans un climat tendu avec d\u2019une part une tentative d\u2019amendement de la loi \u00e9lectorale et de l\u2019autre, l\u2019emprisonnement d\u2019un candidat \u00e0 la magistrature supr\u00eame. \u00ab Au deuxi\u00e8me tour du scrutin, souligne-t-il, les \u00e9lecteurs avaient \u00e0 choisir entre un candidat qui a pour valeur d\u2019\u00eatre au-dessus de tout soup\u00e7on se pr\u00e9sentant\u00a0 comme l&rsquo;incarnation de la volont\u00e9 du peuple alors que son challenger est poursuivi dans des affaires de malversation. Le vainqueur est semble-t-il tent\u00e9 par une r\u00e9vision de la constitution en instituant une d\u00e9mocratie directe. L\u2019id\u00e9e en soi est attractive et gu\u00e8re impossible. En fait, elle exige des pr\u00e9alables et valable beaucoup plus pour un scrutin local que national. La d\u00e9mocratie directe est un leurre qui risque de tromper l\u2019opinion publique. D\u00e9j\u00e0, le r\u00e9gime politique est en crise, poussant les uns au pessimisme et d\u2019autres \u00e0 le tourner en d\u00e9rision. \u00bb<\/p>\n<h2>Une situation pittoresque<\/h2>\n<p>\u00ab Nous nous retrouvons d\u2019ailleurs aujourd\u2019hui dans une situation surr\u00e9aliste. Le pr\u00e9sident qui s\u2019inscrit en antisyst\u00e8me, se trouve contraint, selon la constitution \u00e0 former le nouveau gouvernement, et pour cela se concerter lui-m\u00eame avec les partis politiques et les blocs parlementaires. \u00bb<\/p>\n<p>Malgr\u00e9 ce tableau peu reluisant, Yadh Ben Achour garde lui aussi (il en avait fait r\u00e9f\u00e9rence \u00e0 Mustapha Kamel Nabli dans son livre \u2018\u2019J\u2019y crois toujours\u2019\u2019), tout son optimisme. \u00ab En d\u00e9pit des \u00e9checs et des crises, nous devons nous attacher au r\u00e9gime d\u00e9mocratique, plaide-t-il. Les aspects n\u00e9gatifs, aussi d\u00e9plorables qu\u2019ils soient ne sauraient occulter un acquis pr\u00e9cieux qu\u2019est la libert\u00e9. Cette pratique de la libert\u00e9 s\u2019est illustr\u00e9e encore fois et tout r\u00e9cemment au sein de l\u2019ARP par le refus de l\u2019investiture au gouvernement de Habib Jemli. Le parti dominant qui l\u2019avait parrain\u00e9 en a pay\u00e9 les frais dans un exercice de libert\u00e9 av\u00e9r\u00e9e. \u00bb \u00a0<br \/>\u00a0<\/p>\n<p><strong>Lire aussi:<\/strong><\/p>\n<p><a href=\"https:\/\/www.leaders.com.tn\/article\/28887-taboubi-la-democratie-est-elle-un-levier-d-aboutissement-des-revolutions-album-photos\" target=\"_blank\" rel=\"noopener noreferrer\">Taboubi : La d\u00e9mocratie est-elle un levier d\u2019aboutissement des r\u00e9volutions ? (Album Photos)<\/a><br \/><a href=\"https:\/\/www.leaders.com.tn\/article\/28891-abdelwaheb-ben-hfaiedh\" target=\"_blank\" rel=\"noopener noreferrer\">Ben Hafa\u00efedh : Les associations doivent s\u2019investir dans l\u2019\u00e9conomie solidaire et non jouer un r\u00f4le d\u2019ambulance face \u00e0 la d\u00e9mission de l\u2019Etat (Album Photos)<\/a><\/p>\n<p><a href=\"https:\/\/www.leaders.com.tn\/article\/28889-nabli-l-ecosysteme-est-il-capable-de-doter-la-tunisie-de-gouvernants-capables-d-entreprendre-la-necessaire-transformation-economique-et-sociale-profonde-album-photos\" target=\"_blank\" rel=\"noopener noreferrer\">Nabli : L\u2019\u00e9cosyst\u00e8me est-il capable de doter la Tunisie de gouvernants capables d\u2019entreprendre la n\u00e9cessaire transformation \u00e9conomique et sociale profonde ? (Album Photos)<\/a><\/p>\n<p>Auteur:<br \/>\n<a href=\"https:\/\/www.leaders.com.tn\/article\/28888-yadh-ben-achour-la-revolution-tunisienne-entre-semi-echec-et-semi-reussite-la-promesse-sociale-abandonnee-album-photos\">Cliquez ici pour lire l&rsquo;article depuis sa source.<\/a><\/p>\n","protected":false},"excerpt":{"rendered":"<p>\u00ab La Tunisie a connu une v\u00e9ritable r\u00e9volution dans le plein sens du terme, avec une revendication r\u00e9volutionnaire tr\u00e8s forte. Nous sommes rest\u00e9s \u00e0 ce jour dans cet \u00e9tat r\u00e9volutionnaire, avec le sentiment d\u2019un semi-\u00e9chec et d\u2019une semi-r\u00e9ussite, et surtout des promesses abandonn\u00e9es. \u00bb Le verdict de Yadh Ben Achour est sans appel. Invit\u00e9 par [&hellip;]<\/p>\n","protected":false},"author":1772,"featured_media":0,"comment_status":"closed","ping_status":"closed","sticky":false,"template":"","format":"standard","meta":{"fifu_image_url":"","fifu_image_alt":"","footnotes":""},"categories":[73,55],"tags":[],"class_list":["post-73253","post","type-post","status-publish","format-standard","hentry","category-actualite","category-tunisie"],"_links":{"self":[{"href":"https:\/\/linitiative.ca\/International\/wp-json\/wp\/v2\/posts\/73253","targetHints":{"allow":["GET"]}}],"collection":[{"href":"https:\/\/linitiative.ca\/International\/wp-json\/wp\/v2\/posts"}],"about":[{"href":"https:\/\/linitiative.ca\/International\/wp-json\/wp\/v2\/types\/post"}],"author":[{"embeddable":true,"href":"https:\/\/linitiative.ca\/International\/wp-json\/wp\/v2\/users\/1772"}],"replies":[{"embeddable":true,"href":"https:\/\/linitiative.ca\/International\/wp-json\/wp\/v2\/comments?post=73253"}],"version-history":[{"count":0,"href":"https:\/\/linitiative.ca\/International\/wp-json\/wp\/v2\/posts\/73253\/revisions"}],"wp:attachment":[{"href":"https:\/\/linitiative.ca\/International\/wp-json\/wp\/v2\/media?parent=73253"}],"wp:term":[{"taxonomy":"category","embeddable":true,"href":"https:\/\/linitiative.ca\/International\/wp-json\/wp\/v2\/categories?post=73253"},{"taxonomy":"post_tag","embeddable":true,"href":"https:\/\/linitiative.ca\/International\/wp-json\/wp\/v2\/tags?post=73253"}],"curies":[{"name":"wp","href":"https:\/\/api.w.org\/{rel}","templated":true}]}}