{"id":73254,"date":"2020-01-16T05:00:00","date_gmt":"2020-01-16T10:00:00","guid":{"rendered":"https:\/\/linitiative.ca\/International\/tarte-a-la-confiture\/"},"modified":"2020-01-16T05:00:00","modified_gmt":"2020-01-16T10:00:00","slug":"tarte-a-la-confiture","status":"publish","type":"post","link":"https:\/\/linitiative.ca\/International\/tarte-a-la-confiture\/","title":{"rendered":"Tarte \u00e0 la confiture"},"content":{"rendered":"<p>Pour la p\u00e2te sabl\u00e9e : 300g de farine, 150g de beurre, 25g de sucre, 1 sachet de sucre vanill\u00e9, 1 pinc\u00e9e de sel, 2 \u0153ufs\u00a0<br \/>Pour la garniture : Un pot de confiture faite maison de pr\u00e9f\u00e9rence\u00a0<br \/>La pr\u00e9paration de la tarte \u00e0 la confiture demande du temps car la p\u00e2te sabl\u00e9e doit reposer au moins 30 minutes.\u00a0<br \/>Une heure avant de pr\u00e9parer la p\u00e2te, sortez le beurre du r\u00e9frig\u00e9rateur pour qu\u2019il soit mou.\u00a0<br \/>Pour r\u00e9aliser la p\u00e2te sabl\u00e9e, faites une fontaine avec la farine.\u00a0<br \/>Ajoutez le sucre, le sucre vanill\u00e9 et la pinc\u00e9e de sel.\u00a0<br \/>Coupez le beurre mou en petits morceaux et p\u00e9trissez-les du bout des doigts avec les autres ingr\u00e9dients de mani\u00e8re \u00e0 obtenir un \u00absable\u00bb assez fin.\u00a0<br \/>Vous devez p\u00e9trir jusqu\u2019\u00e0 ce que le beurre soit parfaitement incorpor\u00e9 \u00e0 la farine et que le sable ne colle plus \u00e0 vos doigts.<br \/>Cassez les \u0153ufs. Incorporez-les d\u2019abord \u00e0 l\u2019aide d\u2019une cuiller puis finissez de p\u00e9trir la p\u00e2te \u00e0 la main de mani\u00e8re \u00e0 former une boule.\u00a0<br \/>Si le m\u00e9lange est trop collant, ajoutez un peu de farine pour vous aider \u00e0 p\u00e9trir.\u00a0<br \/>Laissez reposer la p\u00e2te \u00e0 temp\u00e9rature ambiante en la couvrant d\u2019un torchon.\u00a0<\/p>\n<p>Montage de la tarte<br \/>La tarte \u00e0 la confiture a pour garniture une couche de confiture et des bandes de p\u00e2te sabl\u00e9e. Divisez le p\u00e2ton en deux parties in\u00e9gales (environ 2\/3 et 1\/3). Saupoudrez votre plan de travail de farine et \u00e9talez d\u2019abord la plus grande partie de la p\u00e2te.\u00a0<br \/>Elle vous servira \u00e0 r\u00e9aliser le fond de tarte.\u00a0<br \/>Beurrez la tourti\u00e8re et d\u00e9posez-y la p\u00e2te. Piquez le fond et marquez les bords \u00e0 l\u2019aide d\u2019une fourchette.\u00a0<br \/>Etalez une couche uniforme et assez \u00e9paisse de confiture.\u00a0<br \/>Etalez ensuite au rouleau \u00e0 p\u00e2tisserie le reste de la p\u00e2te sabl\u00e9e et d\u00e9coupez-y de longues bandes fines \u00e0 l\u2019aide d\u2019une roulette dentel\u00e9e.\u00a0<br \/>Utilisez ces bandes pour r\u00e9aliser un quadrillage sur la confiture.\u00a0<br \/>Faites cuire la tarte 35 minutes environ \u00e0 180\u00b0 (Th. 6).<\/p>\n<p>Auteur:<br \/>\n<a href=\"https:\/\/www.lesoirdalgerie.com\/femme-magazine\/tarte-a-la-confiture-37020\">Cliquez ici pour lire l&rsquo;article depuis sa source.<\/a><\/p>\n","protected":false},"excerpt":{"rendered":"<p>Pour la p\u00e2te sabl\u00e9e : 300g de farine, 150g de beurre, 25g de sucre, 1 sachet de sucre vanill\u00e9, 1 pinc\u00e9e de sel, 2 \u0153ufs\u00a0Pour la garniture : Un pot de confiture faite maison de pr\u00e9f\u00e9rence\u00a0La pr\u00e9paration de la tarte \u00e0 la confiture demande du temps car la p\u00e2te sabl\u00e9e doit reposer au moins 30 [&hellip;]<\/p>\n","protected":false},"author":1741,"featured_media":0,"comment_status":"closed","ping_status":"closed","sticky":false,"template":"","format":"standard","meta":{"fifu_image_url":"","fifu_image_alt":"","footnotes":""},"categories":[73,53],"tags":[],"class_list":["post-73254","post","type-post","status-publish","format-standard","hentry","category-actualite","category-algerie"],"_links":{"self":[{"href":"https:\/\/linitiative.ca\/International\/wp-json\/wp\/v2\/posts\/73254","targetHints":{"allow":["GET"]}}],"collection":[{"href":"https:\/\/linitiative.ca\/International\/wp-json\/wp\/v2\/posts"}],"about":[{"href":"https:\/\/linitiative.ca\/International\/wp-json\/wp\/v2\/types\/post"}],"author":[{"embeddable":true,"href":"https:\/\/linitiative.ca\/International\/wp-json\/wp\/v2\/users\/1741"}],"replies":[{"embeddable":true,"href":"https:\/\/linitiative.ca\/International\/wp-json\/wp\/v2\/comments?post=73254"}],"version-history":[{"count":0,"href":"https:\/\/linitiative.ca\/International\/wp-json\/wp\/v2\/posts\/73254\/revisions"}],"wp:attachment":[{"href":"https:\/\/linitiative.ca\/International\/wp-json\/wp\/v2\/media?parent=73254"}],"wp:term":[{"taxonomy":"category","embeddable":true,"href":"https:\/\/linitiative.ca\/International\/wp-json\/wp\/v2\/categories?post=73254"},{"taxonomy":"post_tag","embeddable":true,"href":"https:\/\/linitiative.ca\/International\/wp-json\/wp\/v2\/tags?post=73254"}],"curies":[{"name":"wp","href":"https:\/\/api.w.org\/{rel}","templated":true}]}}