{"id":73259,"date":"2020-01-16T14:38:10","date_gmt":"2020-01-16T19:38:10","guid":{"rendered":"https:\/\/linitiative.ca\/International\/tunisie-flash-info-ennahdha-aurait-ajoute-sur-sa-liste-fadhel-abdelelkafi\/"},"modified":"2020-01-16T14:38:10","modified_gmt":"2020-01-16T19:38:10","slug":"tunisie-flash-info-ennahdha-aurait-ajoute-sur-sa-liste-fadhel-abdelelkafi","status":"publish","type":"post","link":"https:\/\/linitiative.ca\/International\/tunisie-flash-info-ennahdha-aurait-ajoute-sur-sa-liste-fadhel-abdelelkafi\/","title":{"rendered":"Tunisie \u2013 FLASH INFO: Ennahdha aurait ajout\u00e9 sur sa liste Fadhel Abdelelkafi"},"content":{"rendered":"<div class=\"post-cont-in left relative\">\n<p>Selon des sources proches d\u2019Ennandha, le bureau ex\u00e9cutif du parti aurait ajout\u00e9 \u00e0 sa liste de candidats \u00e0 la pr\u00e9sidence du gouvernement,qui se composait de Mongi Marzouk, Habib Kechaou et Ridha Ben Mosbah,\u00a0 le nom de Fadhel Abdelkafi.<\/p>\n<div class=\"code-block code-block-1 c3\"><ins class=\"adsbygoogle c2\" data-ad-layout=\"in-article\" data-ad-format=\"fluid\" data-ad-client=\"ca-pub-2102118777505746\" data-ad-slot=\"7301775417\"\/> <\/div>\n<div class=\"swp_social_panel swp_horizontal_panel swp_flat_fresh swp_default_full_color swp_individual_full_color swp_other_full_color scale-100 scale-\" data-min-width=\"1100\" data-float-color=\"#ffffff\" data-float=\"bottom\" data-float-mobile=\"bottom\" data-transition=\"slide\">\n<div class=\"nc_tweetContainer swp_share_button total_shares total_sharesalt\"><span class=\"swp_count\">32 <span class=\"swp_label\">Partages<\/span><\/span><\/div>\n<\/div>\n<p><strong>Que se passe-t-il en Tunisie?<\/strong><br \/>Nous expliquons sur notre <a href=\"https:\/\/www.youtube.com\/channel\/UCRzypVq0B_yBad5eGrwBx0Q?sub_confirmation=1\" target=\"_blank\" rel=\"noopener noreferrer\">cha\u00eene YouTube<\/a> . <a href=\"https:\/\/www.youtube.com\/channel\/UCRzypVq0B_yBad5eGrwBx0Q?sub_confirmation=1\" target=\"_blank\" rel=\"noopener noreferrer\">Abonnez-vous!<\/a><\/p>\n<div class=\"mvp-org-wrap mvp-org-logo\" itemprop=\"publisher\" itemscope=\"\" itemtype=\"https:\/\/schema.org\/Organization\"><img decoding=\"async\" src=\"https:\/\/www.tunisienumerique.com\/wp-content\/uploads\/2017\/02\/logo_tunisie_numerique.png\"\/><\/div>\n<div class=\"mvp-related-posts left relative\">\n<h4 class=\"post-header\"><span class=\"post-header\">Lire aussi<\/span><\/h4>\n<\/div>\n<\/div>\n<p>Auteur: LM<br \/>\n<a href=\"https:\/\/www.tunisienumerique.com\/tunisie-flash-info-ennahdha-aurait-ajoute-sur-sa-liste-fadhel-zbdeldelkafi\/\">Cliquez ici pour lire l&rsquo;article depuis sa source.<\/a><\/p>\n","protected":false},"excerpt":{"rendered":"<p>Selon des sources proches d\u2019Ennandha, le bureau ex\u00e9cutif du parti aurait ajout\u00e9 \u00e0 sa liste de candidats \u00e0 la pr\u00e9sidence du gouvernement,qui se composait de Mongi Marzouk, Habib Kechaou et Ridha Ben Mosbah,\u00a0 le nom de Fadhel Abdelkafi. 32 Partages Que se passe-t-il en Tunisie?Nous expliquons sur notre cha\u00eene YouTube . Abonnez-vous! Lire aussi Auteur: [&hellip;]<\/p>\n","protected":false},"author":1789,"featured_media":73260,"comment_status":"closed","ping_status":"closed","sticky":false,"template":"","format":"standard","meta":{"fifu_image_url":"","fifu_image_alt":"","footnotes":""},"categories":[73,55],"tags":[],"class_list":["post-73259","post","type-post","status-publish","format-standard","has-post-thumbnail","hentry","category-actualite","category-tunisie"],"_links":{"self":[{"href":"https:\/\/linitiative.ca\/International\/wp-json\/wp\/v2\/posts\/73259","targetHints":{"allow":["GET"]}}],"collection":[{"href":"https:\/\/linitiative.ca\/International\/wp-json\/wp\/v2\/posts"}],"about":[{"href":"https:\/\/linitiative.ca\/International\/wp-json\/wp\/v2\/types\/post"}],"author":[{"embeddable":true,"href":"https:\/\/linitiative.ca\/International\/wp-json\/wp\/v2\/users\/1789"}],"replies":[{"embeddable":true,"href":"https:\/\/linitiative.ca\/International\/wp-json\/wp\/v2\/comments?post=73259"}],"version-history":[{"count":0,"href":"https:\/\/linitiative.ca\/International\/wp-json\/wp\/v2\/posts\/73259\/revisions"}],"wp:featuredmedia":[{"embeddable":true,"href":"https:\/\/linitiative.ca\/International\/wp-json\/"}],"wp:attachment":[{"href":"https:\/\/linitiative.ca\/International\/wp-json\/wp\/v2\/media?parent=73259"}],"wp:term":[{"taxonomy":"category","embeddable":true,"href":"https:\/\/linitiative.ca\/International\/wp-json\/wp\/v2\/categories?post=73259"},{"taxonomy":"post_tag","embeddable":true,"href":"https:\/\/linitiative.ca\/International\/wp-json\/wp\/v2\/tags?post=73259"}],"curies":[{"name":"wp","href":"https:\/\/api.w.org\/{rel}","templated":true}]}}