{"id":73269,"date":"2020-01-16T15:50:46","date_gmt":"2020-01-16T20:50:46","guid":{"rendered":"https:\/\/linitiative.ca\/International\/greves-perlees-dans-le-secteur-du-transportla-pagaille-a-assez-dure\/"},"modified":"2020-01-16T15:50:46","modified_gmt":"2020-01-16T20:50:46","slug":"greves-perlees-dans-le-secteur-du-transportla-pagaille-a-assez-dure","status":"publish","type":"post","link":"https:\/\/linitiative.ca\/International\/greves-perlees-dans-le-secteur-du-transportla-pagaille-a-assez-dure\/","title":{"rendered":"GREVES PERLEES DANS LE SECTEUR DU TRANSPORT:La pagaille a assez dur\u00e9"},"content":{"rendered":"<div class=\"stream-item stream-item-above-post-content\">\n<p><noscript><\/p>\n<p><a href=\"\/\/www3.smartadserver.com\/ac?jump=1&#038;nwid=2136&#038;siteid=240610&#038;pgname=rg&#038;fmtid=49046&#038;visit=m&#038;tmstp=[timestamp]&#038;out=nonrich\" target=\"_blank\" rel=\"noopener noreferrer\"><img decoding=\"async\" src=\"\/\/www3.smartadserver.com\/ac?out=nonrich&#038;nwid=2136&#038;siteid=240610&#038;pgname=rg&#038;fmtid=49046&#038;visit=m&#038;tmstp=[timestamp]\" border=\"0\" alt=\"\"\/><\/a><\/p>\n<p><\/noscript><\/div>\n<p class=\"c3\">Que se passe-t-il dans le secteur du transport\u00a0? Cette question, nombreux sont les Burkinab\u00e8 qui se la posent au regard de ce qui se passe. Car, cela fait plus d\u2019une ann\u00e9e que je ne comprends plus rien, tant les mouvements d\u2019humeur n\u2019en finissent pas. Je me rappelle encore la gr\u00e8ve qui avait paralys\u00e9 \u00a0\u00a0ledit secteur, en 2019 et qui, il faut le dire, avait provoqu\u00e9 beaucoup de d\u00e9sagr\u00e9ments. A l\u2019\u00e9poque, on nous avait laiss\u00e9 croire qu\u2019une solution avait \u00e9t\u00e9 trouv\u00e9e entre le gouvernement et les syndicats des transporteurs et routiers. Apr\u00e8s quelques mois d\u2019accalmie, grande a \u00e9t\u00e9 ma surprise d\u2019entendre les m\u00eames syndicats grogner. Si ma m\u00e9moire est bonne, ils avaient m\u00eame tent\u00e9 une gr\u00e8ve en d\u00e9but d\u00e9cembre dernier mais qui, selon toute vraisemblance, n\u2019avait pas eu lieu. Pour quelle raison\u00a0? Je ne saurais le dire. Toujours est-il que les routiers, j\u2019ai encore souvenance, avaient remis le couvert en appelant \u00e0 un mouvement de protestation les 8, 9 et 10 janvier derniers. Le mot d\u2019ordre avait plus ou moins \u00e9t\u00e9 respect\u00e9 puisque des blocages avaient \u00e9t\u00e9 constat\u00e9s au niveau des diff\u00e9rentes sorties de la ville de Ouagadougou, entra\u00eenant parfois des embouteillages monstres.<\/p>\n<p class=\"c3\">Et ce n\u2019est pas tout. Car, \u00e0 peine les routiers ont-ils fini que les transporteurs sont entr\u00e9s dans la danse en appelant, quant \u00e0 eux, \u00e0 une gr\u00e8ve illimit\u00e9e \u00e0 partir du 16 janvier dernier. Ils accusent le gouvernement de se h\u00e2ter lentement dans la mise en place de leur nouvelle structure d\u00e9nomm\u00e9e Fa\u00eeti\u00e8re unique des transporteurs routiers du Burkina (FUTRB). \u00ab\u00a0<em>Pass\u00e9 le d\u00e9lai du 15 janvier 2020, nous serons dans l\u2019obligation, \u00e0 notre corps d\u00e9fendant, d\u2019observer un arr\u00eat du trafic de tous produits \u00e0 destination du Burkina, des livraisons et des transports des voyageurs sur toute l\u2019\u00e9tendue du territoire jusqu\u2019\u00e0 la mise en place de notre fa\u00eeti\u00e8re\u00a0<\/em>\u00bb, ont laiss\u00e9 entendre les 19 organisations professionnelles qui composent la future FUTRB.<\/p>\n<p class=\"c3\"><strong>\u00a0<\/strong><strong>J\u2019appelle le gouvernement \u00e0 plus de fermet\u00e9<\/strong><\/p>\n<p class=\"c3\">Voyez-vous\u00a0? On n\u2019est pas sorti de l\u2019auberge. Bien au contraire, on a comme l\u2019impression que les lignes n\u2019ont pas boug\u00e9 et ce, en d\u00e9pit des multiples rencontres qu\u2019il y a eues entre le gouvernement et les transporteurs routiers. Et Dieu seul sait les cons\u00e9quences que cette nouvelle gr\u00e8ve aura sur le pays. Mais ce que j\u2019ai personnellement du mal \u00e0 comprendre, c\u2019est quand souvent certains choisissent de bloquer les corridors, emp\u00eachant ainsi les autres usagers de la route de circuler normalement. Laissez-moi vous dire que parfois, m\u00eame ceux qui sont dans leurs v\u00e9hicules personnels, sont contraints de montrer patte blanche. Ce qui n\u2019est pas normal. Car, ce n\u2019est ni plus ni moins que de l\u2019incivisme au sens pl\u00e9nier du terme.<\/p>\n<p class=\"c3\">En tout cas, tout en reconnaissant le droit de gr\u00e8ve aux uns et autres, j\u2019avoue que je suis farouchement oppos\u00e9 \u00e0 cette mani\u00e8re de faire. Chacun a le droit d\u2019aller en gr\u00e8ve mais pas le droit de se livrer \u00e0 la pagaille. Je veux que les uns et les autres le comprennent. Nous sommes dans un Etat de droit o\u00f9 doivent \u00eatre scrupuleusement respect\u00e9es les r\u00e8gles, sous peine de sanctions. C\u2019est pourquoi j\u2019appelle le gouvernement \u00e0 plus de fermet\u00e9. Il faut s\u00e9vir, s\u2019il y a lieu. Ce faisant, il faut \u00e9viter de s\u2019immiscer dans les affaires int\u00e9rieures des transporteurs pour ne pas donner l\u2019impression qu\u2019il y a des int\u00e9r\u00eats \u00e0 d\u00e9fendre dans ce secteur.<\/p>\n<p class=\"c3\"><strong><em>\u00ab\u00a0Le Fou\u00a0\u00bb<\/em><\/strong><\/p>\n<p>Auteur: Le Pays<br \/>\n<a href=\"http:\/\/lepays.bf\/greves-perlees-dans-le-secteur-du-transportla-pagaille-a-assez-dure\/\">Cliquez ici pour lire l&rsquo;article depuis sa source.<\/a><\/p>\n","protected":false},"excerpt":{"rendered":"<p>Que se passe-t-il dans le secteur du transport\u00a0? Cette question, nombreux sont les Burkinab\u00e8 qui se la posent au regard de ce qui se passe. Car, cela fait plus d\u2019une ann\u00e9e que je ne comprends plus rien, tant les mouvements d\u2019humeur n\u2019en finissent pas. Je me rappelle encore la gr\u00e8ve qui avait paralys\u00e9 \u00a0\u00a0ledit secteur, [&hellip;]<\/p>\n","protected":false},"author":1813,"featured_media":0,"comment_status":"closed","ping_status":"closed","sticky":false,"template":"","format":"standard","meta":{"fifu_image_url":"","fifu_image_alt":"","footnotes":""},"categories":[73,81],"tags":[],"class_list":["post-73269","post","type-post","status-publish","format-standard","hentry","category-actualite","category-burkina-faso"],"_links":{"self":[{"href":"https:\/\/linitiative.ca\/International\/wp-json\/wp\/v2\/posts\/73269","targetHints":{"allow":["GET"]}}],"collection":[{"href":"https:\/\/linitiative.ca\/International\/wp-json\/wp\/v2\/posts"}],"about":[{"href":"https:\/\/linitiative.ca\/International\/wp-json\/wp\/v2\/types\/post"}],"author":[{"embeddable":true,"href":"https:\/\/linitiative.ca\/International\/wp-json\/wp\/v2\/users\/1813"}],"replies":[{"embeddable":true,"href":"https:\/\/linitiative.ca\/International\/wp-json\/wp\/v2\/comments?post=73269"}],"version-history":[{"count":0,"href":"https:\/\/linitiative.ca\/International\/wp-json\/wp\/v2\/posts\/73269\/revisions"}],"wp:attachment":[{"href":"https:\/\/linitiative.ca\/International\/wp-json\/wp\/v2\/media?parent=73269"}],"wp:term":[{"taxonomy":"category","embeddable":true,"href":"https:\/\/linitiative.ca\/International\/wp-json\/wp\/v2\/categories?post=73269"},{"taxonomy":"post_tag","embeddable":true,"href":"https:\/\/linitiative.ca\/International\/wp-json\/wp\/v2\/tags?post=73269"}],"curies":[{"name":"wp","href":"https:\/\/api.w.org\/{rel}","templated":true}]}}