{"id":73270,"date":"2020-01-16T16:04:37","date_gmt":"2020-01-16T21:04:37","guid":{"rendered":"https:\/\/linitiative.ca\/International\/nouveau-calendrier-de-la-cafretour-a-la-case-depart\/"},"modified":"2020-01-16T16:04:37","modified_gmt":"2020-01-16T21:04:37","slug":"nouveau-calendrier-de-la-cafretour-a-la-case-depart","status":"publish","type":"post","link":"https:\/\/linitiative.ca\/International\/nouveau-calendrier-de-la-cafretour-a-la-case-depart\/","title":{"rendered":"NOUVEAU CALENDRIER DE LA CAF:Retour \u00e0 la case d\u00e9part"},"content":{"rendered":"<div class=\"stream-item stream-item-above-post-content\">\n<p><noscript><\/p>\n<p><a href=\"\/\/www3.smartadserver.com\/ac?jump=1&#038;nwid=2136&#038;siteid=240610&#038;pgname=rg&#038;fmtid=49046&#038;visit=m&#038;tmstp=[timestamp]&#038;out=nonrich\" target=\"_blank\" rel=\"noopener noreferrer\"><img decoding=\"async\" src=\"\/\/www3.smartadserver.com\/ac?out=nonrich&#038;nwid=2136&#038;siteid=240610&#038;pgname=rg&#038;fmtid=49046&#038;visit=m&#038;tmstp=[timestamp]\" border=\"0\" alt=\"\"\/><\/a><\/p>\n<p><\/noscript><\/div>\n<p class=\"c3\">Contrairement \u00e0 la pr\u00e9c\u00e9dente Coupe d\u2019Afrique des nations (CAN) qui s\u2019est d\u00e9roul\u00e9e en juin\/juillet 2019 en Egypte, la prochaine, quant \u00e0 elle, aura finalement lieu plus t\u00f4t, du 9 janvier au 6 f\u00e9vrier 2021 au Cameroun. Ainsi en a d\u00e9cid\u00e9 la Conf\u00e9d\u00e9ration africaine de football (CAF), en collaboration avec les autorit\u00e9s du pays h\u00f4te, le 15 janvier 2020. Mais en attendant, ce changement doit d\u2019abord \u00eatre ent\u00e9rin\u00e9 lors de la prochaine r\u00e9union du Comit\u00e9 ex\u00e9cutif de la CAF, pr\u00e9vue pour se tenir en f\u00e9vrier prochain \u00e0 Laayoune. Alors, pourquoi \u00a0un tel revirement, pour ne pas dire un retour \u00e0 la case d\u00e9part, quand on sait que bien avant\u00a0 l\u2019arriv\u00e9e du Malgache Ahmad Ahmad \u00e0 la t\u00eate de la CAF, la grand\u2019messe du football africain se d\u00e9roulait en janvier\/f\u00e9vrier\u00a0? Officiellement, ce choix effectu\u00e9, dit-on, \u00e0 la demande des autorit\u00e9s camerounaises, est dict\u00e9 par des <em>\u00ab\u00a0conditions m\u00e9t\u00e9ologiques\u00a0\u00bb. \u00ab\u00a0Sur toute l\u2019\u00e9tendue du territoire, du Nord au Sud, de l\u2019Est \u00e0 l\u2019Ouest, (\u2026), la p\u00e9riode de juin \u00e0 septembre \u2013 je parle\u00a0 sous le contr\u00f4le du directeur de la m\u00e9t\u00e9orologie (\u2026) \u2013 correspond \u00e0 la grande saison des pluies\u00a0\u00bb<\/em> a d\u00e9clar\u00e9, en introduction d\u2019une r\u00e9union conjointe (CAF et partie camerounaise), le ministre camerounais des Sports et de l\u2019\u00e9ducation physique.<\/p>\n<p class=\"c3\"><strong>Ce changement de calendrier laisse croire que Ahmad avait op\u00e9r\u00e9 ses r\u00e9formes sur un coup de t\u00eate<\/strong><\/p>\n<p class=\"c3\">Autant dire que le pr\u00e9sident de la CAF, face \u00e0 cette r\u00e9alit\u00e9 pour le moins objective, n\u2019avait pas d\u2019autre choix que d\u2019acc\u00e9der \u00e0 la requ\u00eate des autorit\u00e9s camerounaises qui, on le sait, en avaient d\u2019ailleurs gros sur le c\u0153ur de s\u2019\u00eatre vu retirer l\u2019organisation\u00a0 <em>in extremis<\/em> de la CAN 2019. C\u2019\u00e9tait donc\u00a0 une occasion pour le Malgache Ahmad Ahmad, de se\u00a0 \u00a0racheter, ne serait-ce qu\u2019en guise de reconnaissance \u00e0 son conseiller Samuel Eto\u2019O, l\u2019ex-ic\u00f4ne du football camerounais. En tout cas, le moins que l\u2019on puisse dire, c\u2019est que ce retour en arri\u00e8re n\u2019a rien de surprenant\u00a0; tant le pr\u00e9sident Ahmad, au cours d\u2019une interview accord\u00e9e \u00e0 nos confr\u00e8res de RFI, avait d\u00e9j\u00e0 annonc\u00e9 la couleur en ces termes\u00a0: <em>\u00ab\u00a0J\u2019ai toujours dit que nous devions \u00eatre flexibles par rapport \u00e0 la m\u00e9t\u00e9o\u00a0\u00bb<\/em>. Ce qui laisse croire que ce nouveau calendrier pourrait s\u2019appliquer aux CAN 2023 et 2025 respectivement en C\u00f4te d\u2019Ivoire et en Guin\u00e9e. En tout cas, le contraire \u00e9tonnerait plus d\u2019un dans la mesure o\u00f9 la p\u00e9riode de l\u2019\u00e9t\u00e9, en Afrique de l\u2019Ouest, co\u00efncide avec la saison des pluies. Cela dit, ne faudrait-il pas, s\u2019il y a lieu, revenir \u00e0 l\u2019ancien syst\u00e8me qui semblait faire l\u2019unanimit\u00e9 au risque de passer le temps \u00e0 p\u00e9r\u00e9griner dans le temps et dans l\u2019espace\u00a0? La question reste pos\u00e9e.<\/p>\n<p class=\"c3\">De toute \u00e9vidence, ce changement de calendrier laisse croire que le Malgache Ahmad Ahmad avait op\u00e9r\u00e9 ses r\u00e9formes sur un coup de t\u00eate sans tenir compte de certaines r\u00e9alit\u00e9s, notamment climatiques.<\/p>\n<p class=\"c3\"><strong>\u00a0<\/strong><\/p>\n<p class=\"c3\"><strong>B.O<\/strong><\/p>\n<p>Auteur: Le Pays<br \/>\n<a href=\"http:\/\/lepays.bf\/nouveau-calendrier-de-la-cafretour-a-la-case-depart\/\">Cliquez ici pour lire l&rsquo;article depuis sa source.<\/a><\/p>\n","protected":false},"excerpt":{"rendered":"<p>Contrairement \u00e0 la pr\u00e9c\u00e9dente Coupe d\u2019Afrique des nations (CAN) qui s\u2019est d\u00e9roul\u00e9e en juin\/juillet 2019 en Egypte, la prochaine, quant \u00e0 elle, aura finalement lieu plus t\u00f4t, du 9 janvier au 6 f\u00e9vrier 2021 au Cameroun. Ainsi en a d\u00e9cid\u00e9 la Conf\u00e9d\u00e9ration africaine de football (CAF), en collaboration avec les autorit\u00e9s du pays h\u00f4te, le [&hellip;]<\/p>\n","protected":false},"author":1813,"featured_media":0,"comment_status":"closed","ping_status":"closed","sticky":false,"template":"","format":"standard","meta":{"fifu_image_url":"","fifu_image_alt":"","footnotes":""},"categories":[73,81],"tags":[],"class_list":["post-73270","post","type-post","status-publish","format-standard","hentry","category-actualite","category-burkina-faso"],"_links":{"self":[{"href":"https:\/\/linitiative.ca\/International\/wp-json\/wp\/v2\/posts\/73270","targetHints":{"allow":["GET"]}}],"collection":[{"href":"https:\/\/linitiative.ca\/International\/wp-json\/wp\/v2\/posts"}],"about":[{"href":"https:\/\/linitiative.ca\/International\/wp-json\/wp\/v2\/types\/post"}],"author":[{"embeddable":true,"href":"https:\/\/linitiative.ca\/International\/wp-json\/wp\/v2\/users\/1813"}],"replies":[{"embeddable":true,"href":"https:\/\/linitiative.ca\/International\/wp-json\/wp\/v2\/comments?post=73270"}],"version-history":[{"count":0,"href":"https:\/\/linitiative.ca\/International\/wp-json\/wp\/v2\/posts\/73270\/revisions"}],"wp:attachment":[{"href":"https:\/\/linitiative.ca\/International\/wp-json\/wp\/v2\/media?parent=73270"}],"wp:term":[{"taxonomy":"category","embeddable":true,"href":"https:\/\/linitiative.ca\/International\/wp-json\/wp\/v2\/categories?post=73270"},{"taxonomy":"post_tag","embeddable":true,"href":"https:\/\/linitiative.ca\/International\/wp-json\/wp\/v2\/tags?post=73270"}],"curies":[{"name":"wp","href":"https:\/\/api.w.org\/{rel}","templated":true}]}}