{"id":73271,"date":"2020-01-16T16:11:37","date_gmt":"2020-01-16T21:11:37","guid":{"rendered":"https:\/\/linitiative.ca\/International\/boycott-des-legislatives-en-guinee-lopposition-a-quitte-ou-double\/"},"modified":"2020-01-16T16:11:37","modified_gmt":"2020-01-16T21:11:37","slug":"boycott-des-legislatives-en-guinee-lopposition-a-quitte-ou-double","status":"publish","type":"post","link":"https:\/\/linitiative.ca\/International\/boycott-des-legislatives-en-guinee-lopposition-a-quitte-ou-double\/","title":{"rendered":"BOYCOTT DES LEGISLATIVES EN GUINEE  :L\u2019opposition \u00e0 quitte ou double"},"content":{"rendered":"<div class=\"stream-item stream-item-above-post-content\">\n<p><noscript><\/p>\n<p><a href=\"\/\/www3.smartadserver.com\/ac?jump=1&#038;nwid=2136&#038;siteid=240610&#038;pgname=rg&#038;fmtid=49046&#038;visit=m&#038;tmstp=[timestamp]&#038;out=nonrich\" target=\"_blank\" rel=\"noopener noreferrer\"><img decoding=\"async\" src=\"\/\/www3.smartadserver.com\/ac?out=nonrich&#038;nwid=2136&#038;siteid=240610&#038;pgname=rg&#038;fmtid=49046&#038;visit=m&#038;tmstp=[timestamp]\" border=\"0\" alt=\"\"\/><\/a><\/p>\n<p><\/noscript><\/div>\n<p class=\"c3\">En croisade depuis plusieurs mois, avec la soci\u00e9t\u00e9 civile, contre un troisi\u00e8me mandat du pr\u00e9sident Alpha Cond\u00e9, l\u2019opposition guin\u00e9enne a d\u00e9cid\u00e9 de boycotter les l\u00e9gislatives du 16 f\u00e9vrier prochain. Elle soup\u00e7onne, en effet, le chef de l\u2019Etat de vouloir en profiter pour faire passer son projet de modification de la Constitution par voie r\u00e9f\u00e9rendaire, pour s\u2019ouvrir la voie d\u2019une candidature \u00e0 sa propre succession. Ce boycott s\u2019est traduit par le non-d\u00e9p\u00f4t de listes de candidats \u00e0 la d\u00e9putation, avec la promesse d\u2019emp\u00eacher la tenue du scrutin. Dans le m\u00eame \u00a0temps, Celou Dalein Diallo et ses camarades de lutte continuent d\u2019investir la rue pour maintenir la pression sur le chef de l\u2019Etat afin que ce dernier clarifie sa position dans le sens d\u2019un renoncement pur et simple au troisi\u00e8me mandat dont on lui pr\u00eate l\u2019intention. En rappel, ces manifestations ont laiss\u00e9, en d\u00e9but de semaine, trois morts sur le carreau\u00a0; ce qui a valu la d\u00e9claration, par l\u2019opposition, d\u2019une tr\u00eave pour porter le deuil des disparus en attendant de remettre le couvert la semaine prochaine.<\/p>\n<p class=\"c3\"><strong>Avec l\u2019ouverture de la campagne, les d\u00e9s sont \u00e0 pr\u00e9sent jet\u00e9s<\/strong><\/p>\n<p class=\"c3\">C\u2019est dans un tel climat de tensions que le pr\u00e9sident Cond\u00e9 a sign\u00e9, le 15 janvier dernier, le d\u00e9cret d\u2019ouverture de la campagne qui se d\u00e9roulera du 16 janvier \u00e0 00h au 14 f\u00e9vrier 2020 \u00e0 00h. C\u2019est dire si avec l\u2019ouverture de la campagne, les d\u00e9s sont \u00e0 pr\u00e9sent jet\u00e9s puisque le processus semble maintenant irr\u00e9versible. Et si, dans ses calculs, l\u2019opposition misait sur un \u00e9ventuel report du scrutin pour esp\u00e9rer revenir dans la comp\u00e9tition, elle peut \u00e0 pr\u00e9sent d\u00e9finitivement tirer une croix sur la course \u00e0 la conqu\u00eate du Parlement. Car, tout porte \u00e0 croire que malgr\u00e9 la clameur, le pr\u00e9sident Cond\u00e9 qui est toujours \u00a0rest\u00e9 droit dans ses bottes face \u00e0 la mobilisation de son peuple tout en faisant la sourde oreille aux appels \u00e0 la raison, est d\u00e9cid\u00e9 \u00e0 aller jusqu\u2019au bout de sa forfaiture qui fait de moins en moins l\u2019objet de doute. Dans ces conditions, il ne reste plus, en toute logique, \u00e0 l\u2019opposition que la solution d\u2019emp\u00eacher la tenue du scrutin. C\u2019est dire si elle joue \u00e0 quitte ou double.<\/p>\n<p class=\"c3\">Car, si elle y parvient, elle pourra toujours esp\u00e9rer se remettre dans le jeu \u00e9lectoral. En outre, cela para\u00eetra comme une victoire d\u2019\u00e9tape qui pourrait la renforcer davantage dans sa croisade contre Cond\u00e9.\u00a0 Autrement, elle aura, par ce boycott, ouvert un boulevard au chef de l\u2019Etat, pour mettre \u00e0 ex\u00e9cution son plan machiav\u00e9lique de confiscation du pouvoir afin de se maintenir \u00e0 la t\u00eate de l\u2019Etat. Et il est ais\u00e9 de s\u2019imaginer que ce dernier ne se g\u00eanera pas, m\u00eame avec un parlement monocolore r\u00e9duit \u00e0 \u00eatre une \u00a0caisse de r\u00e9sonance de l\u2019Ex\u00e9cutif, de se pavaner au milieu des d\u00e9mocrates du continent.<\/p>\n<p class=\"c3\">Cela dit, si l\u2019on peut comprendre la volont\u00e9 de l\u2019opposition guin\u00e9enne de ne pas se laisser abuser par le pr\u00e9sident Cond\u00e9 visiblement en qu\u00eate d\u2019opportunit\u00e9 pour tordre le cou \u00e0 la Constitution dans le but de se maintenir au pouvoir, l\u2019on peut tout de m\u00eame se demander si la strat\u00e9gie du boycott est la bonne.<\/p>\n<p class=\"c3\"><strong>On se demande si la tr\u00eave annonc\u00e9e n\u2019est pas une veill\u00e9e d\u2019armes qui annonce une grande temp\u00eate<\/strong><\/p>\n<p class=\"c3\">Car, l\u2019histoire nous enseigne que la politique de la chaise vide n\u2019a jamais \u00e9t\u00e9 payante en Afrique. Au contraire, tout porte \u00e0 croire que c\u2019est la faute \u00e0 laquelle les dictateurs du continent tentent le plus souvent de pousser leurs opposants pour mieux s\u2019ouvrir le chemin de la victoire sans coup f\u00e9rir lors des consultations \u00e9lectorales. Et dans le cas d\u2019esp\u00e8ce, l\u2019opposition guin\u00e9enne risque de n\u2019avoir que ses yeux pour pleurer. Car, on ne voit pas par quels moyens l\u00e9gaux elle pourra encore emp\u00eacher la tenue de ce scrutin contest\u00e9 dont le chef de l\u2019Etat s\u2019est fait la joie d\u2019engager le processus. C\u2019est pourquoi, quand on voit la capacit\u00e9 de mobilisation dont l\u2019opposition a su faire montre dans sa campagne anti-troisi\u00e8me mandat, l\u2019on a des raisons de nourrir de s\u00e9rieuses craintes pour la Guin\u00e9e. D\u2019autant que de son c\u00f4t\u00e9, le pouvoir qui souffle le chaud et le froid, ne semble toutefois pas vouloir s\u2019en laisser conter. Au point que l\u2019ONG <em>Human Rights Watch<\/em> a d\u00e9nonc\u00e9, dans son rapport 2019, une r\u00e9pression croissante des libert\u00e9s de r\u00e9union et d\u2019expression, une sortie qui\u00a0 donne de l\u2019urticaire aux autorit\u00e9s de Conakry.<\/p>\n<p class=\"c3\">C\u2019est pourquoi l\u2019on se demande si la tr\u00eave annonc\u00e9e n\u2019est pas une veill\u00e9e d\u2019armes qui annonce une grande temp\u00eate. Quoi qu\u2019il en soit, avec la mont\u00e9e en fl\u00e8che de la tension,\u00a0 la situation en Guin\u00e9e est devenue fort pr\u00e9occupante, au point de nourrir l\u2019inqui\u00e9tude de nombreux observateurs et pas des moindres, comme la France qui en appelle au calme et \u00e0 la concertation au pays de S\u00e9kou Tour\u00e9. <strong>Sera-t-elle entendue\u00a0? On attend de voir.<\/strong><\/p>\n<p class=\"c3\"><strong>\u00a0<\/strong><\/p>\n<p class=\"c3\"><strong><em>\u00a0Le Pays\u00a0\u00bb<\/em><\/strong><\/p>\n<p class=\"c3\"><strong><em>\u00a0<\/em><\/strong><\/p>\n<p class=\"c3\"><strong><em>\u00a0<\/em><\/strong><\/p>\n<p class=\"c3\"><strong><em>\u00a0<\/em><\/strong><\/p>\n<p>Auteur: Le Pays<br \/>\n<a href=\"http:\/\/lepays.bf\/boycott-des-legislatives-en-guinee-lopposition-a-quitte-ou-double\/\">Cliquez ici pour lire l&rsquo;article depuis sa source.<\/a><\/p>\n","protected":false},"excerpt":{"rendered":"<p>En croisade depuis plusieurs mois, avec la soci\u00e9t\u00e9 civile, contre un troisi\u00e8me mandat du pr\u00e9sident Alpha Cond\u00e9, l\u2019opposition guin\u00e9enne a d\u00e9cid\u00e9 de boycotter les l\u00e9gislatives du 16 f\u00e9vrier prochain. Elle soup\u00e7onne, en effet, le chef de l\u2019Etat de vouloir en profiter pour faire passer son projet de modification de la Constitution par voie r\u00e9f\u00e9rendaire, pour [&hellip;]<\/p>\n","protected":false},"author":1813,"featured_media":0,"comment_status":"closed","ping_status":"closed","sticky":false,"template":"","format":"standard","meta":{"fifu_image_url":"","fifu_image_alt":"","footnotes":""},"categories":[73,81],"tags":[],"class_list":["post-73271","post","type-post","status-publish","format-standard","hentry","category-actualite","category-burkina-faso"],"_links":{"self":[{"href":"https:\/\/linitiative.ca\/International\/wp-json\/wp\/v2\/posts\/73271","targetHints":{"allow":["GET"]}}],"collection":[{"href":"https:\/\/linitiative.ca\/International\/wp-json\/wp\/v2\/posts"}],"about":[{"href":"https:\/\/linitiative.ca\/International\/wp-json\/wp\/v2\/types\/post"}],"author":[{"embeddable":true,"href":"https:\/\/linitiative.ca\/International\/wp-json\/wp\/v2\/users\/1813"}],"replies":[{"embeddable":true,"href":"https:\/\/linitiative.ca\/International\/wp-json\/wp\/v2\/comments?post=73271"}],"version-history":[{"count":0,"href":"https:\/\/linitiative.ca\/International\/wp-json\/wp\/v2\/posts\/73271\/revisions"}],"wp:attachment":[{"href":"https:\/\/linitiative.ca\/International\/wp-json\/wp\/v2\/media?parent=73271"}],"wp:term":[{"taxonomy":"category","embeddable":true,"href":"https:\/\/linitiative.ca\/International\/wp-json\/wp\/v2\/categories?post=73271"},{"taxonomy":"post_tag","embeddable":true,"href":"https:\/\/linitiative.ca\/International\/wp-json\/wp\/v2\/tags?post=73271"}],"curies":[{"name":"wp","href":"https:\/\/api.w.org\/{rel}","templated":true}]}}