{"id":73272,"date":"2020-01-16T03:06:57","date_gmt":"2020-01-16T08:06:57","guid":{"rendered":"https:\/\/linitiative.ca\/International\/gestion-des-ressources-forestieres-un-taux-dexecution-physique-de-607-enregistre-en-2019\/"},"modified":"2020-01-16T03:06:57","modified_gmt":"2020-01-16T08:06:57","slug":"gestion-des-ressources-forestieres-un-taux-dexecution-physique-de-607-enregistre-en-2019","status":"publish","type":"post","link":"https:\/\/linitiative.ca\/International\/gestion-des-ressources-forestieres-un-taux-dexecution-physique-de-607-enregistre-en-2019\/","title":{"rendered":"Gestion des ressources foresti\u00e8res : Un taux d\u2019ex\u00e9cution physique de 60,7% enregistr\u00e9 en 2019"},"content":{"rendered":"<div class=\"td-post-featured-image\" readability=\"36\"><a href=\"https:\/\/i0.wp.com\/www.sidwaya.info\/wp-content\/uploads\/2020\/01\/foresterie.gif?fit=700%2C467&#038;ssl=1\" data-caption=\"Le Secr\u00e9taire g\u00e9n\u00e9ral du minist\u00e8re en charge de l\u2019environnement, Sibidou Sina (milieu), a indiqu\u00e9 que l\u2019objectif de l\u2019AGREF est de contribuer \u00e0 la protection et \u00e0 la valorisation durable des ressources foresti\u00e8res et fauniques.\"><img loading=\"lazy\" decoding=\"async\" width=\"696\" height=\"464\" class=\"entry-thumb td-modal-image\" src=\"https:\/\/i0.wp.com\/www.sidwaya.info\/wp-content\/uploads\/2020\/01\/foresterie.gif?resize=696%2C464&#038;ssl=1\" alt=\"\" title=\"foresterie\"\/><\/a>Le Secr\u00e9taire g\u00e9n\u00e9ral du minist\u00e8re en charge de l\u2019environnement, Sibidou Sina (milieu), a indiqu\u00e9 que l\u2019objectif de l\u2019AGREF est de contribuer \u00e0 la protection et \u00e0 la valorisation durable des ressources foresti\u00e8res et fauniques.<\/div>\n<p><strong>Le comit\u00e9 de pilotage du programme d\u2019Appui \u00e0 la gestion durable des ressources foresti\u00e8res (AGREF), a tenu le mercredi 15 janvier 2020 \u00e0 Ouagadougou, sa deuxi\u00e8me session de l\u2019exercice 2019.<\/strong><\/p>\n<p>Le programme d\u2019Appui \u00e0 la gestion durable des ressources foresti\u00e8res (AGREF) a r\u00e9alis\u00e9 en 2019, des taux d\u2019ex\u00e9cution physique et financi\u00e8re de 60,7% et 39,63%. Au titre des activit\u00e9s men\u00e9es, il y a la formation de 711 agents sur diverses th\u00e9matiques, l\u2019acquisition de 25 kits de jardins nutritifs, de 180 motos pour renforcer les capacit\u00e9s op\u00e9rationnelles des acteurs sur le terrain, la surveillance continue des espaces de conservation, l\u2019appui \u00e0 la campagne nationale de reforestation\u2026.<\/p>\n<div class=\"td-a-rec td-a-rec-id-content_inline tdi_30_f00 td_block_template_1\"><a href=\"https:\/\/www.sidwaya.info\/wp-content\/uploads\/2019\/12\/Bandeau-sitebonneannee.jpg\"><img loading=\"lazy\" decoding=\"async\" class=\"aligncenter size-full wp-image-17812\" src=\"https:\/\/www.sidwaya.info\/wp-content\/uploads\/2019\/12\/Bandeau-sitebonneannee.jpg\" alt=\"\" width=\"720\" height=\"90\"\/><\/a><\/div>\n<p>Ce bilan a \u00e9t\u00e9 fait le mercredi 15 janvier 2020 \u00e0 Ouagadougou lors de la deuxi\u00e8me session de l\u2019exercice 2019 du comit\u00e9 de pilotage du programme. La rencontre a permis \u00e9galement d\u2019examiner et valider le compte rendu de la pr\u00e9c\u00e9dente session et d\u2019adopter le projet de plan de passation des march\u00e9s de cette ann\u00e9e. Le secr\u00e9taire g\u00e9n\u00e9ral du minist\u00e8re de l\u2019Environnement, de l\u2019Economie verte et du Changement climatique, Dr Sibidou Sina, par ailleurs pr\u00e9sident du comit\u00e9 de pilotage, a relev\u00e9 que l\u2019AGREF s\u2019inscrit dans le cadre de l\u2019op\u00e9rationnalisation du 3e Programme indicatif de coop\u00e9ration (PIC III) 2017-2021, sign\u00e9 le 21 novembre 2016 entre le Burkina et le Grand-Duch\u00e9 de Luxembourg.<\/p>\n<p class=\"c1\">Il vise, a-t-il poursuivi, \u00e0 soutenir la politique nationale en mati\u00e8re de gestion durable des ressources naturelles. \u00abL\u2019objectif global de ce programme est de contribuer \u00e0 la protection et \u00e0 la valorisation durable des ressources foresti\u00e8res et fauniques\u00bb, a-t-il mentionn\u00e9. Le Grand-Duch\u00e9 de Luxembourg, principal partenaire technique et financier, a, par la voix de son repr\u00e9sentant-r\u00e9sident, Hugues Legros, indiqu\u00e9 que son pays intervient dans le domaine de la foresterie au Burkina Faso depuis une dizaine d\u2019ann\u00e9es. \u00ab Nous sommes tr\u00e8s heureux de constater des progr\u00e8s dans la mise en \u0153uvre du programme \u00bb, a-t-il soutenu.<br \/>Obissa Juste MIEN<\/p>\n<p class=\"c2\"><strong>(Collaborateur)<\/strong><\/p>\n<div class=\"td-a-rec td-a-rec-id-content_bottom tdi_31_3e0 td_block_template_1\"><img loading=\"lazy\" decoding=\"async\" class=\"aligncenter size-full wp-image-9623\" src=\"https:\/\/www.sidwaya.info\/wp-content\/uploads\/2019\/06\/Projet-bannie%CC%80re-Orange-mobile.jpg\" alt=\"\" width=\"728\" height=\"81\"\/><\/div>\n<p>Auteur: JK. Sidwaya<br \/>\n<a href=\"https:\/\/www.sidwaya.info\/blog\/2020\/01\/16\/gestion-des-ressources-forestieres-un-taux-dexecution-physique-de-607-enregistre-en-2019\/\">Cliquez ici pour lire l&rsquo;article depuis sa source.<\/a><\/p>\n","protected":false},"excerpt":{"rendered":"<p>Le Secr\u00e9taire g\u00e9n\u00e9ral du minist\u00e8re en charge de l\u2019environnement, Sibidou Sina (milieu), a indiqu\u00e9 que l\u2019objectif de l\u2019AGREF est de contribuer \u00e0 la protection et \u00e0 la valorisation durable des ressources foresti\u00e8res et fauniques. Le comit\u00e9 de pilotage du programme d\u2019Appui \u00e0 la gestion durable des ressources foresti\u00e8res (AGREF), a tenu le mercredi 15 janvier [&hellip;]<\/p>\n","protected":false},"author":1816,"featured_media":0,"comment_status":"closed","ping_status":"closed","sticky":false,"template":"","format":"standard","meta":{"fifu_image_url":"","fifu_image_alt":"","footnotes":""},"categories":[73,81],"tags":[],"class_list":["post-73272","post","type-post","status-publish","format-standard","hentry","category-actualite","category-burkina-faso"],"_links":{"self":[{"href":"https:\/\/linitiative.ca\/International\/wp-json\/wp\/v2\/posts\/73272","targetHints":{"allow":["GET"]}}],"collection":[{"href":"https:\/\/linitiative.ca\/International\/wp-json\/wp\/v2\/posts"}],"about":[{"href":"https:\/\/linitiative.ca\/International\/wp-json\/wp\/v2\/types\/post"}],"author":[{"embeddable":true,"href":"https:\/\/linitiative.ca\/International\/wp-json\/wp\/v2\/users\/1816"}],"replies":[{"embeddable":true,"href":"https:\/\/linitiative.ca\/International\/wp-json\/wp\/v2\/comments?post=73272"}],"version-history":[{"count":0,"href":"https:\/\/linitiative.ca\/International\/wp-json\/wp\/v2\/posts\/73272\/revisions"}],"wp:attachment":[{"href":"https:\/\/linitiative.ca\/International\/wp-json\/wp\/v2\/media?parent=73272"}],"wp:term":[{"taxonomy":"category","embeddable":true,"href":"https:\/\/linitiative.ca\/International\/wp-json\/wp\/v2\/categories?post=73272"},{"taxonomy":"post_tag","embeddable":true,"href":"https:\/\/linitiative.ca\/International\/wp-json\/wp\/v2\/tags?post=73272"}],"curies":[{"name":"wp","href":"https:\/\/api.w.org\/{rel}","templated":true}]}}