{"id":73273,"date":"2020-01-16T03:10:51","date_gmt":"2020-01-16T08:10:51","guid":{"rendered":"https:\/\/linitiative.ca\/International\/can-2021-au-cameroun-la-competition-ramenee-en-janvier\/"},"modified":"2020-01-16T03:10:51","modified_gmt":"2020-01-16T08:10:51","slug":"can-2021-au-cameroun-la-competition-ramenee-en-janvier","status":"publish","type":"post","link":"https:\/\/linitiative.ca\/International\/can-2021-au-cameroun-la-competition-ramenee-en-janvier\/","title":{"rendered":"CAN 2021 au Cameroun : La comp\u00e9tition ramen\u00e9e en janvier"},"content":{"rendered":"<div class=\"td-post-featured-image\" readability=\"32\"><a href=\"https:\/\/i2.wp.com\/www.sidwaya.info\/wp-content\/uploads\/2020\/01\/can21.gif?fit=700%2C525&#038;ssl=1\" data-caption=\"Les autorit\u00e9s camerounaises et la CAF se sont accord\u00e9es \u00e0 nouvelle date pour la CAN 2021.\"><img loading=\"lazy\" decoding=\"async\" width=\"696\" height=\"522\" class=\"entry-thumb td-modal-image\" src=\"https:\/\/i2.wp.com\/www.sidwaya.info\/wp-content\/uploads\/2020\/01\/can21.gif?resize=696%2C522&#038;ssl=1\" alt=\"\" title=\"can21\"\/><\/a>Les autorit\u00e9s camerounaises et la CAF se sont accord\u00e9es \u00e0 nouvelle date pour la CAN 2021.<\/div>\n<p><strong>La Coupe d\u2019Afrique des Nations (CAN), initialement pr\u00e9vue en juin\/juillet 2021 au Cameroun, a \u00e9t\u00e9 ramen\u00e9 du 9 janvier au 6 f\u00e9vrier de la m\u00eame ann\u00e9e. L\u2019annonce a \u00e9t\u00e9 faite hier 15 janvier \u00e0 l\u2019issue d\u2019une rencontre \u00e0 Yaound\u00e9 entre les autorit\u00e9s camerounaises et la Conf\u00e9d\u00e9ration africaine de football (CAF).<\/strong><\/p>\n<p>Il se susurrait depuis quelques mois au Cameroun d\u2019un possible renvoi de la CAN 2021. La sortie m\u00e9diatique en d\u00e9but d\u2019ann\u00e9e du pr\u00e9sident de la CAF, Ahmad Ahmad est venue donner un peu de cr\u00e9dibilit\u00e9 \u00e0 cette rumeur. La nouvelle a \u00e9t\u00e9 enfin officialis\u00e9e hier au Cameroun, au sortir d\u2019une rencontre entre la F\u00e9d\u00e9ration camerounaise de football et la CAF : la CAN 2021 aura finalement lieu du 9 janvier au 6 f\u00e9vrier. C\u2019est en r\u00e9alit\u00e9 un secret de Polichinelle puisqu\u2019\u00e0 la demande du Cameroun de jouer la phase finale aux dates d\u2019antan, le pr\u00e9sident de la CAF avait sembl\u00e9, en d\u00e9but d\u2019ann\u00e9e, ouvert \u00e0 cette \u00e9ventualit\u00e9.<\/p>\n<div class=\"td-a-rec td-a-rec-id-content_inline tdi_30_ded td_block_template_1\"><a href=\"https:\/\/www.sidwaya.info\/wp-content\/uploads\/2019\/12\/Bandeau-sitebonneannee.jpg\"><img loading=\"lazy\" decoding=\"async\" class=\"aligncenter size-full wp-image-17812\" src=\"https:\/\/www.sidwaya.info\/wp-content\/uploads\/2019\/12\/Bandeau-sitebonneannee.jpg\" alt=\"\" width=\"720\" height=\"90\"\/><\/a><\/div>\n<p>\u00ab Il faudrait que quelqu\u2019un v\u00e9rifie ma d\u00e9claration au symposium de Rabat au moment o\u00f9 nous avions annonc\u00e9 une CAN \u00e0 24 \u00e9quipes en juillet. J\u2019ai toujours dit que nous devions \u00eatre flexibles par rapport \u00e0 la m\u00e9t\u00e9o \u00bb, avait-il indiqu\u00e9.<br \/>Ainsi, les conditions climatiques en juin et juillet au Cameroun ont \u00e9t\u00e9 les raisons officielles du retour de la CAN 2021 en janvier. Selon les autorit\u00e9s camerounaises, la p\u00e9riode de juin \u00e0 septembre correspond, sur toute l\u2019\u00e9tendue du territoire, \u00e0 la grande saison des pluies.<\/p>\n<p>\u00abA Douala, par exemple, durant cette p\u00e9riode, il pleut quotidiennement \u00bb, a expliqu\u00e9 le ministre camerounais des Sports et de l\u2019Education physique, le Pr Narcisse Mouelle Kombi.<br \/>Mais ce d\u00e9calage \u00e9tait en r\u00e9alit\u00e9 in\u00e9luctable avec la r\u00e9forme de la FIFA, en octobre 2019, de la coupe du monde des clubs. En 2021, cette comp\u00e9tition qui regroupait auparavant sept clubs se disputera en principe en Chine avec 24 \u00e9quipes\u2026 du 17 juin au 4 juillet.<br \/>C\u2019est-\u00e0-dire \u00e0 la m\u00eame p\u00e9riode choisie par la CAF en 2019 pour la tenue des CAN.<\/p>\n<p>En clair, la conf\u00e9d\u00e9ration africaine n\u2019avait d\u2019autre choix que d\u2019acc\u00e9der \u00e0 la requ\u00eate du Cameroun. Cependant, ce \u00e9ni\u00e8me rebondissement de la CAN camerounaise (retrait de l\u2019organisation de l\u2019\u00e9dition 2019, une CAN \u00e0 24 \u00e9quipes au lieu de 16 \u00e0 la derni\u00e8re<br \/>minute \u2026) va chambouler les calendriers et irriter de nombreux clubs et des joueurs africains. A commencer par les \u00e9liminatoires de la CAN 2021, actuellement suspendues \u00e0 la deuxi\u00e8me journ\u00e9e et qui devraient reprendre en ao\u00fbt prochain pour s\u2019achever en novembre 2019.<\/p>\n<p>La CAF reverra certainement dans les prochains jours le calendrier pour l\u2019adapter au renvoi de la coupe d\u2019Afrique en janvier.<br \/>En outre, le retour de la CAN en d\u00e9but d\u2019ann\u00e9e 2021 va certainement poser un probl\u00e8me aux joueurs africains \u00e9voluant en Europe. Puisque l\u2019une des raisons \u00e9voqu\u00e9es par la CAF en son temps pour justifier l\u2019organisation de la coupe d\u2019Afrique en juin\/juillet est que les diff\u00e9rents championnats \u00e0 cette p\u00e9riode, prennent fin, sur le vieux continent.<\/p>\n<p>En effet, de nombreux clubs europ\u00e9ens \u00e9taient en total d\u00e9saccord avec le calendrier de la comp\u00e9tition qui les contraignait \u00e0 lib\u00e9rer leurs joueurs africains pendant trois semaines. Ils seront encore plus f\u00e2ch\u00e9s en 2021 d\u2019autant plus qu\u2019avec une CAN \u00e0 24 \u00e9quipes depuis 2019, le tournoi dure un mois. Il y aura \u00e0 coup s\u00fbr des grincements de dents entre employ\u00e9s et employeurs. La faute \u00e0 la CAF qui op\u00e8re des changements incessants.<\/p>\n<p class=\"c1\"><strong>Si\u00e9 Simplice HIEN<\/strong><\/p>\n<div class=\"td-a-rec td-a-rec-id-content_bottom tdi_31_331 td_block_template_1\"><img loading=\"lazy\" decoding=\"async\" class=\"aligncenter size-full wp-image-9623\" src=\"https:\/\/www.sidwaya.info\/wp-content\/uploads\/2019\/06\/Projet-bannie%CC%80re-Orange-mobile.jpg\" alt=\"\" width=\"728\" height=\"81\"\/><\/div>\n<p>Auteur: JK. Sidwaya<br \/>\n<a href=\"https:\/\/www.sidwaya.info\/blog\/2020\/01\/16\/can-2021-au-cameroun-la-competition-ramenee-en-janvier\/\">Cliquez ici pour lire l&rsquo;article depuis sa source.<\/a><\/p>\n","protected":false},"excerpt":{"rendered":"<p>Les autorit\u00e9s camerounaises et la CAF se sont accord\u00e9es \u00e0 nouvelle date pour la CAN 2021. La Coupe d\u2019Afrique des Nations (CAN), initialement pr\u00e9vue en juin\/juillet 2021 au Cameroun, a \u00e9t\u00e9 ramen\u00e9 du 9 janvier au 6 f\u00e9vrier de la m\u00eame ann\u00e9e. L\u2019annonce a \u00e9t\u00e9 faite hier 15 janvier \u00e0 l\u2019issue d\u2019une rencontre \u00e0 Yaound\u00e9 [&hellip;]<\/p>\n","protected":false},"author":1816,"featured_media":0,"comment_status":"closed","ping_status":"closed","sticky":false,"template":"","format":"standard","meta":{"fifu_image_url":"","fifu_image_alt":"","footnotes":""},"categories":[73,81],"tags":[],"class_list":["post-73273","post","type-post","status-publish","format-standard","hentry","category-actualite","category-burkina-faso"],"_links":{"self":[{"href":"https:\/\/linitiative.ca\/International\/wp-json\/wp\/v2\/posts\/73273","targetHints":{"allow":["GET"]}}],"collection":[{"href":"https:\/\/linitiative.ca\/International\/wp-json\/wp\/v2\/posts"}],"about":[{"href":"https:\/\/linitiative.ca\/International\/wp-json\/wp\/v2\/types\/post"}],"author":[{"embeddable":true,"href":"https:\/\/linitiative.ca\/International\/wp-json\/wp\/v2\/users\/1816"}],"replies":[{"embeddable":true,"href":"https:\/\/linitiative.ca\/International\/wp-json\/wp\/v2\/comments?post=73273"}],"version-history":[{"count":0,"href":"https:\/\/linitiative.ca\/International\/wp-json\/wp\/v2\/posts\/73273\/revisions"}],"wp:attachment":[{"href":"https:\/\/linitiative.ca\/International\/wp-json\/wp\/v2\/media?parent=73273"}],"wp:term":[{"taxonomy":"category","embeddable":true,"href":"https:\/\/linitiative.ca\/International\/wp-json\/wp\/v2\/categories?post=73273"},{"taxonomy":"post_tag","embeddable":true,"href":"https:\/\/linitiative.ca\/International\/wp-json\/wp\/v2\/tags?post=73273"}],"curies":[{"name":"wp","href":"https:\/\/api.w.org\/{rel}","templated":true}]}}