{"id":73276,"date":"2020-01-16T10:41:51","date_gmt":"2020-01-16T15:41:51","guid":{"rendered":"https:\/\/linitiative.ca\/International\/asca-burkina-sa-les-travailleurs-reclament-leurs-salaires-de-decembre\/"},"modified":"2020-01-16T10:41:51","modified_gmt":"2020-01-16T15:41:51","slug":"asca-burkina-sa-les-travailleurs-reclament-leurs-salaires-de-decembre","status":"publish","type":"post","link":"https:\/\/linitiative.ca\/International\/asca-burkina-sa-les-travailleurs-reclament-leurs-salaires-de-decembre\/","title":{"rendered":"ASCA Burkina SA:  Les travailleurs r\u00e9clament leurs salaires de d\u00e9cembre"},"content":{"rendered":"<div class=\"td-post-featured-image\"><a href=\"https:\/\/i2.wp.com\/www.sidwaya.info\/wp-content\/uploads\/2020\/01\/1peinture.jpg?fit=800%2C400&#038;ssl=1\" data-caption=\"\"><img loading=\"lazy\" decoding=\"async\" width=\"696\" height=\"348\" class=\"entry-thumb td-modal-image\" src=\"https:\/\/i2.wp.com\/www.sidwaya.info\/wp-content\/uploads\/2020\/01\/1peinture.jpg?resize=696%2C348&#038;ssl=1\" srcset=\"https:\/\/i2.wp.com\/www.sidwaya.info\/wp-content\/uploads\/2020\/01\/1peinture.jpg?w=800&#038;ssl=1 800w, https:\/\/i2.wp.com\/www.sidwaya.info\/wp-content\/uploads\/2020\/01\/1peinture.jpg?resize=300%2C150&#038;ssl=1 300w, https:\/\/i2.wp.com\/www.sidwaya.info\/wp-content\/uploads\/2020\/01\/1peinture.jpg?resize=768%2C384&#038;ssl=1 768w, https:\/\/i2.wp.com\/www.sidwaya.info\/wp-content\/uploads\/2020\/01\/1peinture.jpg?resize=696%2C348&#038;ssl=1 696w\" sizes=\"auto, (max-width: 696px) 100vw, 696px\" alt=\"\" title=\"1peinture\"\/><\/a><\/div>\n<p><strong>Des agents de la soci\u00e9t\u00e9 de maintenance et de vente de v\u00e9hicules, ASCA Burkina SA ont manifest\u00e9 leur m\u00e9contentement, le jeudi 16 janvier 2020 \u00e0 Ouagadougou, face au non versement de leurs salaires du mois de d\u00e9cembre.<\/strong><\/p>\n<p>La soci\u00e9t\u00e9 ASCA Burkina SA du groupe Coris capital a connu une ambiance particuli\u00e8re ce jeudi 16 janvier 2020. En effet, les travailleurs ont d\u00e9sert\u00e9 leurs postes de travail pour manifester contre les responsables de la soci\u00e9t\u00e9 qu\u2019ils reprochent d\u2019avoir bloqu\u00e9 leurs salaires du mois de d\u00e9cembre. Post\u00e9 devant l\u2019entreprise, la tristesse se lisait sur leurs visages. \u00ab\u00a0<em>Nous avons f\u00eat\u00e9 sans salaire\u00a0<\/em>\u00bb, a lanc\u00e9 un des manifestants qui pr\u00e9cise que la soci\u00e9t\u00e9 a cette habitude de virer leurs salaires plusieurs jours apr\u00e8s la fin du mois, \u00ab\u00a0<em>mais cette fois-ci, c\u2019est exag\u00e9r\u00e9<\/em>\u00a0\u00bb. Les frondeurs qui disent avoir contract\u00e9 des pr\u00eats aupr\u00e8s des institutions financi\u00e8res, craignent de payer en m\u00eame temps leurs traites des mois de d\u00e9cembre et de janvier si le salaire est pay\u00e9 apr\u00e8s le 18 janvier. A cela s\u2019ajoutent les loyers impay\u00e9s, les frais de scolarit\u00e9 de leurs enfants, etc., qui les am\u00e8nent \u00e0 manifester leur col\u00e8re. \u00ab\u00a0<em>Tant que le comptable ne nous dit pas que nos salaires sont positionn\u00e9s, nous n\u2019allons pas travailler<\/em>\u00a0\u00bb, a menac\u00e9 un agent sous couvert d\u2019anonymat. Par ailleurs, les travailleurs r\u00e9clament \u00e9galement l\u2019am\u00e9lioration de leurs conditions de travail. Ils ont confi\u00e9 que la soci\u00e9t\u00e9 ne met pas \u00e0 la leur disposition assez de moyens mais ils arrivent \u00e0 satisfaire la client\u00e8le. Toutefois, les manifestants ont soutenu avoir la volont\u00e9 de travailler pour l\u2019avancement de la soci\u00e9t\u00e9 mais il va falloir que les responsables communiquent plus.\u00a0 Nous avons tent\u00e9 d\u2019obtenir la version des premiers responsables d\u2019ASCA Burkina SA sans succ\u00e8s, mais aux derni\u00e8res nouvelles, les salaires des travailleurs auraient \u00e9t\u00e9 positionn\u00e9s apr\u00e8s notre passage.<\/p>\n<div class=\"td-a-rec td-a-rec-id-content_inline tdi_30_700 td_block_template_1\"><a href=\"https:\/\/www.sidwaya.info\/wp-content\/uploads\/2019\/12\/Bandeau-sitebonneannee.jpg\"><img loading=\"lazy\" decoding=\"async\" class=\"aligncenter size-full wp-image-17812\" src=\"https:\/\/www.sidwaya.info\/wp-content\/uploads\/2019\/12\/Bandeau-sitebonneannee.jpg\" alt=\"\" width=\"720\" height=\"90\"\/><\/a><\/div>\n<p><strong>Joseph HARO<\/strong><\/p>\n<div class=\"td-a-rec td-a-rec-id-content_bottom tdi_31_a72 td_block_template_1\"><img loading=\"lazy\" decoding=\"async\" class=\"aligncenter size-full wp-image-9623\" src=\"https:\/\/www.sidwaya.info\/wp-content\/uploads\/2019\/06\/Projet-bannie%CC%80re-Orange-mobile.jpg\" alt=\"\" width=\"728\" height=\"81\"\/><\/div>\n<p>Auteur: BS. Sidwaya<br \/>\n<a href=\"https:\/\/www.sidwaya.info\/blog\/2020\/01\/16\/asca-burkina-sa-les-travailleurs-reclament-leurs-salaires-de-decembre\/\">Cliquez ici pour lire l&rsquo;article depuis sa source.<\/a><\/p>\n","protected":false},"excerpt":{"rendered":"<p>Des agents de la soci\u00e9t\u00e9 de maintenance et de vente de v\u00e9hicules, ASCA Burkina SA ont manifest\u00e9 leur m\u00e9contentement, le jeudi 16 janvier 2020 \u00e0 Ouagadougou, face au non versement de leurs salaires du mois de d\u00e9cembre. La soci\u00e9t\u00e9 ASCA Burkina SA du groupe Coris capital a connu une ambiance particuli\u00e8re ce jeudi 16 janvier [&hellip;]<\/p>\n","protected":false},"author":1816,"featured_media":0,"comment_status":"closed","ping_status":"closed","sticky":false,"template":"","format":"standard","meta":{"fifu_image_url":"","fifu_image_alt":"","footnotes":""},"categories":[73,81],"tags":[],"class_list":["post-73276","post","type-post","status-publish","format-standard","hentry","category-actualite","category-burkina-faso"],"_links":{"self":[{"href":"https:\/\/linitiative.ca\/International\/wp-json\/wp\/v2\/posts\/73276","targetHints":{"allow":["GET"]}}],"collection":[{"href":"https:\/\/linitiative.ca\/International\/wp-json\/wp\/v2\/posts"}],"about":[{"href":"https:\/\/linitiative.ca\/International\/wp-json\/wp\/v2\/types\/post"}],"author":[{"embeddable":true,"href":"https:\/\/linitiative.ca\/International\/wp-json\/wp\/v2\/users\/1816"}],"replies":[{"embeddable":true,"href":"https:\/\/linitiative.ca\/International\/wp-json\/wp\/v2\/comments?post=73276"}],"version-history":[{"count":0,"href":"https:\/\/linitiative.ca\/International\/wp-json\/wp\/v2\/posts\/73276\/revisions"}],"wp:attachment":[{"href":"https:\/\/linitiative.ca\/International\/wp-json\/wp\/v2\/media?parent=73276"}],"wp:term":[{"taxonomy":"category","embeddable":true,"href":"https:\/\/linitiative.ca\/International\/wp-json\/wp\/v2\/categories?post=73276"},{"taxonomy":"post_tag","embeddable":true,"href":"https:\/\/linitiative.ca\/International\/wp-json\/wp\/v2\/tags?post=73276"}],"curies":[{"name":"wp","href":"https:\/\/api.w.org\/{rel}","templated":true}]}}