{"id":73277,"date":"2020-01-16T15:18:03","date_gmt":"2020-01-16T20:18:03","guid":{"rendered":"https:\/\/linitiative.ca\/International\/cote-divoire-un-militaire-tue-dans-des-incidents-entre-militaires-et-individus-non-identifies\/"},"modified":"2020-01-16T15:18:03","modified_gmt":"2020-01-16T20:18:03","slug":"cote-divoire-un-militaire-tue-dans-des-incidents-entre-militaires-et-individus-non-identifies","status":"publish","type":"post","link":"https:\/\/linitiative.ca\/International\/cote-divoire-un-militaire-tue-dans-des-incidents-entre-militaires-et-individus-non-identifies\/","title":{"rendered":"C\u00f4te d\u2019Ivoire: un militaire tu\u00e9 dans des \u00abincidents\u00bb entre militaires et individus non identifi\u00e9s"},"content":{"rendered":"<div readability=\"32\">\n<p>Publi\u00e9 le 16.01.2020 \u00e0 21h18 par APA News<\/p>\n<\/div>\n<div readability=\"49\">\n<p>Un militaire a \u00e9t\u00e9 tu\u00e9 dans la nuit de mercredi \u00e0 jeudi dans des \u00ab incidents \u00bb qui ont oppos\u00e9 des militaires \u00e0 des individus non identifi\u00e9s dans le Sud-ouest ivoirien, a annonc\u00e9 jeudi soir, le Chef d\u00a0\u00bbEtat-major g\u00e9n\u00e9ral des arm\u00e9es, le G\u00e9n\u00e9ral de corps d\u2019arm\u00e9e Lassina Doumbia.Ces incidents qui ont oppos\u00e9 des militaires \u00e0 des individus non identifi\u00e9s dans la localit\u00e9 de N\u00e9ro, dans la Sous-Pr\u00e9fecture de Tabou ont \u00e9t\u00e9 \u00abcirconscrits\u00bb gr\u00e2ce aux \u00abrenforts d\u00e9ploy\u00e9s \u00bb \u00a0sur le terrain o\u00f9 \u00ab le calme est vite revenu \u00bb, rapporte le G\u00e9n\u00e9ral de corps d\u2019arm\u00e9e Lassina Doumbia, dressant un bilan faisant \u00e9tat \u00ab d\u2019un militaire d\u00e9c\u00e9d\u00e9 et d\u2019un autre bless\u00e9 \u00bb.<\/p>\n<p>\u00ab Une enqu\u00eate a \u00e9t\u00e9 ouverte par la Gendarmerie nationale afin de d\u00e9terminer les circonstances exactes de ces \u00e9v\u00e9nements \u00bb, ajoute le Chef d\u2019Etat-major g\u00e9n\u00e9ral des arm\u00e9es.\u00a0<\/p>\n<p>\u00a0Poursuivant, \u00a0il assure \u00ab les populations du renforcement du dispositif s\u00e9curitaire dans la zone et les invite par cons\u00e9quent \u00e0 vaquer \u00e0 leurs occupations \u00bb.<\/p>\n<\/div>\n<p>Auteur: APA News<br \/>\n<a href=\"https:\/\/www.journalducameroun.com\/cote-divoire-un-militaire-tue-dans-des-incidents-entre-militaires-et-individus-non-identifies\/\">Cliquez ici pour lire l&rsquo;article depuis sa source.<\/a><\/p>\n","protected":false},"excerpt":{"rendered":"<p>Publi\u00e9 le 16.01.2020 \u00e0 21h18 par APA News Un militaire a \u00e9t\u00e9 tu\u00e9 dans la nuit de mercredi \u00e0 jeudi dans des \u00ab incidents \u00bb qui ont oppos\u00e9 des militaires \u00e0 des individus non identifi\u00e9s dans le Sud-ouest ivoirien, a annonc\u00e9 jeudi soir, le Chef d\u00a0\u00bbEtat-major g\u00e9n\u00e9ral des arm\u00e9es, le G\u00e9n\u00e9ral de corps d\u2019arm\u00e9e Lassina [&hellip;]<\/p>\n","protected":false},"author":1965,"featured_media":0,"comment_status":"closed","ping_status":"closed","sticky":false,"template":"","format":"standard","meta":{"fifu_image_url":"","fifu_image_alt":"","footnotes":""},"categories":[73,82],"tags":[],"class_list":["post-73277","post","type-post","status-publish","format-standard","hentry","category-actualite","category-cameroun"],"_links":{"self":[{"href":"https:\/\/linitiative.ca\/International\/wp-json\/wp\/v2\/posts\/73277","targetHints":{"allow":["GET"]}}],"collection":[{"href":"https:\/\/linitiative.ca\/International\/wp-json\/wp\/v2\/posts"}],"about":[{"href":"https:\/\/linitiative.ca\/International\/wp-json\/wp\/v2\/types\/post"}],"author":[{"embeddable":true,"href":"https:\/\/linitiative.ca\/International\/wp-json\/wp\/v2\/users\/1965"}],"replies":[{"embeddable":true,"href":"https:\/\/linitiative.ca\/International\/wp-json\/wp\/v2\/comments?post=73277"}],"version-history":[{"count":0,"href":"https:\/\/linitiative.ca\/International\/wp-json\/wp\/v2\/posts\/73277\/revisions"}],"wp:attachment":[{"href":"https:\/\/linitiative.ca\/International\/wp-json\/wp\/v2\/media?parent=73277"}],"wp:term":[{"taxonomy":"category","embeddable":true,"href":"https:\/\/linitiative.ca\/International\/wp-json\/wp\/v2\/categories?post=73277"},{"taxonomy":"post_tag","embeddable":true,"href":"https:\/\/linitiative.ca\/International\/wp-json\/wp\/v2\/tags?post=73277"}],"curies":[{"name":"wp","href":"https:\/\/api.w.org\/{rel}","templated":true}]}}