{"id":73278,"date":"2020-01-16T16:18:05","date_gmt":"2020-01-16T21:18:05","guid":{"rendered":"https:\/\/linitiative.ca\/International\/abidjan-abrite-un-forum-economique-centrafricain-le-25-janvier-2020\/"},"modified":"2020-01-16T16:18:05","modified_gmt":"2020-01-16T21:18:05","slug":"abidjan-abrite-un-forum-economique-centrafricain-le-25-janvier-2020","status":"publish","type":"post","link":"https:\/\/linitiative.ca\/International\/abidjan-abrite-un-forum-economique-centrafricain-le-25-janvier-2020\/","title":{"rendered":"Abidjan abrite un forum \u00e9conomique centrafricain le 25 janvier 2020"},"content":{"rendered":"<div readability=\"32\">\n<p>Publi\u00e9 le 16.01.2020 \u00e0 22h18 par APA News<\/p>\n<\/div>\n<div readability=\"130\">\n<p>Abidjan, la capitale \u00e9conomique ivoirienne, abrite le 25 janvier 2020 un forum \u00e9conomique centrafricain d\u00e9nomm\u00e9 \u00ab Forum Africa development for Bangui (FAD 2020)\u00bb \u00e0 la faveur d\u2019une visite du pr\u00e9sident Faustin-Archange Touad\u00e9ra attendu sur les bords de la lagune Ebri\u00e9 le 23 janvier 2020.Dans le cadre des pr\u00e9paratifs de cet \u00e9v\u00e9nement, une d\u00e9l\u00e9gation minist\u00e9rielle centrafricaine est pr\u00e9sente en C\u00f4te d\u2019Ivoire depuis le lundi 13 janvier 2020. Et ce, pour \u00e9changer avec les autorit\u00e9s ivoiriennes et visiter des p\u00f4les agro-industriels et \u00e9conomiques du pays.<\/p>\n<p>Les mod\u00e8les inspirants de l\u2019Etat de C\u00f4te d\u2019Ivoire dans son \u00e9lan de d\u00e9veloppement, pays d\u2019ailleurs sorti d\u2019une grave crise en 2010-2011 et ayant su redresser sa trajectoire \u00e9conomique, devraient servir de ferment \u00e0 la R\u00e9publique de Centrafrique aux fins de dynamiser son \u00e9conomie. \u00a0<\/p>\n<p>A cette plateforme \u00e9conomique, la Centrafrique pr\u00e9sentera son potentiel \u00e9conomique aux investisseurs. Selon Rameaux Claude Bireau, ministre-conseiller \u00e9conomique de la R\u00e9publique de Centrafrique (RCA), le pays dispose d\u2019une richesse immense, mais a besoin de ressources financi\u00e8res pour exploiter le potentiel.\u00a0<\/p>\n<p>La RCA, soutient-il, \u00ab regorge 34 substances min\u00e9rales dont l\u2019or, le diamant, le mangan\u00e8se, le calcaire, l\u2019uranium et m\u00eame le p\u00e9trole \u00bb. En outre, le pays dispose d\u2019un sol et un sous-sol riches avec plus de 15 millions d\u2019hectares de terres arables, 16 millions d\u2019hectares de p\u00e2turage favorable \u00e0 l\u2019\u00e9levage et \u00a05 millions d\u2019hectares de for\u00eat dense.<\/p>\n<p>Il s\u2019agit d\u2019un appel \u00e0 \u00ab ceux qui d\u00e9tiennent les capitaux pour qu\u2019ils pussent aller en RCA nous aider \u00e0 mettre en valeur ces ressources \u00bb, a-t-il fait savoir sans ambages, donnant l\u2019assurance sur le partenariat public-priv\u00e9 assorti d\u2019instruments juridiques judicieux tels que la loi portant charte des investissements.<\/p>\n<p>La RCA s\u2019est dot\u00e9e par ailleurs d\u2019un code minier attractif et d\u2019un code forestier. Avec tout ce d\u00e9cor, la d\u00e9l\u00e9gation esp\u00e8re attirer davantage d\u2019investisseurs pour les secteurs prioritaires qui sont, entre autres, le secteur agricole, minier, forestier et de l\u2019\u00e9nergie.<\/p>\n<p>Pour sa part, Gilbert Poumangue, ministre-conseiller, charg\u00e9 des Relations avec les institutions de financement du d\u00e9veloppement, a estim\u00e9 que \u00ab ces projets prioritaires d\u00e9coulent d\u2019un plan de rel\u00e8vement et de consolidation de la paix (et est compris) entre 12 000 milliards et 30 000 milliards de FCFA \u00bb.\u00a0<\/p>\n<p>A l\u2019initiative du Faustin-Archange Touadera, un dialogue a \u00e9t\u00e9 entam\u00e9 avec les 14 groupes arm\u00e9s qui a d\u00e9bouch\u00e9 sur l\u2019Accord de Khartoum le 06 f\u00e9vrier 2019. Un accord comportant un certain nombre d\u2019engagement de part et d\u2019autres.<\/p>\n<p>Poursuivant M. Poumangue a soulign\u00e9 que le gouvernement centrafricain a \u00ab d\u00e9j\u00e0 r\u00e9alis\u00e9 la majorit\u00e9 de ses engagements, mais la mise en \u0153uvre du c\u00f4t\u00e9 des 14 groupes arm\u00e9s pi\u00e9tine un peu, toutefois les garants que sont les institutions sont en discussions avec eux pour amener les groupes arm\u00e9s \u00e0 mettre en \u0153uvre leur engagement \u00bb.<\/p>\n<p>Il a assur\u00e9 de l\u2019am\u00e9lioration du climat des affaires, un facteur d\u00e9terminant pour les investisseurs, ainsi que la s\u00e9curit\u00e9 juridique et judiciaire des investissements. En plus, il a \u00e9t\u00e9 institu\u00e9 la charte des investissements. Elle a \u00e9t\u00e9 r\u00e9vis\u00e9e pour encourager les investissements.\u00a0<\/p>\n<p>\u00ab En RCA, il y a de cela deux ans, pour cr\u00e9er une entreprise, il fallait huit mois \u00bb mais le Guichet unique en charge de la formalit\u00e9 des entreprises permet aujourd\u2019hui de cr\u00e9er \u00ab en 48 heures une entreprise \u00bb avec \u00e0 la cl\u00e9 des avantages de la charte des investissements.<\/p>\n<p>Avec les perspectives d\u2019exploitation du p\u00e9trole, l\u2019Etat centrafricain envisage de mettre en place un Code p\u00e9trolier pour encadrer ce secteur strat\u00e9gique. Outre cela, un certain nombre de mesures ont \u00e9t\u00e9 mises en place par le gouvernement pour attirer les investisseurs dans un esprit de coop\u00e9ration Sud-Sud.<\/p>\n<p>Apr\u00e8s l\u2019\u00e9tape de la C\u00f4te d\u2019Ivoire, cette campagne devrait se poursuivre dans plusieurs capitales europ\u00e9ennes, am\u00e9ricaines et des pays du Golf selon des sources proches du dossier.<\/p>\n<\/div>\n<p>Auteur: APA News<br \/>\n<a href=\"https:\/\/www.journalducameroun.com\/abidjan-abrite-un-forum-economique-centrafricain-le-25-janvier-2020\/\">Cliquez ici pour lire l&rsquo;article depuis sa source.<\/a><\/p>\n","protected":false},"excerpt":{"rendered":"<p>Publi\u00e9 le 16.01.2020 \u00e0 22h18 par APA News Abidjan, la capitale \u00e9conomique ivoirienne, abrite le 25 janvier 2020 un forum \u00e9conomique centrafricain d\u00e9nomm\u00e9 \u00ab Forum Africa development for Bangui (FAD 2020)\u00bb \u00e0 la faveur d\u2019une visite du pr\u00e9sident Faustin-Archange Touad\u00e9ra attendu sur les bords de la lagune Ebri\u00e9 le 23 janvier 2020.Dans le cadre des [&hellip;]<\/p>\n","protected":false},"author":1965,"featured_media":0,"comment_status":"closed","ping_status":"closed","sticky":false,"template":"","format":"standard","meta":{"fifu_image_url":"","fifu_image_alt":"","footnotes":""},"categories":[73,82],"tags":[],"class_list":["post-73278","post","type-post","status-publish","format-standard","hentry","category-actualite","category-cameroun"],"_links":{"self":[{"href":"https:\/\/linitiative.ca\/International\/wp-json\/wp\/v2\/posts\/73278","targetHints":{"allow":["GET"]}}],"collection":[{"href":"https:\/\/linitiative.ca\/International\/wp-json\/wp\/v2\/posts"}],"about":[{"href":"https:\/\/linitiative.ca\/International\/wp-json\/wp\/v2\/types\/post"}],"author":[{"embeddable":true,"href":"https:\/\/linitiative.ca\/International\/wp-json\/wp\/v2\/users\/1965"}],"replies":[{"embeddable":true,"href":"https:\/\/linitiative.ca\/International\/wp-json\/wp\/v2\/comments?post=73278"}],"version-history":[{"count":0,"href":"https:\/\/linitiative.ca\/International\/wp-json\/wp\/v2\/posts\/73278\/revisions"}],"wp:attachment":[{"href":"https:\/\/linitiative.ca\/International\/wp-json\/wp\/v2\/media?parent=73278"}],"wp:term":[{"taxonomy":"category","embeddable":true,"href":"https:\/\/linitiative.ca\/International\/wp-json\/wp\/v2\/categories?post=73278"},{"taxonomy":"post_tag","embeddable":true,"href":"https:\/\/linitiative.ca\/International\/wp-json\/wp\/v2\/tags?post=73278"}],"curies":[{"name":"wp","href":"https:\/\/api.w.org\/{rel}","templated":true}]}}