{"id":73280,"date":"2020-01-16T17:18:03","date_gmt":"2020-01-16T22:18:03","guid":{"rendered":"https:\/\/linitiative.ca\/International\/la-grande-actrice-egyptienne-magda-sabahi-passe-larme-a-gauche\/"},"modified":"2020-01-16T17:18:03","modified_gmt":"2020-01-16T22:18:03","slug":"la-grande-actrice-egyptienne-magda-sabahi-passe-larme-a-gauche","status":"publish","type":"post","link":"https:\/\/linitiative.ca\/International\/la-grande-actrice-egyptienne-magda-sabahi-passe-larme-a-gauche\/","title":{"rendered":"La grande actrice \u00e9gyptienne Magda Sabahi passe l\u2019arme \u00e0 gauche"},"content":{"rendered":"<div readability=\"32\">\n<p>Publi\u00e9 le 16.01.2020 \u00e0 23h18 par APA News<\/p>\n<\/div>\n<div readability=\"68\">\n<p>La grande actrice Magda Sadaha, l\u2019une des \u00e9toiles les plus fameuses du cin\u00e9ma \u00e9gyptien, s\u2019est \u00e9teinte, jeudi, \u00e0 l\u2019\u00e2ge de 89 ans des suites d\u2019une longue maladie, a annonc\u00e9 sa famille.Par Mohamed Fayed<\/p>\n<p>N\u00e9e en 1931 \u00e0 Tanta, Magda a commenc\u00e9 sa carri\u00e8re artistique \u00e0 l\u2019\u00e2ge de 15 ans, mais ses v\u00e9ritables d\u00e9buts dans le monde du cin\u00e9ma remonte \u00e0 1949 dans le film \u00ab El Naseh \u00bb, r\u00e9alis\u00e9 par Seif Eddine Shawkat.<\/p>\n<p>Son \u00e9quilibre artistique d\u00e9passe \u00a060 films cin\u00e9matographiques, dont certains sont tir\u00e9s d\u2019\u0153uvres litt\u00e9raires telles que \u00ab Le Mirage \u00bb sur une histoire de Naguib Mahfouz, \u00ab Nez et trois yeux \u00bb sur une histoire d\u2019Ihsan Abdul Quddus et \u00ab L\u2019homme qui a perdu son ombre \u00bb sur l\u2019histoire de Fathi Ghanem.<\/p>\n<p>L\u2019artiste a ensuite fond\u00e9 sa propre soci\u00e9t\u00e9 de production cin\u00e9matographique o\u00f9 elle a produit des films c\u00e9l\u00e8bres, notamment \u00ab Jamila \u00bb et \u00ab Hegret El Rasoul \u00bb et a repr\u00e9sent\u00e9 l\u2019\u00c9gypte dans de nombreux festivals internationaux et de semaines cin\u00e9matographiques internationales.<\/p>\n<p>En 1995, Magda a \u00e9t\u00e9 \u00e9lue pr\u00e9sidente de la \u00ab Egyptian Women in Film Association \u00bb et a remport\u00e9 de nombreux prix aux festivals de Damas, de Berlin et de Venise.<\/p>\n<p>Elle a remport\u00e9 le \u00abNile Award\u00bb dans le domaine des arts en 2016, qui est le prix \u00e9gyptien le plus \u00e9lev\u00e9, et a \u00e9t\u00e9 honor\u00e9 par l\u2019\u00c9tat le jour de l\u2019art en 2014.<\/p>\n<\/div>\n<p>Auteur: APA News<br \/>\n<a href=\"https:\/\/www.journalducameroun.com\/la-grande-actrice-egyptienne-magda-sabahi-passe-larme-a-gauche\/\">Cliquez ici pour lire l&rsquo;article depuis sa source.<\/a><\/p>\n","protected":false},"excerpt":{"rendered":"<p>Publi\u00e9 le 16.01.2020 \u00e0 23h18 par APA News La grande actrice Magda Sadaha, l\u2019une des \u00e9toiles les plus fameuses du cin\u00e9ma \u00e9gyptien, s\u2019est \u00e9teinte, jeudi, \u00e0 l\u2019\u00e2ge de 89 ans des suites d\u2019une longue maladie, a annonc\u00e9 sa famille.Par Mohamed Fayed N\u00e9e en 1931 \u00e0 Tanta, Magda a commenc\u00e9 sa carri\u00e8re artistique \u00e0 l\u2019\u00e2ge de [&hellip;]<\/p>\n","protected":false},"author":1965,"featured_media":0,"comment_status":"closed","ping_status":"closed","sticky":false,"template":"","format":"standard","meta":{"fifu_image_url":"","fifu_image_alt":"","footnotes":""},"categories":[73,82],"tags":[],"class_list":["post-73280","post","type-post","status-publish","format-standard","hentry","category-actualite","category-cameroun"],"_links":{"self":[{"href":"https:\/\/linitiative.ca\/International\/wp-json\/wp\/v2\/posts\/73280","targetHints":{"allow":["GET"]}}],"collection":[{"href":"https:\/\/linitiative.ca\/International\/wp-json\/wp\/v2\/posts"}],"about":[{"href":"https:\/\/linitiative.ca\/International\/wp-json\/wp\/v2\/types\/post"}],"author":[{"embeddable":true,"href":"https:\/\/linitiative.ca\/International\/wp-json\/wp\/v2\/users\/1965"}],"replies":[{"embeddable":true,"href":"https:\/\/linitiative.ca\/International\/wp-json\/wp\/v2\/comments?post=73280"}],"version-history":[{"count":0,"href":"https:\/\/linitiative.ca\/International\/wp-json\/wp\/v2\/posts\/73280\/revisions"}],"wp:attachment":[{"href":"https:\/\/linitiative.ca\/International\/wp-json\/wp\/v2\/media?parent=73280"}],"wp:term":[{"taxonomy":"category","embeddable":true,"href":"https:\/\/linitiative.ca\/International\/wp-json\/wp\/v2\/categories?post=73280"},{"taxonomy":"post_tag","embeddable":true,"href":"https:\/\/linitiative.ca\/International\/wp-json\/wp\/v2\/tags?post=73280"}],"curies":[{"name":"wp","href":"https:\/\/api.w.org\/{rel}","templated":true}]}}