{"id":73281,"date":"2020-01-16T17:50:03","date_gmt":"2020-01-16T22:50:03","guid":{"rendered":"https:\/\/linitiative.ca\/International\/nouvelles-declarations-embarrassantes-pour-trump-juge-dans-laffaire-ukrainienne\/"},"modified":"2020-01-16T17:50:03","modified_gmt":"2020-01-16T22:50:03","slug":"nouvelles-declarations-embarrassantes-pour-trump-juge-dans-laffaire-ukrainienne","status":"publish","type":"post","link":"https:\/\/linitiative.ca\/International\/nouvelles-declarations-embarrassantes-pour-trump-juge-dans-laffaire-ukrainienne\/","title":{"rendered":"Nouvelles d\u00e9clarations embarrassantes pour Trump, jug\u00e9 dans l\u2019affaire ukrainienne"},"content":{"rendered":"<div readability=\"32\">\n<p>Publi\u00e9 le 16.01.2020 \u00e0 23h50 par AFP<\/p>\n<\/div>\n<div readability=\"156\">\n<p>Donald Trump et d\u2019autres responsables r\u00e9publicains accus\u00e9s de tout savoir des pressions exerc\u00e9es sur l\u2019Ukraine: les r\u00e9v\u00e9lations d\u2019un associ\u00e9 de Rudy Giuliani, l\u2019avocat personnel du pr\u00e9sident am\u00e9ricain, confortent le dossier d\u2019accusation \u00e0 l\u2019ouverture de son proc\u00e8s en destitution jeudi.<\/p>\n<p>Dans une interview mercredi soir \u00e0 la cha\u00eene MSNBC, Lev Parnas, homme d\u2019affaires d\u2019origine ukrainienne inculp\u00e9 en octobre pour violation des lois sur le financement des campagnes \u00e9lectorales, a affirm\u00e9 que le pr\u00e9sident savait tout des efforts que M. Parnas menait aupr\u00e8s des autorit\u00e9s ukrainiennes, avec un autre associ\u00e9 Igor Fruman, pour qu\u2019elles compromettent Joe Biden, ex-vice pr\u00e9sident d\u00e9mocrate et candidat \u00e0 la pr\u00e9sidentielle 2020.<\/p>\n<p>\u00ab\u00a0Le pr\u00e9sident Trump savait exactement ce qui se passait, il \u00e9tait au courant de mes d\u00e9placements, je ne faisais rien sans le consentement de M. Giuliani ou du pr\u00e9sident\u00a0\u00bb, a notamment affirm\u00e9 cet homme de 47 ans, son avocat \u00e0 ses c\u00f4t\u00e9s, dans un revirement spectaculaire contre M. Giuliani et M. Trump.<\/p>\n<p>M. Parnas a aussi certifi\u00e9 que M. Trump \u00ab\u00a0avait menti\u00a0\u00bb en affirmant ne pas le conna\u00eetre.<\/p>\n<p>\u00ab\u00a0Nous n\u2019\u00e9tions pas amis (\u2026) mais il savait exactement qui nous \u00e9tions et en particulier qui j\u2019\u00e9tais, car j\u2019ai interagi avec lui \u00e0 de nombreuses reprises.\u00a0\u00bb<\/p>\n<p>M. Trump a n\u00e9anmoins r\u00e9p\u00e9t\u00e9 jeudi qu\u2019il ne connaissait pas M. Parnas.<\/p>\n<p>\u00ab\u00a0Je ne le connais pas, je ne crois pas lui avoir d\u00e9j\u00e0 parl\u00e9\u00a0\u00bb, a indiqu\u00e9 le pr\u00e9sident am\u00e9ricain depuis la Maison Blanche, en reconnaissant que des photos avaient n\u00e9anmoins pu \u00eatre prises des deux hommes.<\/p>\n<p>M. Parnas a aussi affirm\u00e9 qu\u2019il avait toujours \u00e9t\u00e9 clair que ces pressions sur l\u2019Ukraine \u00e9taient \u00ab\u00a0enti\u00e8rement\u00a0\u00bb destin\u00e9es \u00e0 saper les chances de Joe Biden, et non pas \u00e0 lutter contre la corruption, le principal argument de Donald Trump.<\/p>\n<p>\u2013 Surveillance ill\u00e9gale? \u2013<\/p>\n<p>Dans d\u2019autres entretiens au New York Times et \u00e0 CNN, M. Parnas a assur\u00e9 que plusieurs responsables r\u00e9publicains \u00e9taient au courant de ces pressions, tra\u00e7ant un cercle impliquant largement l\u2019entourage du pr\u00e9sident.<\/p>\n<p>M. Parnas a notamment impliqu\u00e9 le ministre de la Justice William Barr, l\u2019\u00e9lu californien Devin Nunes, num\u00e9ro 2 de la commission du renseignement de la Chambre des repr\u00e9sentants, et deux autres personnes li\u00e9es au financement de la campagne de r\u00e9\u00e9lection de M. Trump.<\/p>\n<p>M. Parnas a fait ces d\u00e9clarations alors que les d\u00e9mocrates du Congr\u00e8s rendaient publics des documents \u2013 photos, SMS \u2013 semblant \u00e9tayer les pressions men\u00e9es sur les autorit\u00e9s ukrainiennes, ainsi que les efforts de M. Giuliani et M. Parnas pour faire limoger l\u2019ambassadrice am\u00e9ricaine \u00e0 Kiev Marie Yovanovitch, jug\u00e9e anti-Trump.<\/p>\n<p>Des messages \u00e9chang\u00e9s entre M. Parnas et un candidat r\u00e9publicain \u00e0 la Chambre des repr\u00e9sentants, Robert Hyde, portent ainsi \u00e0 croire que ce dernier communiquait avec des gens en Ukraine qui surveillaient les allers et venues de l\u2019ambassadrice en mars, soit peu avant son rappel de Kiev en mai.<\/p>\n<p>M. Parnas a assur\u00e9 qu\u2019il ne fallait pas prendre au s\u00e9rieux ces messages, balayant l\u2019id\u00e9e que la diplomate, qui avait livr\u00e9 un vibrant t\u00e9moignage t\u00e9l\u00e9vis\u00e9 au Congr\u00e8s mi-novembre, ait pu \u00eatre surveill\u00e9e.<\/p>\n<p>Mais l\u2019Ukraine a annonc\u00e9 jeudi ouvrir une enqu\u00eate, et le FBI s\u2019est rendu jeudi au domicile de M. Hyde, selon une source anonyme cit\u00e9e par CNN.<\/p>\n<p>Ces informations ont confort\u00e9 ceux qui accusent M. Trump d\u2019avoir import\u00e9 des m\u00e9thodes mafieuses \u00e0 la Maison Blanche.<\/p>\n<p>Une ex-procureure f\u00e9d\u00e9rale new-yorkaise, Mimi Rocah, a tweet\u00e9 que ces messages sugg\u00e9raient qu&rsquo;\u00a0\u00bbun coup mafieux\u00a0\u00bb se pr\u00e9parait contre Mme Yovanovitch.<\/p>\n<p>M. Parnas, aujourd\u2019hui citoyen am\u00e9ricain, a plaid\u00e9 non coupable aux chefs d\u2019accusation retenus contre lui, pour lesquels il encourt 20 ans de prison.<\/p>\n<p>D\u00e9sormais pr\u00eat \u00e0 coop\u00e9rer avec les enqu\u00eateurs, il a d\u00e9clar\u00e9 au New York Times \u00ab\u00a0regretter avoir fait trop confiance\u00a0\u00bb \u00e0 M. Giuliani et M. Trump.<\/p>\n<p>\u00ab\u00a0Je croyais agir en patriote et aider le pr\u00e9sident\u00a0\u00bb, a-t-il ajout\u00e9.<\/p>\n<p>Avec Igor Fruman, ils sont accus\u00e9s d\u2019avoir dissimul\u00e9 l\u2019origine \u00e9trang\u00e8re de plus de dons octroy\u00e9s en 2018 \u00e0 des campagnes \u00e9lectorales, notamment l\u2019origine de 325.000 dollars vers\u00e9s pour la campagne de r\u00e9\u00e9lection de Donald Trump en mai 2018.<\/p>\n<p>Avant son arrestation le 9 octobre, alors qu\u2019il s\u2019appr\u00eatait \u00e0 quitter les Etats-Unis, M. Parnas \u00e9tait d\u00e9j\u00e0 dans le collimateur des d\u00e9mocrates du Congr\u00e8s qui l\u2019avaient convoqu\u00e9 pour t\u00e9moigner: son nom \u00e9tait revenu dans l\u2019enqu\u00eate sur le coup de t\u00e9l\u00e9phone controvers\u00e9 dans lequel Donald Trump demandait fin juillet au pr\u00e9sident ukrainien Volodymyr Zelensky de \u00ab\u00a0se pencher\u00a0\u00bb sur Joe Biden et d\u2019entrer en contact avec Rudy Giuliani.<\/p>\n<\/div>\n<p>Auteur: AFP<br \/>\n<a href=\"https:\/\/www.journalducameroun.com\/nouvelles-declarations-embarrassantes-pour-trump-juge-dans-laffaire-ukrainienne\/\">Cliquez ici pour lire l&rsquo;article depuis sa source.<\/a><\/p>\n","protected":false},"excerpt":{"rendered":"<p>Publi\u00e9 le 16.01.2020 \u00e0 23h50 par AFP Donald Trump et d\u2019autres responsables r\u00e9publicains accus\u00e9s de tout savoir des pressions exerc\u00e9es sur l\u2019Ukraine: les r\u00e9v\u00e9lations d\u2019un associ\u00e9 de Rudy Giuliani, l\u2019avocat personnel du pr\u00e9sident am\u00e9ricain, confortent le dossier d\u2019accusation \u00e0 l\u2019ouverture de son proc\u00e8s en destitution jeudi. Dans une interview mercredi soir \u00e0 la cha\u00eene MSNBC, [&hellip;]<\/p>\n","protected":false},"author":1965,"featured_media":0,"comment_status":"closed","ping_status":"closed","sticky":false,"template":"","format":"standard","meta":{"fifu_image_url":"","fifu_image_alt":"","footnotes":""},"categories":[73,82],"tags":[],"class_list":["post-73281","post","type-post","status-publish","format-standard","hentry","category-actualite","category-cameroun"],"_links":{"self":[{"href":"https:\/\/linitiative.ca\/International\/wp-json\/wp\/v2\/posts\/73281","targetHints":{"allow":["GET"]}}],"collection":[{"href":"https:\/\/linitiative.ca\/International\/wp-json\/wp\/v2\/posts"}],"about":[{"href":"https:\/\/linitiative.ca\/International\/wp-json\/wp\/v2\/types\/post"}],"author":[{"embeddable":true,"href":"https:\/\/linitiative.ca\/International\/wp-json\/wp\/v2\/users\/1965"}],"replies":[{"embeddable":true,"href":"https:\/\/linitiative.ca\/International\/wp-json\/wp\/v2\/comments?post=73281"}],"version-history":[{"count":0,"href":"https:\/\/linitiative.ca\/International\/wp-json\/wp\/v2\/posts\/73281\/revisions"}],"wp:attachment":[{"href":"https:\/\/linitiative.ca\/International\/wp-json\/wp\/v2\/media?parent=73281"}],"wp:term":[{"taxonomy":"category","embeddable":true,"href":"https:\/\/linitiative.ca\/International\/wp-json\/wp\/v2\/categories?post=73281"},{"taxonomy":"post_tag","embeddable":true,"href":"https:\/\/linitiative.ca\/International\/wp-json\/wp\/v2\/tags?post=73281"}],"curies":[{"name":"wp","href":"https:\/\/api.w.org\/{rel}","templated":true}]}}