{"id":73282,"date":"2020-01-16T11:22:23","date_gmt":"2020-01-16T16:22:23","guid":{"rendered":"https:\/\/linitiative.ca\/International\/7-855-pensionnes-de-letat-menaces-de-suspension-de-solde\/"},"modified":"2020-01-16T11:22:23","modified_gmt":"2020-01-16T16:22:23","slug":"7-855-pensionnes-de-letat-menaces-de-suspension-de-solde","status":"publish","type":"post","link":"https:\/\/linitiative.ca\/International\/7-855-pensionnes-de-letat-menaces-de-suspension-de-solde\/","title":{"rendered":"7 855 pensionn\u00e9s de l\u2019Etat menac\u00e9s de suspension de solde"},"content":{"rendered":"<p>Le ministre des Finances,\u00a0<strong>Louis<\/strong>\u00a0<strong>Paul<\/strong>\u00a0<strong>Motaze<\/strong> annonce dans un communiqu\u00e9 du 8 janvier 2020 l\u2019identification de <strong>7 855 personnes<\/strong> soup\u00e7onn\u00e9s de percevoir ind\u00fbment des <strong>pensions de r\u00e9version et d\u2019invalidit\u00e9<\/strong>. D\u2019apr\u00e8s l\u2019argentier de l\u2019Etat, une vaste op\u00e9ration a \u00e9t\u00e9 men\u00e9e aupr\u00e8s des administrations \u00e9mettrices, en vue d\u2019extirper du fichier solde les <em>\u00ab\u00a0<strong>b\u00e9n\u00e9ficiaires frauduleux<\/strong>\u00a0\u00bb<\/em> desdites pensions. La collecte des actes constitutifs des droits y relatifs s\u2019est d\u00e9roul\u00e9e dans le cadre de l\u2019assainissement du fichier solde de l\u2019Etat, et plus pr\u00e9cis\u00e9ment le contr\u00f4le et la s\u00e9curisation du fichier des ayant droits des agents publics et pensionn\u00e9s d\u00e9c\u00e9d\u00e9s ainsi que celui des pensions d\u2019invalidit\u00e9.<\/p>\n<hr\/>\n<h6 class=\"post-title entry-title\">Lire aussi :<a href=\"https:\/\/ecomatin.net\/louis-paul-motaze-souhaite-booster-le-rythme-de-traitement-des-actes-de-mise-en-retraite\/\">Louis Paul Motaze souhaite booster le rythme de traitement des actes de mise en retraite<\/a><\/h6>\n<hr\/>\n<p><em>\u00ab\u00a0Au terme de cette op\u00e9ration, les actes de 7 855 personnes du fichier solde actuel n\u2019ont pas pu \u00eatre retrouv\u00e9s. Ce qui fait douter de la l\u00e9gitimit\u00e9 des droits qu\u2019ils continuent de percevoir\u00a0\u00bb,<\/em>\u00a0mentionne\u00a0<strong>Louis Paul Motaze<\/strong>. Le Minfi veut toutefois limiter le contentieux qui pourrait d\u00e9couler de la suspension directe du paiement desdites pensions. Aussi, invite-t-il les concern\u00e9s \u00e0\u00a0<em>\u00ab\u00a0d\u00e9poser imp\u00e9rativement une copie de l\u2019acte leur attribuant la pension\u00a0\u00bb,<\/em>\u00a0aupr\u00e8s de la Tr\u00e9sorerie g\u00e9n\u00e9rale la plus proche, au plus tard le vendredi 20 mars 2020. Si ce d\u00e9lai n\u2019est pas respect\u00e9,\u00a0lesdites pensions seront suspendues et des mesures de recouvrement des sommes d\u00e9j\u00e0 per\u00e7ues seront engag\u00e9es, menace le ministre des Finances.<\/p>\n<p>La pension de r\u00e9version correspond \u00e0 une partie de la retraite dont b\u00e9n\u00e9ficiait ou aurait pu b\u00e9n\u00e9ficier un agent de l\u2019\u00c9tat d\u00e9c\u00e9d\u00e9. Elle est vers\u00e9e \u00e0 ses ayants-droit. Et une pension d\u2019invalidit\u00e9 est accord\u00e9e aux personnes qui sont incapables de travailler de mani\u00e8re permanente ou temporaire en raison d\u2019un handicap.<\/p>\n<p>La chasse aux pensionn\u00e9s fraudeurs conduite par le minist\u00e8re des Finances est une phase de l\u2019op\u00e9ration de Comptage physique du personnel de l\u2019\u00c9tat (<strong>Coppe<\/strong>). Lanc\u00e9 en avril 2018, le Coppe a permis \u00e0 la Fonction publique camerounaise d\u2019identifier et d\u2019expurger du fichier solde de l\u2019\u00c9tat, des agents publics y \u00e9margeant irr\u00e9guli\u00e8rement, du fait d\u2019une absence non justifi\u00e9e, d\u2019une d\u00e9mission ou d\u2019un d\u00e9c\u00e8s non d\u00e9clar\u00e9.<\/p>\n<p>Le d\u00e9nombrement physique des fonctionnaires en cours est une prescription du chef de l\u2019\u00c9tat, Paul Biya. Dans sa circulaire du 20 juin 2017, le pr\u00e9sident camerounais avait instruit un comptage des agents publics au cours de l\u2019exercice 2018. \u00c0 l\u2019\u00e9poque, la masse salariale tournait autour de <strong>1 000 milliards de FCFA\u00a0<\/strong>pour environ\u00a0<strong>310\u2009000 agents<\/strong>, repr\u00e9sentant\u00a0<strong>35,6%<\/strong>\u00a0des recettes fiscales, un taux au-dessus du ratio de la zone Cemac.<\/p>\n<div class=\"sharedaddy sd-sharing-enabled robots-nocontent sd-block sd-social sd-social-icon-text sd-sharing\">\n<h3 class=\"sd-title\">Partager\u00a0:<\/h3>\n<\/div>\n<p><h3 class=\"jp-relatedposts-headline\"><em>Articles similaires<\/em><\/h3>\n<\/p>\n<div class=\"stream-item stream-item-below-post-content\"><a href=\"https:\/\/www.facebook.com\/canalpluscmr\/\" title=\"\" target=\"_blank\" rel=\"noopener noreferrer\"><img loading=\"lazy\" decoding=\"async\" src=\"https:\/\/ecomatin.net\/wp-content\/uploads\/2020\/01\/ecomatin-H1260-xL-6222-px.png\" alt=\"\" width=\"728\" height=\"90\"\/><\/a><\/div>\n<p>Auteur: Ecomatin<br \/>\n<a href=\"https:\/\/ecomatin.net\/7-855-pensionnes-de-letat-menaces-de-suspension-de-solde\/\">Cliquez ici pour lire l&rsquo;article depuis sa source.<\/a><\/p>\n","protected":false},"excerpt":{"rendered":"<p>Le ministre des Finances,\u00a0Louis\u00a0Paul\u00a0Motaze annonce dans un communiqu\u00e9 du 8 janvier 2020 l\u2019identification de 7 855 personnes soup\u00e7onn\u00e9s de percevoir ind\u00fbment des pensions de r\u00e9version et d\u2019invalidit\u00e9. D\u2019apr\u00e8s l\u2019argentier de l\u2019Etat, une vaste op\u00e9ration a \u00e9t\u00e9 men\u00e9e aupr\u00e8s des administrations \u00e9mettrices, en vue d\u2019extirper du fichier solde les \u00ab\u00a0b\u00e9n\u00e9ficiaires frauduleux\u00a0\u00bb desdites pensions. La collecte des [&hellip;]<\/p>\n","protected":false},"author":1969,"featured_media":73283,"comment_status":"closed","ping_status":"closed","sticky":false,"template":"","format":"standard","meta":{"fifu_image_url":"","fifu_image_alt":"","footnotes":""},"categories":[82,78],"tags":[],"class_list":["post-73282","post","type-post","status-publish","format-standard","has-post-thumbnail","hentry","category-cameroun","category-economie"],"_links":{"self":[{"href":"https:\/\/linitiative.ca\/International\/wp-json\/wp\/v2\/posts\/73282","targetHints":{"allow":["GET"]}}],"collection":[{"href":"https:\/\/linitiative.ca\/International\/wp-json\/wp\/v2\/posts"}],"about":[{"href":"https:\/\/linitiative.ca\/International\/wp-json\/wp\/v2\/types\/post"}],"author":[{"embeddable":true,"href":"https:\/\/linitiative.ca\/International\/wp-json\/wp\/v2\/users\/1969"}],"replies":[{"embeddable":true,"href":"https:\/\/linitiative.ca\/International\/wp-json\/wp\/v2\/comments?post=73282"}],"version-history":[{"count":0,"href":"https:\/\/linitiative.ca\/International\/wp-json\/wp\/v2\/posts\/73282\/revisions"}],"wp:featuredmedia":[{"embeddable":true,"href":"https:\/\/linitiative.ca\/International\/wp-json\/"}],"wp:attachment":[{"href":"https:\/\/linitiative.ca\/International\/wp-json\/wp\/v2\/media?parent=73282"}],"wp:term":[{"taxonomy":"category","embeddable":true,"href":"https:\/\/linitiative.ca\/International\/wp-json\/wp\/v2\/categories?post=73282"},{"taxonomy":"post_tag","embeddable":true,"href":"https:\/\/linitiative.ca\/International\/wp-json\/wp\/v2\/tags?post=73282"}],"curies":[{"name":"wp","href":"https:\/\/api.w.org\/{rel}","templated":true}]}}