{"id":73284,"date":"2020-01-16T11:36:34","date_gmt":"2020-01-16T16:36:34","guid":{"rendered":"https:\/\/linitiative.ca\/International\/des-etudiants-formes-a-la-reparation-des-terminaux-numeriques\/"},"modified":"2020-01-16T11:36:34","modified_gmt":"2020-01-16T16:36:34","slug":"des-etudiants-formes-a-la-reparation-des-terminaux-numeriques","status":"publish","type":"post","link":"https:\/\/linitiative.ca\/International\/des-etudiants-formes-a-la-reparation-des-terminaux-numeriques\/","title":{"rendered":"Des \u00e9tudiants form\u00e9s \u00e0 la r\u00e9paration des terminaux num\u00e9riques"},"content":{"rendered":"<div class=\"featured-area featured-area-inner\"><img loading=\"lazy\" decoding=\"async\" width=\"780\" height=\"405\" src=\"https:\/\/ecomatin.net\/wp-content\/uploads\/2020\/01\/AS-Mobile-R\u00e9paration-de-t\u00e9l\u00e9phone-\u00e0-Arlon-7-780x405.jpg?is-pending-load=1\" class=\"attachment-jannah-image-post size-jannah-image-post wp-post-image jetpack-lazy-image\" alt=\"\" srcset=\"data:image\/gif;base64,R0lGODlhAQABAIAAAAAAAP\/\/\/yH5BAEAAAAALAAAAAABAAEAAAIBRAA7\"\/><\/div>\n<div class=\"entry-content entry clearfix\" readability=\"62.619372442\">\n<p>Sous l\u2019\u00e9gide du minist\u00e8re des Postes et t\u00e9l\u00e9communications (<strong>Minpostel<\/strong>), une session pilote de capacitation de certains acteurs du secteur de l\u2019\u00e9conomie num\u00e9rique est ouverte depuis le 6 janvier \u00e0 l\u2019Ecole nationale sup\u00e9rieure des postes et t\u00e9l\u00e9communications et des technologies de l\u2019information et de la communication (<strong>Sup\u2019ptic<\/strong>).<\/p>\n<p>Cette formation vise, entre autres, \u00e0 renforcer les capacit\u00e9s des apprenants en mati\u00e8re de t\u00e9l\u00e9phones mobiles et autres terminaux de communication \u00e9lectronique. Ils seront capables, \u00e0 la fin de cette formation, de d\u00e9panner ou de r\u00e9parer les terminaux num\u00e9riques endommag\u00e9s.<\/p>\n<hr\/>\n<p><strong>Lire aussi\u00a0: <a href=\"https:\/\/ecomatin.net\/economie-numerique-le-cameroun-lance-un-incubateur-dentreprises\/\">Economie Num\u00e9rique : le Cameroun lance un incubateur d\u2019entreprises<\/a><\/strong><\/p>\n<hr\/>\n<p>La ministre <strong>Minette Libom Li Likeng<\/strong> a effectu\u00e9, le 15 janvier, une descente au Sup\u2019ptic afin d\u2019appr\u00e9cier le d\u00e9roulement de cette session de formation qui s\u2019ach\u00e8ve le 31 janvier, notamment celle relative \u00e0 la r\u00e9paration des t\u00e9l\u00e9phones mobiles et autres terminaux de communications \u00e9lectroniques.<\/p>\n<p>Les \u00e9tudiants sont outill\u00e9s sur les t\u00e9l\u00e9phones utilitaires qui, \u00e0 la limite du smart, permettent d\u2019appeler, \u00e9couter la musique ou la radio, prendre des photos et \u00e9ventuellement acc\u00e9der \u00e0 des applications de r\u00e9seaux sociaux, comme Facebook, Whatsapp, ou encore Imo et Itel, qui dominent le march\u00e9 en s\u2019offrant <strong>57,2%<\/strong> des parts.<\/p>\n<div class=\"sharedaddy sd-sharing-enabled robots-nocontent sd-block sd-social sd-social-icon-text sd-sharing\">\n<h3 class=\"sd-title\">Partager\u00a0:<\/h3>\n<\/div>\n<p><h3 class=\"jp-relatedposts-headline\"><em>Articles similaires<\/em><\/h3>\n<\/p>\n<div class=\"stream-item stream-item-below-post-content\"><a href=\"https:\/\/www.facebook.com\/canalpluscmr\/\" title=\"\" target=\"_blank\" rel=\"noopener noreferrer\"><img loading=\"lazy\" decoding=\"async\" src=\"https:\/\/ecomatin.net\/wp-content\/uploads\/2020\/01\/ecomatin-H1260-xL-6222-px.png\" alt=\"\" width=\"728\" height=\"90\"\/><\/a><\/div>\n<\/div>\n<div class=\"toggle-post-content clearfix\"><a id=\"toggle-post-button\" class=\"button\" href=\"#\">Afficher plus <\/a><\/div>\n<p>Auteur: Ecomatin<br \/>\n<a href=\"https:\/\/ecomatin.net\/des-etudiants-formes-a-la-reparation-des-terminaux-numeriques\/\">Cliquez ici pour lire l&rsquo;article depuis sa source.<\/a><\/p>\n","protected":false},"excerpt":{"rendered":"<p>Sous l\u2019\u00e9gide du minist\u00e8re des Postes et t\u00e9l\u00e9communications (Minpostel), une session pilote de capacitation de certains acteurs du secteur de l\u2019\u00e9conomie num\u00e9rique est ouverte depuis le 6 janvier \u00e0 l\u2019Ecole nationale sup\u00e9rieure des postes et t\u00e9l\u00e9communications et des technologies de l\u2019information et de la communication (Sup\u2019ptic). Cette formation vise, entre autres, \u00e0 renforcer les capacit\u00e9s [&hellip;]<\/p>\n","protected":false},"author":1969,"featured_media":0,"comment_status":"closed","ping_status":"closed","sticky":false,"template":"","format":"standard","meta":{"fifu_image_url":"","fifu_image_alt":"","footnotes":""},"categories":[82,78],"tags":[],"class_list":["post-73284","post","type-post","status-publish","format-standard","hentry","category-cameroun","category-economie"],"_links":{"self":[{"href":"https:\/\/linitiative.ca\/International\/wp-json\/wp\/v2\/posts\/73284","targetHints":{"allow":["GET"]}}],"collection":[{"href":"https:\/\/linitiative.ca\/International\/wp-json\/wp\/v2\/posts"}],"about":[{"href":"https:\/\/linitiative.ca\/International\/wp-json\/wp\/v2\/types\/post"}],"author":[{"embeddable":true,"href":"https:\/\/linitiative.ca\/International\/wp-json\/wp\/v2\/users\/1969"}],"replies":[{"embeddable":true,"href":"https:\/\/linitiative.ca\/International\/wp-json\/wp\/v2\/comments?post=73284"}],"version-history":[{"count":0,"href":"https:\/\/linitiative.ca\/International\/wp-json\/wp\/v2\/posts\/73284\/revisions"}],"wp:attachment":[{"href":"https:\/\/linitiative.ca\/International\/wp-json\/wp\/v2\/media?parent=73284"}],"wp:term":[{"taxonomy":"category","embeddable":true,"href":"https:\/\/linitiative.ca\/International\/wp-json\/wp\/v2\/categories?post=73284"},{"taxonomy":"post_tag","embeddable":true,"href":"https:\/\/linitiative.ca\/International\/wp-json\/wp\/v2\/tags?post=73284"}],"curies":[{"name":"wp","href":"https:\/\/api.w.org\/{rel}","templated":true}]}}