{"id":73285,"date":"2020-01-16T12:01:41","date_gmt":"2020-01-16T17:01:41","guid":{"rendered":"https:\/\/linitiative.ca\/International\/mefiro-oumarou-condamne-a-verser-82-millions-de-fcfa-a-un-entrepreneur\/"},"modified":"2020-01-16T12:01:41","modified_gmt":"2020-01-16T17:01:41","slug":"mefiro-oumarou-condamne-a-verser-82-millions-de-fcfa-a-un-entrepreneur","status":"publish","type":"post","link":"https:\/\/linitiative.ca\/International\/mefiro-oumarou-condamne-a-verser-82-millions-de-fcfa-a-un-entrepreneur\/","title":{"rendered":"Mefiro Oumarou condamn\u00e9 \u00e0 verser 8,2 millions de FCFA \u00e0 un entrepreneur"},"content":{"rendered":"<p>L\u2019ancien ministre d\u00e9l\u00e9gu\u00e9 aupr\u00e8s du ministre des Transports, <strong>Mefiro Oumarou<\/strong> a une \u00e9p\u00e9e de Damocl\u00e8s au-dessus de la t\u00eate. Le 19 d\u00e9cembre 2019, le Tribunal de premi\u00e8re instance (<strong>TPI<\/strong>) de Yaound\u00e9-Centre administratif s\u2019est prononc\u00e9 sur l\u2019affaire qui l\u2019oppose \u00e0 <strong>Landry Chedjou<\/strong>, entrepreneur camerounais. L\u2019ancien membre du gouvernement absent au proc\u00e8s a \u00e9t\u00e9 condamn\u00e9 \u00e0 verser <strong>8,2 millions de FCFA<\/strong> au plaignant en guise de r\u00e9paration du pr\u00e9judice subi et d\u2019une amende de <strong>200 000 FCFA<\/strong>.\u00a0 En cas de non-paiement, la justice pourrait \u00e9mettre un mandat d\u2019arr\u00eat \u00e0 son encontre.<\/p>\n<p>Selon les informations rapport\u00e9es par le journal des chroniques judiciaires <em>Kalara<\/em>, les faits remontent au samedi 5 d\u00e9cembre 2015. Ce jour-l\u00e0, <strong>Elias Nga<\/strong>, conducteur d\u2019un camion appartenant \u00e0 <strong>Landry Chedjou,<\/strong> est victime d\u2019un accident au quartier Bastos, non loin de l\u2019\u00e9glise orthodoxe. Le chauffeur se trouve \u00e0 bord de l\u2019engin quand il est percut\u00e9 en plein virage par une cylindr\u00e9e. Alors qu\u2019<strong>Elias Nga<\/strong> tente de garer pour s\u2019enqu\u00e9rir de la situation, le v\u00e9hicule lui barre la voie. L\u2019unique passager \u00e0 bord sort, se pr\u00e9sente comme <em>\u00ab le ministre des Transports \u00bb<\/em>, et exige que le chauffeur du camion appelle son patron pour r\u00e9paration des d\u00e9g\u00e2ts, notamment le remplacement d\u2019un pot de phare bris\u00e9.<\/p>\n<hr\/>\n<p><strong>Lire aussi\u00a0: <a href=\"https:\/\/ecomatin.net\/classement-le-top-5-des-ministeres-les-plus-corrompus\/\">Classement Conac 2018: le top 5 des minist\u00e8res les plus corrompus<\/a><\/strong><\/p>\n<hr\/>\n<p>Une d\u00e9marche tr\u00e8s mal appr\u00e9ci\u00e9e par <strong>Elias Nga,<\/strong> qui r\u00e9plique et fait comprendre \u00e0 la personnalit\u00e9 qu\u2019un constat doit pr\u00e9alablement \u00eatre \u00e9tabli. Cette mesure n\u2019est pas du go\u00fbt du ministre qui aurait intim\u00e9 l\u2019ordre \u00e0 son chef d\u2019escorte de d\u00e9poss\u00e9der le chauffeur de ses pi\u00e8ces personnelles ainsi que du dossier du camion.<\/p>\n<p><strong>Elias Nga<\/strong> raconte qu\u2019il est contraint par la suite de conduire le camion \u00e0 l\u2019esplanade du minist\u00e8re des Transports. Avant d\u2019\u00eatre remis aux \u00e9l\u00e9ments de l\u2019Ecole nationale sup\u00e9rieure de police o\u00f9 il y va s\u00e9journer pendant 48 heures. Depuis sa lib\u00e9ration, le t\u00e9moin dit n\u2019avoir plus jamais eu des nouvelles du v\u00e9hicule de son patron.<\/p>\n<p><strong>Me Mong<\/strong>, conseil de M. <strong>Chedjou,<\/strong> explique qu\u2019une sommation adress\u00e9e au ministre par son client en vue de lib\u00e9rer l\u2019engin \u00e9tait rest\u00e9e lettre morte.\u00a0 Raison pour laquelle le propri\u00e9taire du v\u00e9hicule s\u2019\u00e9tait tourn\u00e9 vers la justice pour r\u00e9paration des faits d\u2019abus de fonction, trafic d\u2019influence et r\u00e9tention sans droit de la chose d\u2019autrui pendant trois ans. Il a eu finalement eu gain de cause contre l\u2019ex-membre du gouvernement.<\/p>\n<div class=\"sharedaddy sd-sharing-enabled robots-nocontent sd-block sd-social sd-social-icon-text sd-sharing\">\n<h3 class=\"sd-title\">Partager\u00a0:<\/h3>\n<\/div>\n<p><h3 class=\"jp-relatedposts-headline\"><em>Articles similaires<\/em><\/h3>\n<\/p>\n<div class=\"stream-item stream-item-below-post-content\"><a href=\"https:\/\/www.facebook.com\/canalpluscmr\/\" title=\"\" target=\"_blank\" rel=\"noopener noreferrer\"><img loading=\"lazy\" decoding=\"async\" src=\"https:\/\/ecomatin.net\/wp-content\/uploads\/2020\/01\/ecomatin-H1260-xL-6222-px.png\" alt=\"\" width=\"728\" height=\"90\"\/><\/a><\/div>\n<p>Auteur: Ecomatin<br \/>\n<a href=\"https:\/\/ecomatin.net\/mefiro-oumarou-condamne-a-verser-82-millions-de-fcfa-a-un-entrepreneur\/\">Cliquez ici pour lire l&rsquo;article depuis sa source.<\/a><\/p>\n","protected":false},"excerpt":{"rendered":"<p>L\u2019ancien ministre d\u00e9l\u00e9gu\u00e9 aupr\u00e8s du ministre des Transports, Mefiro Oumarou a une \u00e9p\u00e9e de Damocl\u00e8s au-dessus de la t\u00eate. Le 19 d\u00e9cembre 2019, le Tribunal de premi\u00e8re instance (TPI) de Yaound\u00e9-Centre administratif s\u2019est prononc\u00e9 sur l\u2019affaire qui l\u2019oppose \u00e0 Landry Chedjou, entrepreneur camerounais. L\u2019ancien membre du gouvernement absent au proc\u00e8s a \u00e9t\u00e9 condamn\u00e9 \u00e0 verser [&hellip;]<\/p>\n","protected":false},"author":1969,"featured_media":73286,"comment_status":"closed","ping_status":"closed","sticky":false,"template":"","format":"standard","meta":{"fifu_image_url":"","fifu_image_alt":"","footnotes":""},"categories":[82,78],"tags":[],"class_list":["post-73285","post","type-post","status-publish","format-standard","has-post-thumbnail","hentry","category-cameroun","category-economie"],"_links":{"self":[{"href":"https:\/\/linitiative.ca\/International\/wp-json\/wp\/v2\/posts\/73285","targetHints":{"allow":["GET"]}}],"collection":[{"href":"https:\/\/linitiative.ca\/International\/wp-json\/wp\/v2\/posts"}],"about":[{"href":"https:\/\/linitiative.ca\/International\/wp-json\/wp\/v2\/types\/post"}],"author":[{"embeddable":true,"href":"https:\/\/linitiative.ca\/International\/wp-json\/wp\/v2\/users\/1969"}],"replies":[{"embeddable":true,"href":"https:\/\/linitiative.ca\/International\/wp-json\/wp\/v2\/comments?post=73285"}],"version-history":[{"count":0,"href":"https:\/\/linitiative.ca\/International\/wp-json\/wp\/v2\/posts\/73285\/revisions"}],"wp:featuredmedia":[{"embeddable":true,"href":"https:\/\/linitiative.ca\/International\/wp-json\/"}],"wp:attachment":[{"href":"https:\/\/linitiative.ca\/International\/wp-json\/wp\/v2\/media?parent=73285"}],"wp:term":[{"taxonomy":"category","embeddable":true,"href":"https:\/\/linitiative.ca\/International\/wp-json\/wp\/v2\/categories?post=73285"},{"taxonomy":"post_tag","embeddable":true,"href":"https:\/\/linitiative.ca\/International\/wp-json\/wp\/v2\/tags?post=73285"}],"curies":[{"name":"wp","href":"https:\/\/api.w.org\/{rel}","templated":true}]}}