{"id":73287,"date":"2020-01-16T12:10:06","date_gmt":"2020-01-16T17:10:06","guid":{"rendered":"https:\/\/linitiative.ca\/International\/20-milliards-de-fcfa-pour-un-pont-reliant-le-cameroun-au-tchad\/"},"modified":"2020-01-16T12:10:06","modified_gmt":"2020-01-16T17:10:06","slug":"20-milliards-de-fcfa-pour-un-pont-reliant-le-cameroun-au-tchad","status":"publish","type":"post","link":"https:\/\/linitiative.ca\/International\/20-milliards-de-fcfa-pour-un-pont-reliant-le-cameroun-au-tchad\/","title":{"rendered":"20 milliards de FCFA pour un pont reliant le Cameroun au Tchad"},"content":{"rendered":"<div class=\"featured-area featured-area-inner\"><img loading=\"lazy\" decoding=\"async\" width=\"612\" height=\"306\" src=\"https:\/\/ecomatin.net\/wp-content\/uploads\/2020\/01\/pont-n-gueli-fleuve-logone-cameroun.jpg?is-pending-load=1\" class=\"attachment-jannah-image-post size-jannah-image-post wp-post-image jetpack-lazy-image\" alt=\"\" data-lazy-srcset=\"https:\/\/ecomatin.net\/wp-content\/uploads\/2020\/01\/pont-n-gueli-fleuve-logone-cameroun.jpg 612w, https:\/\/ecomatin.net\/wp-content\/uploads\/2020\/01\/pont-n-gueli-fleuve-logone-cameroun-300x150.jpg 300w\" data-lazy-sizes=\"(max-width: 612px) 100vw, 612px\" srcset=\"data:image\/gif;base64,R0lGODlhAQABAIAAAAAAAP\/\/\/yH5BAEAAAAALAAAAAABAAEAAAIBRAA7\"\/><\/div>\n<div class=\"entry-content entry clearfix\" readability=\"50.0282485876\">\n<p>La mobilisation des fonds pour la construction du pont sur le fleuve Logone entre le Cameroun et le Tchad se poursuit. D\u2019apr\u00e8s le communiqu\u00e9 final ayant sanctionn\u00e9 une s\u00e9ance de travail entre\u00a0<strong>Issa Doubragne<\/strong>, ministre tchadien de l\u2019\u00c9conomie et son homologue camerounais\u00a0<strong>Alamine Ousmane Mey<\/strong>, un don de\u00a0<strong>30 millions d\u2019euros<\/strong>\u00a0(pr\u00e8s de<strong>\u00a020 milliards de FCFA<\/strong>) est d\u00e9j\u00e0 disponible aupr\u00e8s de l\u2019Union europ\u00e9enne. Le communiqu\u00e9 sign\u00e9 le 14 janvier 2019 renseigne que les contrats des travaux et de ma\u00eetrise d\u2019\u0153uvre ont d\u00e9j\u00e0 \u00e9t\u00e9 sign\u00e9s. Les ordres de service de d\u00e9marrage des travaux sont effectifs depuis ce mois de janvier. Pour la pose de la premi\u00e8re pierre, les discussions sont en cours afin de convenir de la date et du lieu.<\/p>\n<hr\/>\n<p><strong>Lire aussi\u00a0: <a href=\"https:\/\/ecomatin.net\/infrastructures-routieres-de-nouveaux-prefabriques-pour-les-ponts-metalliques\/\">Infrastructures routi\u00e8res: de nouveaux pr\u00e9fabriqu\u00e9s pour les ponts m\u00e9talliques<\/a><\/strong><\/p>\n<hr\/>\n<p>Au cours des \u00e9changes,\u00a0<strong>Issa Doubragne\u00a0<\/strong>et<strong>\u00a0Alamine Ousmane Mey\u00a0<\/strong>ont \u00e9galement fait le point sur les projets int\u00e9grateurs des deux pays. Notamment\u00a0: le projet d\u2019extension du chemin de fer du Cameroun vers le Tchad ainsi que le projet d\u2019interconnexion \u00e9nerg\u00e9tique. A cet effet<strong>, 3\u00a0milliards de FCFA\u00a0<\/strong>ont \u00e9t\u00e9 d\u00e9bloqu\u00e9s par<strong>\u00a0<\/strong>la Banque africaine de d\u00e9veloppement (<strong>BAD<\/strong>) pour la r\u00e9alisation des \u00e9tudes de faisabilit\u00e9 du projet d\u2019extension.<\/p>\n<p>Pour ce qui est du projet d\u2019interconnexion des r\u00e9seaux \u00e9lectriques du Cameroun et du Tchad, les \u00e9tudes pour le r\u00e9seau interconnect\u00e9 nord (<strong>RIN<\/strong>) sont disponibles tandis que celles du r\u00e9seau interconnect\u00e9 sud (<strong>RIS<\/strong>), qui permettront de boucler le financement, sont en cours et devraient \u00eatre disponibles au premier trimestre 2020.<\/p>\n<div class=\"sharedaddy sd-sharing-enabled robots-nocontent sd-block sd-social sd-social-icon-text sd-sharing\">\n<h3 class=\"sd-title\">Partager\u00a0:<\/h3>\n<\/div>\n<p><h3 class=\"jp-relatedposts-headline\"><em>Articles similaires<\/em><\/h3>\n<\/p>\n<div class=\"stream-item stream-item-below-post-content\"><a href=\"https:\/\/www.facebook.com\/canalpluscmr\/\" title=\"\" target=\"_blank\" rel=\"noopener noreferrer\"><img loading=\"lazy\" decoding=\"async\" src=\"https:\/\/ecomatin.net\/wp-content\/uploads\/2020\/01\/ecomatin-H1260-xL-6222-px.png\" alt=\"\" width=\"728\" height=\"90\"\/><\/a><\/div>\n<\/div>\n<div class=\"toggle-post-content clearfix\"><a id=\"toggle-post-button\" class=\"button\" href=\"#\">Afficher plus <\/a><\/div>\n<p>Auteur: Ecomatin<br \/>\n<a href=\"https:\/\/ecomatin.net\/20-milliards-de-fcfa-pour-un-pont-reliant-le-cameroun-au-tchad\/\">Cliquez ici pour lire l&rsquo;article depuis sa source.<\/a><\/p>\n","protected":false},"excerpt":{"rendered":"<p>La mobilisation des fonds pour la construction du pont sur le fleuve Logone entre le Cameroun et le Tchad se poursuit. D\u2019apr\u00e8s le communiqu\u00e9 final ayant sanctionn\u00e9 une s\u00e9ance de travail entre\u00a0Issa Doubragne, ministre tchadien de l\u2019\u00c9conomie et son homologue camerounais\u00a0Alamine Ousmane Mey, un don de\u00a030 millions d\u2019euros\u00a0(pr\u00e8s de\u00a020 milliards de FCFA) est d\u00e9j\u00e0 disponible [&hellip;]<\/p>\n","protected":false},"author":1969,"featured_media":0,"comment_status":"closed","ping_status":"closed","sticky":false,"template":"","format":"standard","meta":{"fifu_image_url":"","fifu_image_alt":"","footnotes":""},"categories":[82,78],"tags":[],"class_list":["post-73287","post","type-post","status-publish","format-standard","hentry","category-cameroun","category-economie"],"_links":{"self":[{"href":"https:\/\/linitiative.ca\/International\/wp-json\/wp\/v2\/posts\/73287","targetHints":{"allow":["GET"]}}],"collection":[{"href":"https:\/\/linitiative.ca\/International\/wp-json\/wp\/v2\/posts"}],"about":[{"href":"https:\/\/linitiative.ca\/International\/wp-json\/wp\/v2\/types\/post"}],"author":[{"embeddable":true,"href":"https:\/\/linitiative.ca\/International\/wp-json\/wp\/v2\/users\/1969"}],"replies":[{"embeddable":true,"href":"https:\/\/linitiative.ca\/International\/wp-json\/wp\/v2\/comments?post=73287"}],"version-history":[{"count":0,"href":"https:\/\/linitiative.ca\/International\/wp-json\/wp\/v2\/posts\/73287\/revisions"}],"wp:attachment":[{"href":"https:\/\/linitiative.ca\/International\/wp-json\/wp\/v2\/media?parent=73287"}],"wp:term":[{"taxonomy":"category","embeddable":true,"href":"https:\/\/linitiative.ca\/International\/wp-json\/wp\/v2\/categories?post=73287"},{"taxonomy":"post_tag","embeddable":true,"href":"https:\/\/linitiative.ca\/International\/wp-json\/wp\/v2\/tags?post=73287"}],"curies":[{"name":"wp","href":"https:\/\/api.w.org\/{rel}","templated":true}]}}