{"id":73288,"date":"2020-01-17T08:00:27","date_gmt":"2020-01-17T13:00:27","guid":{"rendered":"https:\/\/linitiative.ca\/International\/amine-razouk-et-mehdi-alaoui-a-la-tete-de-lapebi\/"},"modified":"2020-01-17T08:00:27","modified_gmt":"2020-01-17T13:00:27","slug":"amine-razouk-et-mehdi-alaoui-a-la-tete-de-lapebi","status":"publish","type":"post","link":"https:\/\/linitiative.ca\/International\/amine-razouk-et-mehdi-alaoui-a-la-tete-de-lapebi\/","title":{"rendered":"Amine Razouk et Mehdi Alaoui \u00e0 la t\u00eate de l\u2019Apebi"},"content":{"rendered":"<header>\n<\/header>\n<div class=\"entry-content clearfix\" readability=\"61\"><img decoding=\"async\" class=\"post_layout_5_img\" src=\"http:\/\/aujourdhui.ma\/wp-content\/uploads\/2020\/01\/Amine-Razouk-et-Mehdi-Alaoui-Apebi.jpg?x29840\" alt=\"Amine Razouk et Mehdi Alaoui \u00e0 la t\u00eate de l\u2019Apebi\"\/><\/p>\n<p class=\"p1\"><span class=\"c4\"><strong><em>Ils ont d\u00e9croch\u00e9 224 voix<\/em><\/strong><\/span> <span id=\"more-330159\"\/><\/p>\n<p class=\"p1\">L\u2019Apebi entame un nouveau mandat. C\u2019est le bin\u00f4me Amine Razouk et Mehdi Alaoui qui tiendra les r\u00eanes de la F\u00e9d\u00e9ration marocaine des technologies de l\u2019information, des t\u00e9l\u00e9communications et de l\u2019offshoring. Le duo a remport\u00e9 avec succ\u00e8s les \u00e9lections de l\u2019Apebi d\u00e9crochant ainsi 224 voix contre 174 remport\u00e9es par Youssef El Alaoui et Abdellatif Tahrine. Le r\u00e9sultat a \u00e9t\u00e9 d\u00e9voil\u00e9 lors de l\u2019assembl\u00e9e g\u00e9n\u00e9rale ordinaire \u00e9lective de l\u2019Apebi tenue mercredi 15 janvier 2020 \u00e0 Casablanca. Amine Razouk et Mehdi Alaoui, \u00e9lus respectivement pr\u00e9sident et vice-pr\u00e9sident de l\u2019Apebi, ont b\u00e2ti leur programme autour du progr\u00e8s. 5 axes ont \u00e9t\u00e9 dans ce sens d\u00e9finis pour rehausser le secteur et faire b\u00e9n\u00e9ficier l\u2019ensemble des acteurs des opportunit\u00e9s d\u2019affaires.<\/p>\n<p class=\"p1\">Le premier pas \u00e0 franchir est le renforcement de la proximit\u00e9. Le bin\u00f4me gagnant ira les prochains jours \u00e0 la rencontre des diff\u00e9rents acteurs sur l\u2019ensemble des territoires pour prospecter des pistes de coop\u00e9ration et de synergie. Parmi les projets attendus pour ce mandat on cite la mise en place d\u2019un observatoire permanent des TIC. Cet observatoire se veut un outil d\u2019analyse, de veille et d\u2019anticipation. Le bin\u00f4me s\u2019engage par ailleurs \u00e0 acc\u00e9l\u00e9rer la formation dans le secteur et le d\u00e9veloppement du capital humain. Cet engagement se mat\u00e9rialisera par la cr\u00e9ation de \u00abSkills4All\u00bb, un institut de partenariat public-priv\u00e9 d\u00e9di\u00e9 \u00e0 la formation aux nouvelles technologies de l\u2019information et de la communication. Il est \u00e0 noter que le bin\u00f4me Razouk-Alaoui succ\u00e8de \u00e0 Saloua Karkri-Belkeziz ayant pr\u00e9sid\u00e9 la f\u00e9d\u00e9ration entre 2016-2020.<\/p>\n<p class=\"p1\">Le bilan de ce mandat s\u2019av\u00e8re satisfaisant dans la mesure o\u00f9 l\u2019Apebi a \u0153uvr\u00e9 de concert \u00e0 la promotion du mobile-paiement ainsi qu\u2019au d\u00e9veloppement de l\u2019\u00e9cosyst\u00e8me IT et offshoring. Plusieurs entrepreneuriats ont \u00e9t\u00e9 conclus dans ce sens. Citons ainsi les conventions scell\u00e9es avec la CNDP pour la protection des donn\u00e9es personnelles (RGPD), avec l\u2019ADD pour le portail Startup Hub donnant acc\u00e8s \u00e0 une e-dotation annuelle de 500.000 DH, ainsi qu\u2019avec l\u2019AMRC pour l\u2019expansion de l\u2019offshoring et de plusieurs autres secteurs comme celui de l\u2019automobile et de l\u2019a\u00e9ronautique. L\u2019Apebi a \u00e9galement proc\u00e9d\u00e9 \u00e0 la signature d\u2019un partenariat avec l\u2019Anapec portant sur la r\u00e9alisation du programme CQP (certificat de qualification professionnelle) pour le renforcement du nombre de d\u00e9veloppeurs informatiques.<\/p>\n<p class=\"p1\">Au niveau international, l\u2019Apebi s\u2019est alli\u00e9 \u00e0 l\u2019Agence belge de d\u00e9veloppement \u00abEnabel\u00bb pour la mise en place d\u2019un programme qui r\u00e9pond \u00e0 la p\u00e9nurie de comp\u00e9tence et ce \u00e0 travers l\u2019adoption de nouveaux mod\u00e8les de mobilit\u00e9. Rappelons que le mandat de Saloua Karkri-Belkeziz a \u00e9t\u00e9 marqu\u00e9 par la cr\u00e9ation de l\u2019Africa IT Expo (AITEX), qui est devenu \u00e0 ce jour<span class=\"Apple-converted-space\">\u00a0<\/span> \u00abl\u2019agora de l\u2019innovation et de la technologie\u00bb.<\/p>\n<\/div>\n<p>Auteur: ALM<br \/>\n<a href=\"http:\/\/aujourdhui.ma\/economie\/amine-razouk-et-mehdi-alaoui-a-la-tete-de-lapebi\">Cliquez ici pour lire l&rsquo;article depuis sa source.<\/a><\/p>\n","protected":false},"excerpt":{"rendered":"<p>Ils ont d\u00e9croch\u00e9 224 voix L\u2019Apebi entame un nouveau mandat. C\u2019est le bin\u00f4me Amine Razouk et Mehdi Alaoui qui tiendra les r\u00eanes de la F\u00e9d\u00e9ration marocaine des technologies de l\u2019information, des t\u00e9l\u00e9communications et de l\u2019offshoring. Le duo a remport\u00e9 avec succ\u00e8s les \u00e9lections de l\u2019Apebi d\u00e9crochant ainsi 224 voix contre 174 remport\u00e9es par Youssef El [&hellip;]<\/p>\n","protected":false},"author":1759,"featured_media":0,"comment_status":"closed","ping_status":"closed","sticky":false,"template":"","format":"standard","meta":{"fifu_image_url":"","fifu_image_alt":"","footnotes":""},"categories":[73,54],"tags":[],"class_list":["post-73288","post","type-post","status-publish","format-standard","hentry","category-actualite","category-maroc"],"_links":{"self":[{"href":"https:\/\/linitiative.ca\/International\/wp-json\/wp\/v2\/posts\/73288","targetHints":{"allow":["GET"]}}],"collection":[{"href":"https:\/\/linitiative.ca\/International\/wp-json\/wp\/v2\/posts"}],"about":[{"href":"https:\/\/linitiative.ca\/International\/wp-json\/wp\/v2\/types\/post"}],"author":[{"embeddable":true,"href":"https:\/\/linitiative.ca\/International\/wp-json\/wp\/v2\/users\/1759"}],"replies":[{"embeddable":true,"href":"https:\/\/linitiative.ca\/International\/wp-json\/wp\/v2\/comments?post=73288"}],"version-history":[{"count":0,"href":"https:\/\/linitiative.ca\/International\/wp-json\/wp\/v2\/posts\/73288\/revisions"}],"wp:attachment":[{"href":"https:\/\/linitiative.ca\/International\/wp-json\/wp\/v2\/media?parent=73288"}],"wp:term":[{"taxonomy":"category","embeddable":true,"href":"https:\/\/linitiative.ca\/International\/wp-json\/wp\/v2\/categories?post=73288"},{"taxonomy":"post_tag","embeddable":true,"href":"https:\/\/linitiative.ca\/International\/wp-json\/wp\/v2\/tags?post=73288"}],"curies":[{"name":"wp","href":"https:\/\/api.w.org\/{rel}","templated":true}]}}