{"id":73289,"date":"2020-01-17T08:37:20","date_gmt":"2020-01-17T13:37:20","guid":{"rendered":"https:\/\/linitiative.ca\/International\/1ere-annee-sino-marocaine-du-tourisme-et-de-la-culture-un-grand-evenement-pour-une-meilleure-visibilite-du-maroc-et-de-la-chine\/"},"modified":"2020-01-17T08:37:20","modified_gmt":"2020-01-17T13:37:20","slug":"1ere-annee-sino-marocaine-du-tourisme-et-de-la-culture-un-grand-evenement-pour-une-meilleure-visibilite-du-maroc-et-de-la-chine","status":"publish","type":"post","link":"https:\/\/linitiative.ca\/International\/1ere-annee-sino-marocaine-du-tourisme-et-de-la-culture-un-grand-evenement-pour-une-meilleure-visibilite-du-maroc-et-de-la-chine\/","title":{"rendered":"1\u00e8re ann\u00e9e sino-marocaine du tourisme et de la culture : Un grand \u00e9v\u00e9nement pour une meilleure visibilit\u00e9 du Maroc et de la Chine"},"content":{"rendered":"<p><img decoding=\"async\" class=\"post_layout_5_img\" src=\"http:\/\/aujourdhui.ma\/wp-content\/uploads\/2020\/01\/Eve%CC%81nement-sino-marocaine-du-tourisme-et-de-la-culture.jpg?x29840\" alt=\"1\u00e8re ann\u00e9e sino-marocaine du tourisme et de la culture : Un grand \u00e9v\u00e9nement pour une meilleure visibilit\u00e9 du Maroc et de la Chine\"\/><\/p>\n<p class=\"p1\"><span class=\"s1\"><span class=\"c4\"><strong>L\u2019ambassade de Chine \u00e0 Rabat renforce ses activit\u00e9s culturelles au Maroc et contribue fort au rayonnement du Royaume dans la R\u00e9publique populaire.<\/strong><\/span><\/span><span id=\"more-330211\"\/><\/p>\n<p class=\"p1\"><span class=\"s1\">Une initiative qu\u2019elle entreprendra au cours de l\u2019ann\u00e9e sino-marocaine du tourisme et de la culture qui sera lanc\u00e9e en f\u00e9vrier. Cet \u00e9v\u00e9nement intervient apr\u00e8s la forte dynamique insuffl\u00e9e par le Souverain aux relations bilat\u00e9rales lors de sa visite en 2016 en Chine. A son tour, la liaison directe entre Casablanca et P\u00e9kin, ouverte jeudi, serait un plus ind\u00e9niable pour l\u2019augmentation du nombre de touristes dans les deux pays. Ce lancement est, d\u2019ailleurs, accompagn\u00e9 d\u2019activit\u00e9s culturelles et de promotion touristique \u00e0 titre gracieux.<\/span><\/p>\n<p class=\"p3\"><span class=\"s2\"><strong>Un \u00e9v\u00e9nement organis\u00e9 pour la 1\u00e8re fois<\/strong><\/span><\/p>\n<p class=\"p1\">A propos de l\u2019ann\u00e9e sino-marocaine, l\u2019ambassadeur de Chine au Maroc, Li Li, indique: <em>\u00abC\u2019est pour la premi\u00e8re fois que cet \u00e9v\u00e9nement est organis\u00e9\u00bb.<\/em> \u00abLes relations de coop\u00e9ration entre les deux pays ont d\u00e9j\u00e0 connu un d\u00e9veloppement important et nous avons un avenir prometteur\u00bb, exalte le diplomate lors d\u2019une conf\u00e9rence de presse consacr\u00e9e, mercredi \u00e0 Rabat, \u00e0 la pr\u00e9sentation de cette grande manifestation. Quant \u00e0 la \u00abconnexion\u00bb entre le tourisme et la culture, elle existe bel et bien pour le diplomate. <em>\u00abIl faut consolider les \u00e9changes culturels avec le tourisme en inculquant une culture chez les Chinois et les Marocains\u00bb<\/em>, encha\u00eene-t-il. Et ce n\u2019est pas tout. L\u2019orateur, qui pr\u00e9cise que cette ann\u00e9e sino-marocaine est \u00e0 deux sens, ne manque pas de faire une annonce.<\/p>\n<p><a href=\"http:\/\/aujourdhui.ma\/wp-content\/uploads\/2020\/01\/Relation-sino-marocaine.jpg?x29840\"><img loading=\"lazy\" decoding=\"async\" class=\"size-full wp-image-330215 aligncenter\" src=\"http:\/\/aujourdhui.ma\/wp-content\/uploads\/2020\/01\/Relation-sino-marocaine.jpg?x29840\" alt=\"\" width=\"361\" height=\"211\" srcset=\"http:\/\/aujourdhui.ma\/wp-content\/uploads\/2020\/01\/Relation-sino-marocaine.jpg 361w, http:\/\/aujourdhui.ma\/wp-content\/uploads\/2020\/01\/Relation-sino-marocaine-300x175.jpg 300w\" sizes=\"auto, (max-width: 361px) 100vw, 361px\"\/><\/a><\/p>\n<p class=\"p5\"><span class=\"s2\"><strong>Une maison du Royaume<\/strong><\/span><\/p>\n<p class=\"p1\"><span class=\"s3\"><em>\u00abNous aurons la maison du Maroc en Chine\u00bb,<\/em> annonce l\u2019ambassadeur en s\u2019exprimant sur l\u2019intention de renforcer la visibilit\u00e9 des deux pays qui n\u2019est, selon lui, <em>\u00abpas au niveau esp\u00e9r\u00e9\u00bb.<\/em> Un \u00e9v\u00e9nement de grande envergure offrira s\u00fbrement cette opportunit\u00e9. Pour l\u2019heure, un centre culturel chinois est dans le Royaume depuis 2017. Cela \u00e9tant, l\u2019ann\u00e9e sino-marocaine sera ouverte le mois prochain dans la capitale.<\/span><\/p>\n<p class=\"p5\"><span class=\"s2\"><strong>La danse ouvre le bal<\/strong><\/span><\/p>\n<p><a href=\"http:\/\/aujourdhui.ma\/wp-content\/uploads\/2020\/01\/Dance-chinoise.jpg?x29840\"><img loading=\"lazy\" decoding=\"async\" class=\"size-full wp-image-330213 aligncenter\" src=\"http:\/\/aujourdhui.ma\/wp-content\/uploads\/2020\/01\/Dance-chinoise.jpg?x29840\" alt=\"\" width=\"364\" height=\"232\" srcset=\"http:\/\/aujourdhui.ma\/wp-content\/uploads\/2020\/01\/Dance-chinoise.jpg 364w, http:\/\/aujourdhui.ma\/wp-content\/uploads\/2020\/01\/Dance-chinoise-300x191.jpg 300w\" sizes=\"auto, (max-width: 364px) 100vw, 364px\"\/><\/a><\/p>\n<p class=\"p1\">Le bal sera ouvert<span class=\"Apple-converted-space\">\u00a0<\/span> le 13 f\u00e9vrier au Th\u00e9\u00e2tre Mohammed V \u00e0 Rabat par un drame de danse intitul\u00e9 \u00abLe vent souffle de la mer\u00bb. Le 15 f\u00e9vrier, il sera r\u00e9interpr\u00e9t\u00e9 \u00e0 Oujda. Entre-temps, le forum sino-marocain du tourisme se tiendra le 14 f\u00e9vrier \u00e0 Skhirat avec la participation du minist\u00e8re chinois de la culture et du tourisme. Il sera marqu\u00e9 par l\u2019organisation d\u2019une exposition, d\u2019un spectacle, de discussions th\u00e9matiques et de r\u00e9unions d\u2019affaires. Quant \u00e0 la c\u00e9l\u00e9bration du Nouvel an chinois, elle est loin d\u2019\u00eatre finie. Elle se poursuit jusqu\u2019au 18 janvier au centre culturel de Chine \u00e0 Rabat. Du 18 au 22 f\u00e9vrier, une exposition culturelle et cr\u00e9ative de Shenzhen \u00abNum\u00e9risation de Chine\u00bb se tiendra \u00e0 la Biblioth\u00e8que nationale du Royaume \u00e0 Rabat en partenariat avec des leaders comme Huwaei. En juin, la semaine du tourisme et de la culture sera marqu\u00e9e, dans plusieurs villes marocaines, par une exposition culturelle sur les 24 p\u00e9riodes solaires de \u00abLa vie saisonni\u00e8re de Suzhou\u00bb. En octobre, la soir\u00e9e de musique folklorique de po\u00e9sie \u00abTout le monde, un moment\u00bb aura lieu dans les deux pays. Le ballet n\u2019est pas en reste. Ainsi, le show \u00abLe chant de l\u2019\u00e9ternel regret\u00bb se tiendra en janvier 2021 \u00e0 Rabat ou Casablanca. Aussi, le drame de danse \u00abConfucius\u00bb <span class=\"s4\">sera organis\u00e9 en cette ann\u00e9e au grand th\u00e9\u00e2tre de Casablanca. Pour rappel, les activit\u00e9s pr\u00e9vues dans ce th\u00e9\u00e2tre en marqueront l\u2019ouverture. Pour leur part, les villes de Gansu, Chengdu et Shanghai entre autres s\u2019int\u00e9ressent \u00e0 la consolidation de leurs activit\u00e9s. De plus, le centre culturel de Chine \u00e0 Rabat pr\u00e9voit des projets portant sur la culture commune du th\u00e9, le cin\u00e9ma, et la photographie, entre autres, dans les deux pays ainsi que l\u2019organisation d\u2019une exposition d\u2019instruments de musique.<\/span><\/p>\n<p class=\"p5\"><span class=\"s3\"><strong>Un pavillon du Maroc\u00a0<\/strong><\/span><span class=\"s3\"><strong>en Chine<\/strong><\/span><\/p>\n<p class=\"p1\"><span class=\"s3\">Dans le cadre de cet \u00e9v\u00e9nement, un pavillon du Maroc sera \u00e9rig\u00e9 en Chine en partenariat avec diff\u00e9rents secteurs. Ce pavillon, qui s\u2019\u00e9talera sur des semaines, est destin\u00e9 \u00e0 r\u00e9v\u00e9ler le Maroc, sa culture et son tourisme. D\u00e9j\u00e0, le nombre de touristes chinois au Maroc a atteint 141.000 en 2019. Il a doubl\u00e9 de 14 fois depuis 2015. Au cours de cette ann\u00e9e, des rencontres, road shows seront consacr\u00e9s \u00e0 l\u2019investissement et \u00e0 la pr\u00e9sentation du Maroc. Le 28 mars, le pavillon abritera \u00e9galement des activit\u00e9s culturelles, des expositions de pi\u00e8ces et d\u2019objets de mus\u00e9e. Il sera \u00e9galement anim\u00e9 par des troupes marocaines. L\u2019ensemble des activit\u00e9s en Chine est pr\u00e9vu dans deux villes au moins. En outre, cette grande manifestation, qui conna\u00eetra un \u00e9change d\u2019artistes, sera constamment aliment\u00e9e par des activit\u00e9s pr\u00e9vues de perdurer.<\/span><\/p>\n<p class=\"p1\"><span class=\"s3\">Pour rappel, une convention de jumelage entre l\u2019Institut marocain des beaux-arts, l\u2019Isadac et leurs pairs chinois ainsi que des instituts de tourisme sera sign\u00e9e.<span class=\"Apple-converted-space\">\u00a0 \u00a0<\/span><\/span><\/p>\n<p>Auteur: Salima Guisser<br \/>\n<a href=\"http:\/\/aujourdhui.ma\/culture\/1ere-annee-sino-marocaine-du-tourisme-et-de-la-culture-un-grand-evenement-pour-une-meilleure-visibilite-du-maroc-et-de-la-chine\">Cliquez ici pour lire l&rsquo;article depuis sa source.<\/a><\/p>\n","protected":false},"excerpt":{"rendered":"<p>L\u2019ambassade de Chine \u00e0 Rabat renforce ses activit\u00e9s culturelles au Maroc et contribue fort au rayonnement du Royaume dans la R\u00e9publique populaire. Une initiative qu\u2019elle entreprendra au cours de l\u2019ann\u00e9e sino-marocaine du tourisme et de la culture qui sera lanc\u00e9e en f\u00e9vrier. Cet \u00e9v\u00e9nement intervient apr\u00e8s la forte dynamique insuffl\u00e9e par le Souverain aux relations [&hellip;]<\/p>\n","protected":false},"author":1759,"featured_media":0,"comment_status":"closed","ping_status":"closed","sticky":false,"template":"","format":"standard","meta":{"fifu_image_url":"","fifu_image_alt":"","footnotes":""},"categories":[73,54],"tags":[],"class_list":["post-73289","post","type-post","status-publish","format-standard","hentry","category-actualite","category-maroc"],"_links":{"self":[{"href":"https:\/\/linitiative.ca\/International\/wp-json\/wp\/v2\/posts\/73289","targetHints":{"allow":["GET"]}}],"collection":[{"href":"https:\/\/linitiative.ca\/International\/wp-json\/wp\/v2\/posts"}],"about":[{"href":"https:\/\/linitiative.ca\/International\/wp-json\/wp\/v2\/types\/post"}],"author":[{"embeddable":true,"href":"https:\/\/linitiative.ca\/International\/wp-json\/wp\/v2\/users\/1759"}],"replies":[{"embeddable":true,"href":"https:\/\/linitiative.ca\/International\/wp-json\/wp\/v2\/comments?post=73289"}],"version-history":[{"count":0,"href":"https:\/\/linitiative.ca\/International\/wp-json\/wp\/v2\/posts\/73289\/revisions"}],"wp:attachment":[{"href":"https:\/\/linitiative.ca\/International\/wp-json\/wp\/v2\/media?parent=73289"}],"wp:term":[{"taxonomy":"category","embeddable":true,"href":"https:\/\/linitiative.ca\/International\/wp-json\/wp\/v2\/categories?post=73289"},{"taxonomy":"post_tag","embeddable":true,"href":"https:\/\/linitiative.ca\/International\/wp-json\/wp\/v2\/tags?post=73289"}],"curies":[{"name":"wp","href":"https:\/\/api.w.org\/{rel}","templated":true}]}}