{"id":73292,"date":"2020-01-17T09:05:48","date_gmt":"2020-01-17T14:05:48","guid":{"rendered":"https:\/\/linitiative.ca\/International\/dir-mechrou3ek-une-emission-de-medi1tv-pour-soutenir-lentrepreneuriat\/"},"modified":"2020-01-17T09:05:48","modified_gmt":"2020-01-17T14:05:48","slug":"dir-mechrou3ek-une-emission-de-medi1tv-pour-soutenir-lentrepreneuriat","status":"publish","type":"post","link":"https:\/\/linitiative.ca\/International\/dir-mechrou3ek-une-emission-de-medi1tv-pour-soutenir-lentrepreneuriat\/","title":{"rendered":"\u00abDir Mechrou3ek\u00bb, une \u00e9mission de Medi1TV pour soutenir l\u2019entrepreneuriat"},"content":{"rendered":"<p><img decoding=\"async\" class=\"post_layout_5_img\" src=\"http:\/\/aujourdhui.ma\/wp-content\/uploads\/2020\/01\/Medi-1-tv-Dir-Mechrou3ek-.jpg?x29840\" alt=\"\u00abDir Mechrou3ek\u00bb, une \u00e9mission de Medi1TV pour soutenir l\u2019entrepreneuriat\"\/><\/p>\n<p class=\"p1\"><span class=\"c5\"><strong><span class=\"c4\"><em>Dix porteurs de projets seront mis \u00e0 l\u2019honneur chaque semaine<\/em><\/span><\/strong><\/span><span id=\"more-330173\"\/><\/p>\n<p class=\"p1\"><span class=\"s1\">Appuyer et encourager les auto-entrepreneurs et promouvoir la voie de l\u2019entrepreneuriat parmi les jeunes marocains. C\u2019est l\u2019objectif majeur d\u2019une nouvelle \u00e9mission, baptis\u00e9e \u00abDir Mechrou3ek\u00bb<span class=\"Apple-converted-space\">\u00a0<\/span> et r\u00e9alis\u00e9e par Medi1TV en partenariat avec le Groupe Banque populaire. Le premier \u00e9pisode est pr\u00e9vu samedi 18 janvier sur les canaux Arabic (21h30) et Maghreb (23h00) de Medi1TV. Cette nouvelle programmation mettra \u00e0 l\u2019honneur chaque semaine dix porteurs de projets dans une capsule quotidienne et une \u00e9mission hebdomadaire. Anim\u00e9e par Yousri Marrakchi, journaliste et pr\u00e9sentateur phare de la cha\u00eene, <em>\u00abl\u2019\u00e9mission Dir Mechrou3ek est une initiative citoyenne de laquelle tous les participants sortent gagnants\u00bb,<\/em> a affirm\u00e9 Omar Dahbi, directeur des R\u00e9dactions et Contenus de Medi1TV et Medi1 radio.<\/span><\/p>\n<p class=\"p1\"><span class=\"s1\">Toute l\u2019\u00e9quipe de Medi1TV est fi\u00e8re, poursuit-il, de mettre en lumi\u00e8re le potentiel de ces jeunes entrepreneurs marocains et de pouvoir les aider \u00e0 mettre en \u0153uvre leurs projets. <em>\u00abEn tant que cha\u00eene t\u00e9l\u00e9vis\u00e9e, c\u2019est aussi un devoir pour nous d\u2019insuffler \u00e0 la jeunesse marocaine la culture de l\u2019entrepreneuriat qui repr\u00e9sente un enjeu d\u2019importance pour l\u2019emploi des jeunes sur le plan national\u00bb,<\/em> a dit M. Dahbi.<\/span><\/p>\n<p class=\"p1\"><span class=\"s1\">Cette nouvelle programmation se d\u00e9roulera chaque samedi soir (\u00e0 partir de 21h30), en pr\u00e9sence d\u2019un jury compos\u00e9 de professionnels du monde de l\u2019entreprise, de l\u2019entrepreneuriat et de la formation et avec la participation de nomin\u00e9s venus des quatre coins du Maroc.<\/span><\/p>\n<p class=\"p1\"><span class=\"s1\">Par ailleurs, \u00abDir Mechrou3ek\u00bb est un projet multim\u00e9dia, TV et digital. Ce concours se d\u00e9cline en plusieurs \u00e9tapes sur une p\u00e9riode de huit semaines. Les candidats ont d\u00fb r\u00e9aliser une mini-vid\u00e9o r\u00e9sumant leur projet, soumise \u00e0 un jury qui a s\u00e9lectionn\u00e9 les plus prometteurs. Chaque semaine, 10 gagnants sont annonc\u00e9s pour participer \u00e0 l\u2019\u00e9mission et re\u00e7oivent chacun un smartphone. Lors de l\u2019\u00e9mission, chaque nomin\u00e9 pr\u00e9sente un pitch de 2 minutes pour convaincre le jury qui se concertera pour d\u00e9signer les 5 premiers prix d\u2019une valeur de 10.000 MAD et les 5 prix d\u2019une valeur de 5.000 MAD. Le public tranchera en votant par SMS au 5054 pour son candidat favori qui aura l\u2019opportunit\u00e9 de participer \u00e0 la grande finale. Les nomin\u00e9s b\u00e9n\u00e9ficient d\u2019un coaching personnalis\u00e9 et d\u2019un coaching de groupe avant chaque \u00e9mission pour la pr\u00e9paration de leur pitch \u00e0 l\u2019antenne. Les sept finalistes se retrouveront la huiti\u00e8me semaine en comp\u00e9tition et le vainqueur remportera la somme de 100.000 MAD et une voiture utilitaire afin de le soutenir dans la cr\u00e9ation de son auto-entreprise, et b\u00e9n\u00e9ficiera d\u2019un accompagnement pour la r\u00e9alisation de son projet.<\/span><\/p>\n<p class=\"p1\"><span class=\"s1\">Notons que Medi1TV est un bouquet de trois cha\u00eenes d\u2019information en continu \u2013 Maghreb, Afrique et Arabic \u2013 diffus\u00e9 en full HD 24h\/24, 7j\/7, en fran\u00e7ais et en arabe.<\/span><\/p>\n<p>Auteur: ALM<br \/>\n<a href=\"http:\/\/aujourdhui.ma\/economie\/dir-mechrou3ek-une-emission-de-medi1tv-pour-soutenir-lentrepreneuriat\">Cliquez ici pour lire l&rsquo;article depuis sa source.<\/a><\/p>\n","protected":false},"excerpt":{"rendered":"<p>Dix porteurs de projets seront mis \u00e0 l\u2019honneur chaque semaine Appuyer et encourager les auto-entrepreneurs et promouvoir la voie de l\u2019entrepreneuriat parmi les jeunes marocains. C\u2019est l\u2019objectif majeur d\u2019une nouvelle \u00e9mission, baptis\u00e9e \u00abDir Mechrou3ek\u00bb\u00a0 et r\u00e9alis\u00e9e par Medi1TV en partenariat avec le Groupe Banque populaire. Le premier \u00e9pisode est pr\u00e9vu samedi 18 janvier sur les [&hellip;]<\/p>\n","protected":false},"author":1759,"featured_media":0,"comment_status":"closed","ping_status":"closed","sticky":false,"template":"","format":"standard","meta":{"fifu_image_url":"","fifu_image_alt":"","footnotes":""},"categories":[73,54],"tags":[],"class_list":["post-73292","post","type-post","status-publish","format-standard","hentry","category-actualite","category-maroc"],"_links":{"self":[{"href":"https:\/\/linitiative.ca\/International\/wp-json\/wp\/v2\/posts\/73292","targetHints":{"allow":["GET"]}}],"collection":[{"href":"https:\/\/linitiative.ca\/International\/wp-json\/wp\/v2\/posts"}],"about":[{"href":"https:\/\/linitiative.ca\/International\/wp-json\/wp\/v2\/types\/post"}],"author":[{"embeddable":true,"href":"https:\/\/linitiative.ca\/International\/wp-json\/wp\/v2\/users\/1759"}],"replies":[{"embeddable":true,"href":"https:\/\/linitiative.ca\/International\/wp-json\/wp\/v2\/comments?post=73292"}],"version-history":[{"count":0,"href":"https:\/\/linitiative.ca\/International\/wp-json\/wp\/v2\/posts\/73292\/revisions"}],"wp:attachment":[{"href":"https:\/\/linitiative.ca\/International\/wp-json\/wp\/v2\/media?parent=73292"}],"wp:term":[{"taxonomy":"category","embeddable":true,"href":"https:\/\/linitiative.ca\/International\/wp-json\/wp\/v2\/categories?post=73292"},{"taxonomy":"post_tag","embeddable":true,"href":"https:\/\/linitiative.ca\/International\/wp-json\/wp\/v2\/tags?post=73292"}],"curies":[{"name":"wp","href":"https:\/\/api.w.org\/{rel}","templated":true}]}}