{"id":73293,"date":"2020-01-17T04:34:44","date_gmt":"2020-01-17T09:34:44","guid":{"rendered":"https:\/\/linitiative.ca\/International\/la-bcp-sengage-pour-la-tpe\/"},"modified":"2020-01-17T04:34:44","modified_gmt":"2020-01-17T09:34:44","slug":"la-bcp-sengage-pour-la-tpe","status":"publish","type":"post","link":"https:\/\/linitiative.ca\/International\/la-bcp-sengage-pour-la-tpe\/","title":{"rendered":"La BCP s\u2019engage pour la TPE"},"content":{"rendered":"<p class=\"has-text-color c2\"><strong>Le Groupe Banque Centrale Populaire (BCP) a \u00e9labor\u00e9 un plan d\u2019acc\u00e9l\u00e9ration de la tr\u00e8s petite entreprise (TPE), un ambitieux programme mobilisant l\u2019ensemble des forces vives de la Banque pour soutenir, accompagner et dynamiser le tissu entrepreneurial marocain.<\/strong><\/p>\n<p>Cette strat\u00e9gie s\u2019articule autour de 3 axes cl\u00e9s, \u00e0 savoir, une exp\u00e9rience client am\u00e9lior\u00e9e avec des processus optimis\u00e9s et des comp\u00e9tences renforc\u00e9es, un r\u00e9seau de 2.000 points de contact dont 181 agences d\u00e9di\u00e9es aux TPE et des partenariats avec les r\u00e9gions pour un \u00e9cosyst\u00e8me inclusif. Pour accompagner cette feuille de route, la BCP a d\u00e9sign\u00e9 un r\u00e9seau national de 181 agences enti\u00e8rement d\u00e9di\u00e9es aux TPE et mobilise le r\u00e9seau de sa fondation Attawfiq Micro-Finance. En outre, la Banque \u00e0 cheval a entam\u00e9 une s\u00e9rie d\u2019initiatives avec diff\u00e9rentes R\u00e9gions pour cr\u00e9er des \u00e9cosyst\u00e8mes inclusifs \u00e0 m\u00eame d\u2019acc\u00e9l\u00e9rer le d\u00e9veloppement des TPE et accompagner efficacement les porteurs de projets. En plus d\u2019une offre compl\u00e8te sp\u00e9cialement \u00e9labor\u00e9e pour accompagner la cr\u00e9ation et le d\u00e9veloppement des projets entrepreneuriaux, le groupe BCP a engag\u00e9, en partenariat avec les collectivit\u00e9s territoriales, un large programme d\u2019inclusion \u00e9conomique des TPE et des auto-entrepreneurs \u00e0 l\u2019\u00e9chelle nationale.<\/p>\n<p>Par ailleurs, afin d\u2019offrir aux entrepreneurs et porteurs de projets une prise en charge compl\u00e8te et de qualit\u00e9, la Banque Populaire a proc\u00e9d\u00e9 \u00e0 la digitalisation de ses processus internes d\u2019octroi de cr\u00e9dit \u00e0 la TPE et a \u00e9galement dispens\u00e9 des formations de haut niveau \u00e0 destination de sa force commerciale, ce qui a permis d\u2019\u00e9tendre les capacit\u00e9s d\u2019accompagnement des TPE \u00e0 l\u2019ensemble des agences Banque Populaire \u00e0 travers le Royaume.<\/p>\n<p>Le Groupe garde toujours \u00e0 \u00ab\u00a0l\u2019esprit de servir toujours mieux ces entreprises pour leur permettre d\u2019op\u00e9rer au quotidien et de cro\u00eetre afin de p\u00e9renniser le d\u00e9veloppement de notre pays\u00a0\u00bb, a relev\u00e9 le directeur g\u00e9n\u00e9ral Banque de d\u00e9tail, Jalil Sebti, faisant savoir que la Banque avait, d\u00e8s 2016, repens\u00e9 les fondements de sa strat\u00e9gie en faveur de la TPE et laquelle ayant \u00e9t\u00e9 con\u00e7ue en se nourrissant de l\u2019\u00e9coute des TPE, et de focus groupes avec des experts r\u00e9gionaux et internationaux.<\/p>\n<p>\u00ab\u00a0La TPE rassemblerait, d\u2019apr\u00e8s les derni\u00e8res statistiques, pr\u00e8s de 2 millions d\u2019unit\u00e9s, dont la majorit\u00e9 \u00e9volueraient dans le secteur de l\u2019informel, tandis que 2 millions d\u2019entrepreneurs pourraient pr\u00e9tendre au statut de l\u2019autoentrepreneur. Cela repr\u00e9sente un gisement de croissance important, mais c\u2019est aussi un sujet de fragilit\u00e9, car les 2\/3 des nouvelles unit\u00e9s disparaissent avant d\u2019atteindre leur cinqui\u00e8me ann\u00e9e d\u2019existence, entra\u00eenant avec elle les emplois et les richesses cr\u00e9\u00e9s\u00a0\u00bb conclut le top management du groupe bancaire.<\/p>\n<p class=\"c3\"><strong>Kaoutar Khennach<\/strong><\/p>\n<p>Auteur: M&rsquo;hammed rahal<br \/>\n<a href=\"http:\/\/albayane.press.ma\/la-bcp-sengage-pour-la-tpe.html\">Cliquez ici pour lire l&rsquo;article depuis sa source.<\/a><\/p>\n","protected":false},"excerpt":{"rendered":"<p>Le Groupe Banque Centrale Populaire (BCP) a \u00e9labor\u00e9 un plan d\u2019acc\u00e9l\u00e9ration de la tr\u00e8s petite entreprise (TPE), un ambitieux programme mobilisant l\u2019ensemble des forces vives de la Banque pour soutenir, accompagner et dynamiser le tissu entrepreneurial marocain. Cette strat\u00e9gie s\u2019articule autour de 3 axes cl\u00e9s, \u00e0 savoir, une exp\u00e9rience client am\u00e9lior\u00e9e avec des processus optimis\u00e9s [&hellip;]<\/p>\n","protected":false},"author":1760,"featured_media":0,"comment_status":"closed","ping_status":"closed","sticky":false,"template":"","format":"standard","meta":{"fifu_image_url":"","fifu_image_alt":"","footnotes":""},"categories":[73,54],"tags":[],"class_list":["post-73293","post","type-post","status-publish","format-standard","hentry","category-actualite","category-maroc"],"_links":{"self":[{"href":"https:\/\/linitiative.ca\/International\/wp-json\/wp\/v2\/posts\/73293","targetHints":{"allow":["GET"]}}],"collection":[{"href":"https:\/\/linitiative.ca\/International\/wp-json\/wp\/v2\/posts"}],"about":[{"href":"https:\/\/linitiative.ca\/International\/wp-json\/wp\/v2\/types\/post"}],"author":[{"embeddable":true,"href":"https:\/\/linitiative.ca\/International\/wp-json\/wp\/v2\/users\/1760"}],"replies":[{"embeddable":true,"href":"https:\/\/linitiative.ca\/International\/wp-json\/wp\/v2\/comments?post=73293"}],"version-history":[{"count":0,"href":"https:\/\/linitiative.ca\/International\/wp-json\/wp\/v2\/posts\/73293\/revisions"}],"wp:attachment":[{"href":"https:\/\/linitiative.ca\/International\/wp-json\/wp\/v2\/media?parent=73293"}],"wp:term":[{"taxonomy":"category","embeddable":true,"href":"https:\/\/linitiative.ca\/International\/wp-json\/wp\/v2\/categories?post=73293"},{"taxonomy":"post_tag","embeddable":true,"href":"https:\/\/linitiative.ca\/International\/wp-json\/wp\/v2\/tags?post=73293"}],"curies":[{"name":"wp","href":"https:\/\/api.w.org\/{rel}","templated":true}]}}