{"id":73294,"date":"2020-01-17T04:43:07","date_gmt":"2020-01-17T09:43:07","guid":{"rendered":"https:\/\/linitiative.ca\/International\/la-demission-communale\/"},"modified":"2020-01-17T04:43:07","modified_gmt":"2020-01-17T09:43:07","slug":"la-demission-communale","status":"publish","type":"post","link":"https:\/\/linitiative.ca\/International\/la-demission-communale\/","title":{"rendered":"La d\u00e9mission communale!"},"content":{"rendered":"<p class=\"has-text-color c2\"><strong>Depuis longtemps, la zone situ\u00e9e aussi bien sur le littoral atlantique qu\u2019aux confins d\u2019un site montagneux, manque cruellement de nombre de services vitaux de la vie humaine, notamment l\u2019implantation du r\u00e9seau d\u2019assainissement, le rev\u00eatement des acc\u00e8s et ruelles\u2026<\/strong><\/p>\n<p>Cette anarchie qui r\u00e8gne dans la commune d\u2019Aourir relevant de la province d\u2019Agadir Ida Outanane, puisque c\u2019est d\u2019elle qu\u2019il s\u2019agit, a donc occasionn\u00e9 une v\u00e9ritable ru\u00e9e vers l\u2019informel au niveau des constructions de logement. Les dispositions de l\u2019urbanisme ne sont gu\u00e8re respect\u00e9es dans une r\u00e9gion o\u00f9 les lois en vigueur sont globalement bafou\u00e9es.<\/p>\n<p>Devant ce d\u00e9passement qui ne fait alors que prolif\u00e9rer dans le tissu urbanistique, les autorit\u00e9s locales avaient d\u00e9j\u00e0 entam\u00e9 une campagne de d\u00e9molition des constructions anarchiques dont celles qui appartiennent \u00e0 des conseillers communaux, cens\u00e9s donner l\u2019exemple aux citoyens.<\/p>\n<p>Il est donc constat\u00e9 que les conseils de certaines communes, particuli\u00e8rement d\u2019Aourir, de Tamri et d\u2019Imouzzer ont toujours brill\u00e9 par leur absence. D\u2019aucuns avanceraient le fait que ces attitudes trouvent leur explication dans, tout d\u2019abord, l\u2019incapacit\u00e9 des pr\u00e9sidents de communes de s\u2019opposer aux fauteurs de peur de perdre des voix \u00e9lectorales, \u00e0 la veille des prochaines \u00e9ch\u00e9ances, d\u2019autre part, l\u2019implication de ces m\u00eames responsables et leurs acolytes dans des d\u00e9pravations.<\/p>\n<p>On conviendra alors que les \u00e9lus et certains agents, dans bien des cas, se lancent dans des complicit\u00e9s, car il est bien \u00e9vident que les citoyens \u00e0 qui on d\u00e9truit leurs constructions non autoris\u00e9es, se sont sans doute, adonn\u00e9 \u00e0 ces man\u0153uvres clandestines apr\u00e8s avoir \u00abcorrompu\u00bb leurs bourreaux pour que ces derniers \u00abferment les yeux\u00bb. L\u2019\u00e9p\u00e9e de Damocl\u00e8s tombe maintenant sur les toits des citoyens qui se trouvent, certes, dans l\u2019infraction urbanistique, et doit \u00e9galement trancher toutes les t\u00eates dans le camp des \u00e9lus et des autorit\u00e9s qui ont, des ann\u00e9es durant, soudoyer ces d\u00e9lits, en contrepartie de l\u2019argent sale.<\/p>\n<p>Auteur: M&rsquo;hammed rahal<br \/>\n<a href=\"http:\/\/albayane.press.ma\/la-demission-communale.html\">Cliquez ici pour lire l&rsquo;article depuis sa source.<\/a><\/p>\n","protected":false},"excerpt":{"rendered":"<p>Depuis longtemps, la zone situ\u00e9e aussi bien sur le littoral atlantique qu\u2019aux confins d\u2019un site montagneux, manque cruellement de nombre de services vitaux de la vie humaine, notamment l\u2019implantation du r\u00e9seau d\u2019assainissement, le rev\u00eatement des acc\u00e8s et ruelles\u2026 Cette anarchie qui r\u00e8gne dans la commune d\u2019Aourir relevant de la province d\u2019Agadir Ida Outanane, puisque c\u2019est [&hellip;]<\/p>\n","protected":false},"author":1760,"featured_media":0,"comment_status":"closed","ping_status":"closed","sticky":false,"template":"","format":"standard","meta":{"fifu_image_url":"","fifu_image_alt":"","footnotes":""},"categories":[73,54],"tags":[],"class_list":["post-73294","post","type-post","status-publish","format-standard","hentry","category-actualite","category-maroc"],"_links":{"self":[{"href":"https:\/\/linitiative.ca\/International\/wp-json\/wp\/v2\/posts\/73294","targetHints":{"allow":["GET"]}}],"collection":[{"href":"https:\/\/linitiative.ca\/International\/wp-json\/wp\/v2\/posts"}],"about":[{"href":"https:\/\/linitiative.ca\/International\/wp-json\/wp\/v2\/types\/post"}],"author":[{"embeddable":true,"href":"https:\/\/linitiative.ca\/International\/wp-json\/wp\/v2\/users\/1760"}],"replies":[{"embeddable":true,"href":"https:\/\/linitiative.ca\/International\/wp-json\/wp\/v2\/comments?post=73294"}],"version-history":[{"count":0,"href":"https:\/\/linitiative.ca\/International\/wp-json\/wp\/v2\/posts\/73294\/revisions"}],"wp:attachment":[{"href":"https:\/\/linitiative.ca\/International\/wp-json\/wp\/v2\/media?parent=73294"}],"wp:term":[{"taxonomy":"category","embeddable":true,"href":"https:\/\/linitiative.ca\/International\/wp-json\/wp\/v2\/categories?post=73294"},{"taxonomy":"post_tag","embeddable":true,"href":"https:\/\/linitiative.ca\/International\/wp-json\/wp\/v2\/tags?post=73294"}],"curies":[{"name":"wp","href":"https:\/\/api.w.org\/{rel}","templated":true}]}}