{"id":73295,"date":"2020-01-17T04:57:31","date_gmt":"2020-01-17T09:57:31","guid":{"rendered":"https:\/\/linitiative.ca\/International\/le-sahara-marocain-veritable-trait-dunion-entre-le-maroc-et-le-reste-de-lafrique\/"},"modified":"2020-01-17T04:57:31","modified_gmt":"2020-01-17T09:57:31","slug":"le-sahara-marocain-veritable-trait-dunion-entre-le-maroc-et-le-reste-de-lafrique","status":"publish","type":"post","link":"https:\/\/linitiative.ca\/International\/le-sahara-marocain-veritable-trait-dunion-entre-le-maroc-et-le-reste-de-lafrique\/","title":{"rendered":"Le Sahara marocain \u00abv\u00e9ritable trait d\u2019union entre le Maroc et le reste de l\u2019Afrique\u00bb"},"content":{"rendered":"<p class=\"has-text-color c2\"><strong>\u00abNos Provinces du sud constituent un v\u00e9ritable trait d\u2019union entre le Maroc et le reste de l\u2019Afrique sur les plans g\u00e9ographique, humain et \u00e9conomique\u00bb, a affirm\u00e9 SM le Roi Mohammed VI dans son discours adress\u00e9 \u00e0 la nation, le 6 novembre 2019, \u00e0 l\u2019occasion du 44<\/strong><sup><strong>e<\/strong><\/sup><strong>anniversaire de la Marche verte, soulignant par ailleurs que \u00able Sahara constitue le portail du Maroc sur l\u2019Afrique subsaharienne\u00bb.<\/strong><\/p>\n<p>Cette vision politique a \u00e9t\u00e9 bien per\u00e7ue par l\u2019Afrique qui, depuis lors, s\u2019est fait \u00e9cho de cette approche royale. C\u2019est dans ce sillage que les \u00eeles Comores ont pass\u00e9 \u00e0 l\u2019acte durant le m\u00eame mois en proc\u00e9dant \u00e0 l\u2019ouverture d\u2019un Consulat g\u00e9n\u00e9ral dans la ville de La\u00e2youne. Cette premi\u00e8re initiative, qualifi\u00e9e par plusieurs observateurs d\u2019acte politique audacieux, a \u00e9t\u00e9 concr\u00e9tis\u00e9e lors d\u2019une c\u00e9r\u00e9monie officielle pr\u00e9sid\u00e9e par <strong>le ministre des Affaires \u00e9trang\u00e8res, de la Coop\u00e9ration africaine et des Marocains r\u00e9sidant \u00e0 l\u2019\u00e9tranger, Nasser Bourita, et son homologue comorien, Souef Mohamed El Amine.<\/strong><\/p>\n<p>Un mois plus tard, la r\u00e9publique de Gambie a annonc\u00e9 l\u2019ouverture \u00e0 Daklha d\u2019une repr\u00e9sentation diplomatique. La d\u00e9cision a \u00e9t\u00e9 mise en application sur le terrain dans l\u2019aube de cette ann\u00e9e 2020 lors d\u2019une c\u00e9r\u00e9monie pr\u00e9sid\u00e9e par le ministre gambien des affaires \u00e9trang\u00e8res Mamadou Tangara,\u00a0 accompagn\u00e9 de son homologue marocain, Nasser Bourita. Apr\u00e8s ces deux pays africains, la r\u00e9publique de Gabon vient d\u2019annoncer l\u2019ouverture d\u2019un consulat g\u00e9n\u00e9ral dans la ville de La\u00e2youne.<\/p>\n<p>L\u2019inauguration de ce consulat s\u2019effectuera ce vendredi, selon des informations concordantes, en pr\u00e9sence du chef de la diplomatie marocaine, Nasser Bourita, et de hauts responsables gabonais. Ces trois initiatives politiques et diplomatiques se sont intervenues apr\u00e8s l\u2019ouverture par la C\u00f4te d\u2019Ivoire d\u2019un consulat honoraire dans la ville de La\u00e2youne.<\/p>\n<p>Les m\u00eames informations font savoir \u00e9galement qu\u2019un quatri\u00e8me pays africain va prendre une initiative similaire prochainement. Il s\u2019agirait de la r\u00e9publique centrafricaine. Il faut dire que ces installations consulaires confirment que la marocanit\u00e9 du Sahara est irr\u00e9versible, a d\u00e9clar\u00e9 le chef de la diplomatie marocaine, soulignant qu\u2019\u00e0 l\u2019instar des consulats install\u00e9s \u00e0 Marrakech, Casablanca ou Tanger, \u00abil est normal que ces repr\u00e9sentations diplomatiques soient pr\u00e9sentes dans les provinces du Sud dans le cadre de la souverainet\u00e9 du Maroc\u00bb.<\/p>\n<p>Et d\u2019ajouter que cette d\u00e9cision vient conforter \u00e9galement la dynamique positive que conna\u00eet la cause nationale sur la sc\u00e8ne internationale \u00e0 travers le soutien constant qu\u2019expriment plusieurs pays \u00e0 la marocanit\u00e9 du Sahara.<\/p>\n<p>En fait, c\u2019est le fruit de la vision royale qui avait balis\u00e9 la voie \u00e0 ces d\u00e9veloppements que connaissent la cause nationale et l\u2019africanit\u00e9 du Maroc. \u00abDepuis notre accession au Tr\u00f4ne, nous avons inscrit notre continent au c\u0153ur de notre politique ext\u00e9rieure (\u2026).<\/p>\n<p>Cette orientation a port\u00e9 ses fruits puisque le Maroc occupe une place de choix en Afrique, dans les domaines \u00e9conomique, politique, culturel et religieux\u00bb, avait soulign\u00e9 SM le Roi Mohammed VI, en marquant sa d\u00e9termination \u00e0 \u00ab\u00e9riger le Maroc en acteur cl\u00e9 de la construction de l\u2019Afrique de demain\u00bb.<\/p>\n<p class=\"c3\"><strong>B.Amenzou<\/strong><\/p>\n<p>Auteur: M&rsquo;hammed rahal<br \/>\n<a href=\"http:\/\/albayane.press.ma\/le-sahara-marocain-veritable-trait-dunion-entre-le-maroc-et-le-reste-de-lafrique.html\">Cliquez ici pour lire l&rsquo;article depuis sa source.<\/a><\/p>\n","protected":false},"excerpt":{"rendered":"<p>\u00abNos Provinces du sud constituent un v\u00e9ritable trait d\u2019union entre le Maroc et le reste de l\u2019Afrique sur les plans g\u00e9ographique, humain et \u00e9conomique\u00bb, a affirm\u00e9 SM le Roi Mohammed VI dans son discours adress\u00e9 \u00e0 la nation, le 6 novembre 2019, \u00e0 l\u2019occasion du 44eanniversaire de la Marche verte, soulignant par ailleurs que \u00able [&hellip;]<\/p>\n","protected":false},"author":1760,"featured_media":0,"comment_status":"closed","ping_status":"closed","sticky":false,"template":"","format":"standard","meta":{"fifu_image_url":"","fifu_image_alt":"","footnotes":""},"categories":[73,54],"tags":[],"class_list":["post-73295","post","type-post","status-publish","format-standard","hentry","category-actualite","category-maroc"],"_links":{"self":[{"href":"https:\/\/linitiative.ca\/International\/wp-json\/wp\/v2\/posts\/73295","targetHints":{"allow":["GET"]}}],"collection":[{"href":"https:\/\/linitiative.ca\/International\/wp-json\/wp\/v2\/posts"}],"about":[{"href":"https:\/\/linitiative.ca\/International\/wp-json\/wp\/v2\/types\/post"}],"author":[{"embeddable":true,"href":"https:\/\/linitiative.ca\/International\/wp-json\/wp\/v2\/users\/1760"}],"replies":[{"embeddable":true,"href":"https:\/\/linitiative.ca\/International\/wp-json\/wp\/v2\/comments?post=73295"}],"version-history":[{"count":0,"href":"https:\/\/linitiative.ca\/International\/wp-json\/wp\/v2\/posts\/73295\/revisions"}],"wp:attachment":[{"href":"https:\/\/linitiative.ca\/International\/wp-json\/wp\/v2\/media?parent=73295"}],"wp:term":[{"taxonomy":"category","embeddable":true,"href":"https:\/\/linitiative.ca\/International\/wp-json\/wp\/v2\/categories?post=73295"},{"taxonomy":"post_tag","embeddable":true,"href":"https:\/\/linitiative.ca\/International\/wp-json\/wp\/v2\/tags?post=73295"}],"curies":[{"name":"wp","href":"https:\/\/api.w.org\/{rel}","templated":true}]}}