{"id":73297,"date":"2020-01-17T05:13:37","date_gmt":"2020-01-17T10:13:37","guid":{"rendered":"https:\/\/linitiative.ca\/International\/sm-le-roi-visite-bayt-dakira-a-la-medina-dessaouira\/"},"modified":"2020-01-17T05:13:37","modified_gmt":"2020-01-17T10:13:37","slug":"sm-le-roi-visite-bayt-dakira-a-la-medina-dessaouira","status":"publish","type":"post","link":"https:\/\/linitiative.ca\/International\/sm-le-roi-visite-bayt-dakira-a-la-medina-dessaouira\/","title":{"rendered":"SM le Roi visite \u00abBayt Dakira\u00bb \u00e0 la M\u00e9dina d\u2019Essaouira"},"content":{"rendered":"<p class=\"has-text-color c2\"><strong>Sa Majest\u00e9 le Roi Mohammed VI, Amir Al-Mouminine, a visit\u00e9, mercredi \u00e0 l\u2019ancienne m\u00e9dina d\u2019Essaouira, \u00abBayt Dakira\u00bb, un espace spirituel et patrimonial de pr\u00e9servation et de valorisation de la m\u00e9moire jud\u00e9o-marocaine, unique en son genre au sud de la M\u00e9diterran\u00e9e et en terre d\u2019Islam.<\/strong><\/p>\n<p>Cet espace historique, culturel et spirituel, abrite, apr\u00e8s des travaux de restauration, la Synagogue \u00abSlat Attia\u00bb, la maison de la m\u00e9moire et de l\u2019histoire \u00abBayt Dakira\u00bb et le Centre international de recherches Haim et C\u00e9lia Zafrani sur l\u2019histoire des Relations entre le Juda\u00efsme et l\u2019Islam.<\/p>\n<p>La visite du Souverain \u00e0 cet \u00e9difice traduit l\u2019int\u00e9r\u00eat particulier qu\u2019accorde SM le Roi, Amir Al-Mouminine, au patrimoine culturel et cultuel de la communaut\u00e9 juive marocaine, et Sa volont\u00e9 permanente de pr\u00e9server la richesse et la diversit\u00e9 des composantes spirituelles du Royaume et de son patrimoine authentique.<\/p>\n<p>\u00c0 Son arriv\u00e9e \u00e0 \u00abBayt Dakira\u00bb, Sa Majest\u00e9 le Roi a \u00e9t\u00e9 accueilli par le Conseiller du Souverain, Pr\u00e9sident de l\u2019Association Essaouira-Mogador, M. Andr\u00e9 Azoulay, avant d\u2019\u00eatre salu\u00e9 par les membres du Comit\u00e9 scientifique de \u00abBayt Dakira\u00bb et du bureau de l\u2019Association Essaouira-Mogador, initiatrice de ce chantier, et les architectes charg\u00e9s de la restauration de ce projet.<\/p>\n<p>Le Souverain a ensuite \u00e9t\u00e9 salu\u00e9 par le Grand Rabbin de Casablanca, M. Joseph Israel, et le Grand Rabbin M. David Pinto, avant de visiter la salle de pri\u00e8re \u00abSlat Attia\u00bb, l\u2019une des synagogues les plus embl\u00e9matiques d\u2019Essaouira-Mogador qui refl\u00e8te l\u2019exceptionnelle singularit\u00e9 et la richesse du juda\u00efsme marocain.<\/p>\n<p>Le Souverain a, par la suite, \u00e9t\u00e9 salu\u00e9 par Mme Audrey Azoulay, Directrice g\u00e9n\u00e9rale de l\u2019Organisation des Nations unies pour l\u2019\u00e9ducation, la science et la culture (UNESCO).<\/p>\n<p>Ensuite, M. Andr\u00e9 Azoulay a pr\u00e9sent\u00e9 \u00e0 Sa Majest\u00e9 le Roi, Amir Al-Mouminine, les deux Livres Saints: Le Coran et La Thora.<\/p>\n<p>A cette occasion, le chantre Michel Abittan a interpr\u00e9t\u00e9 des chants religieux, avant que le Grand Rabbin de Casablanca, M. Joseph Israel, ne prononce une b\u00e9n\u00e9diction pour SM le Roi Mohammed VI, que Dieu Le pr\u00e9serve.<\/p>\n<p>Par la suite, le Conseiller de SM le Roi, Pr\u00e9sident de l\u2019Association Essaouira-Mogador, M. Andr\u00e9 Azoulay, a prononc\u00e9 une allocution devant le Souverain dans laquelle il a affirm\u00e9 que cette visite du Souverain scelle la renaissance de la ville d\u2019Essaouira, qui a toujours \u00e9t\u00e9 tourn\u00e9e vers le reste du Monde, notant que c\u2019est un jour historique qui porte l\u2019empreinte de \u201cnotre Maroc s\u00e9culaire et mill\u00e9naire qui a su prot\u00e9ger la tr\u00e8s grande diversit\u00e9, qui est la richesse centrale de notre pays\u201d.<\/p>\n<p>\u201cCette maison est celle de la m\u00e9moire et de l\u2019histoire. Elle est aussi celle de cette boussole marocaine dont le monde a besoin aujourd\u2019hui, un monde en qu\u00eate de rep\u00e8res, un monde qui tourne le dos \u00e0 toutes ces valeurs qui sont celles de notre pays sous le leadership de SM le Roi, Amir Al-Mouminine\u201d, a ajout\u00e9 M. Azoulay.<\/p>\n<p>Ayant pour centre de gravit\u00e9 la Synagogue \u00abSlat Attia\u00bb, Bayt Dakira est un lieu de m\u00e9moire qui raconte par les objets, les textes, la photo et le film l\u2019exceptionnelle saga du Juda\u00efsme dans la ville d\u2019Essaouira et de ses patrimoines : du c\u00e9r\u00e9monial du th\u00e9 \u00e0 l\u2019art po\u00e9tique h\u00e9bra\u00efque, de l\u2019orf\u00e8vrerie du filigrane de l\u2019or et de l\u2019argent \u00e0 la broderie et \u00e0 la confection de somptueux caftans, des arts culturels \u00e0 la litt\u00e9rature et des rituels souiris \u00e0 la synagogue aux grands comptoirs du n\u00e9goce qui ont fait le rayonnement de Mogador au 18e et 19e si\u00e8cle.<\/p>\n<p>\u00abBayt Dakira\u00bb, qui pr\u00e9sente et explique tous les passages de la vie juive \u00e0 Essaouira, de la naissance au d\u00e9c\u00e8s et de la Bar Mitzvah au mariage, est \u00e9galement un lieu de p\u00e9dagogie gr\u00e2ce au Centre de Recherches Haim et C\u00e9lia Zafrani sur l\u2019histoire des Relations entre le Juda\u00efsme et l\u2019Islam, qui constitue un espace d\u2019\u00e9change entre les chercheurs de divers horizons et un espace de partage, de transmission et de r\u00e9sistance \u00e0 l\u2019amn\u00e9sie.<\/p>\n<p>A l\u2019issue de la visite, Sa Majest\u00e9 le Roi, Amir Al-Mouminine, a \u00e9t\u00e9 salu\u00e9 par 27 personnalit\u00e9s de la communaut\u00e9 juive marocaine et du monde.<\/p>\n<p>Les anciens peuvent reposer en paix. La m\u00e9moire juive marocaine a ses gardiens. De toutes g\u00e9n\u00e9rations et de toutes confessions, ces Marocains de naissance ou de c\u0153ur sont d\u00e9sormais mobilis\u00e9s, chacun \u00e0 son \u00e9chelle et dans son espace de vie, pour pr\u00e9server, perp\u00e9tuer et faire rayonner le juda\u00efsme marocain, composante singuli\u00e8re et souvent exemplaire de l\u2019identit\u00e9 plurielle du Maroc.<\/p>\n<p class=\"c3\"><strong>(MAP)<\/strong><\/p>\n<p>Auteur: M&rsquo;hammed rahal<br \/>\n<a href=\"http:\/\/albayane.press.ma\/sm-le-roi-visite-bayt-dakira-a-la-medina-dessaouira.html\">Cliquez ici pour lire l&rsquo;article depuis sa source.<\/a><\/p>\n","protected":false},"excerpt":{"rendered":"<p>Sa Majest\u00e9 le Roi Mohammed VI, Amir Al-Mouminine, a visit\u00e9, mercredi \u00e0 l\u2019ancienne m\u00e9dina d\u2019Essaouira, \u00abBayt Dakira\u00bb, un espace spirituel et patrimonial de pr\u00e9servation et de valorisation de la m\u00e9moire jud\u00e9o-marocaine, unique en son genre au sud de la M\u00e9diterran\u00e9e et en terre d\u2019Islam. Cet espace historique, culturel et spirituel, abrite, apr\u00e8s des travaux de [&hellip;]<\/p>\n","protected":false},"author":1760,"featured_media":0,"comment_status":"closed","ping_status":"closed","sticky":false,"template":"","format":"standard","meta":{"fifu_image_url":"","fifu_image_alt":"","footnotes":""},"categories":[73,54],"tags":[],"class_list":["post-73297","post","type-post","status-publish","format-standard","hentry","category-actualite","category-maroc"],"_links":{"self":[{"href":"https:\/\/linitiative.ca\/International\/wp-json\/wp\/v2\/posts\/73297","targetHints":{"allow":["GET"]}}],"collection":[{"href":"https:\/\/linitiative.ca\/International\/wp-json\/wp\/v2\/posts"}],"about":[{"href":"https:\/\/linitiative.ca\/International\/wp-json\/wp\/v2\/types\/post"}],"author":[{"embeddable":true,"href":"https:\/\/linitiative.ca\/International\/wp-json\/wp\/v2\/users\/1760"}],"replies":[{"embeddable":true,"href":"https:\/\/linitiative.ca\/International\/wp-json\/wp\/v2\/comments?post=73297"}],"version-history":[{"count":0,"href":"https:\/\/linitiative.ca\/International\/wp-json\/wp\/v2\/posts\/73297\/revisions"}],"wp:attachment":[{"href":"https:\/\/linitiative.ca\/International\/wp-json\/wp\/v2\/media?parent=73297"}],"wp:term":[{"taxonomy":"category","embeddable":true,"href":"https:\/\/linitiative.ca\/International\/wp-json\/wp\/v2\/categories?post=73297"},{"taxonomy":"post_tag","embeddable":true,"href":"https:\/\/linitiative.ca\/International\/wp-json\/wp\/v2\/tags?post=73297"}],"curies":[{"name":"wp","href":"https:\/\/api.w.org\/{rel}","templated":true}]}}