{"id":73302,"date":"2020-01-17T06:42:10","date_gmt":"2020-01-17T11:42:10","guid":{"rendered":"https:\/\/linitiative.ca\/International\/sa-part-sera-de-014-la-tunisie-augmente-sa-participation-au-capital-de-la-bid\/"},"modified":"2020-01-17T06:42:10","modified_gmt":"2020-01-17T11:42:10","slug":"sa-part-sera-de-014-la-tunisie-augmente-sa-participation-au-capital-de-la-bid","status":"publish","type":"post","link":"https:\/\/linitiative.ca\/International\/sa-part-sera-de-014-la-tunisie-augmente-sa-participation-au-capital-de-la-bid\/","title":{"rendered":"Sa part sera de 0,14% : La Tunisie augmente sa participation au capital de la BID"},"content":{"rendered":"<p>L\u2019Assembl\u00e9e des Repr\u00e9sentants du Peuple (ARP) a adopt\u00e9, jeudi, lors d\u2019une s\u00e9ance pl\u00e9ni\u00e8re, le projet de loi N\u00b047-2019, autorisant l\u2019Etat \u00e0 souscrire \u00e0 la 5e augmentation du capital de la Banque Islamique de D\u00e9veloppement (BID), sans discussion.<\/p>\n<p>Cette augmentation intervient suite \u00e0 la d\u00e9cision du Conseil des gouverneurs de la BID, prise lors de sa 88 assembl\u00e9e, tenue en 2013.<\/p>\n<p>Lors de cette assembl\u00e9e, il a \u00e9t\u00e9 d\u00e9cid\u00e9 de proc\u00e9der \u00e0 une 4e augmentation du capital de la BID (de 12 \u00e0 18 milliards de dinars islamiques) puis \u00e0 une 5e augmentation (de 30 \u00e0 100 milliards de dinars islamique et ce dans l\u2019objectif de faire face \u00e0 l\u2019extension des activit\u00e9s de l\u2019\u00e9tablissement.<\/p>\n<p>La part que de la Tunisie d\u00e9tient dans le capital de la BID est estim\u00e9e \u00e0 36,400 millions de dinars islamiques, soit 153 millions de dinars tunisiens. Sa souscription \u00e0 l\u2019augmentation du capitale de la banque portera sa part de 0, 07% \u00e0 0,14%.<\/p>\n<p>La Tunisie est membre de cette institution financi\u00e8re internationale depuis ao\u00fbt 1974.<\/p>\n<p class=\"dpsp-share-text\">Partager c&rsquo;est aimer!<\/p>\n<div class=\"wp-post-author-wrap wp-post-author-shortcode left\">\n<h3 class=\"awpa-title\"\/>\n<div class=\"wp-post-author\">\n<div class=\"awpa-img awpa-author-block square\"><a href=\"http:\/\/lexpertjournal.net\/fr\/author\/expert\/\"><img loading=\"lazy\" decoding=\"async\" alt=\"\" src=\"http:\/\/0.gravatar.com\/avatar\/c828f0b17d24309f0d01a4eac3747085?s=150&#038;d=mm&#038;r=g\" srcset=\"http:\/\/0.gravatar.com\/avatar\/c828f0b17d24309f0d01a4eac3747085?s=300&#038;d=mm&#038;r=g 2x\" class=\"avatar avatar-150 photo\" height=\"150\" width=\"150\"\/><\/a><\/div>\n<\/div>\n<\/div>\n<p>Auteur: L&rsquo;expert<br \/>\n<a href=\"http:\/\/lexpertjournal.net\/fr\/2020\/01\/17\/sa-part-sera-de-014-la-tunisie-augmente-sa-participation-au-capital-de-la-bid\/\">Cliquez ici pour lire l&rsquo;article depuis sa source.<\/a><\/p>\n","protected":false},"excerpt":{"rendered":"<p>L\u2019Assembl\u00e9e des Repr\u00e9sentants du Peuple (ARP) a adopt\u00e9, jeudi, lors d\u2019une s\u00e9ance pl\u00e9ni\u00e8re, le projet de loi N\u00b047-2019, autorisant l\u2019Etat \u00e0 souscrire \u00e0 la 5e augmentation du capital de la Banque Islamique de D\u00e9veloppement (BID), sans discussion. Cette augmentation intervient suite \u00e0 la d\u00e9cision du Conseil des gouverneurs de la BID, prise lors de sa [&hellip;]<\/p>\n","protected":false},"author":1775,"featured_media":0,"comment_status":"closed","ping_status":"closed","sticky":false,"template":"","format":"standard","meta":{"fifu_image_url":"","fifu_image_alt":"","footnotes":""},"categories":[78,55],"tags":[],"class_list":["post-73302","post","type-post","status-publish","format-standard","hentry","category-economie","category-tunisie"],"_links":{"self":[{"href":"https:\/\/linitiative.ca\/International\/wp-json\/wp\/v2\/posts\/73302","targetHints":{"allow":["GET"]}}],"collection":[{"href":"https:\/\/linitiative.ca\/International\/wp-json\/wp\/v2\/posts"}],"about":[{"href":"https:\/\/linitiative.ca\/International\/wp-json\/wp\/v2\/types\/post"}],"author":[{"embeddable":true,"href":"https:\/\/linitiative.ca\/International\/wp-json\/wp\/v2\/users\/1775"}],"replies":[{"embeddable":true,"href":"https:\/\/linitiative.ca\/International\/wp-json\/wp\/v2\/comments?post=73302"}],"version-history":[{"count":0,"href":"https:\/\/linitiative.ca\/International\/wp-json\/wp\/v2\/posts\/73302\/revisions"}],"wp:attachment":[{"href":"https:\/\/linitiative.ca\/International\/wp-json\/wp\/v2\/media?parent=73302"}],"wp:term":[{"taxonomy":"category","embeddable":true,"href":"https:\/\/linitiative.ca\/International\/wp-json\/wp\/v2\/categories?post=73302"},{"taxonomy":"post_tag","embeddable":true,"href":"https:\/\/linitiative.ca\/International\/wp-json\/wp\/v2\/tags?post=73302"}],"curies":[{"name":"wp","href":"https:\/\/api.w.org\/{rel}","templated":true}]}}