{"id":73308,"date":"2020-01-17T12:36:00","date_gmt":"2020-01-17T17:36:00","guid":{"rendered":"https:\/\/linitiative.ca\/International\/la-mobilisation-pour-le-changement-continue\/"},"modified":"2020-01-17T12:36:00","modified_gmt":"2020-01-17T17:36:00","slug":"la-mobilisation-pour-le-changement-continue","status":"publish","type":"post","link":"https:\/\/linitiative.ca\/International\/la-mobilisation-pour-le-changement-continue\/","title":{"rendered":"La mobilisation pour le changement continue"},"content":{"rendered":"<div id=\"originalText\" readability=\"48\">\n<p>Le 48e vendredi de marche \u00e0 Alger a connu une grande mobilisation citoyenne pour le changement politique dans le pays et le d\u00e9part du syst\u00e8me.\u00a0<\/p>\n<p>Des milliers de manifestants ont, en effet, afflu\u00e9\u00a0 de diff\u00e9rents quartiers de la capitale vers le centre d\u2019Alger, o\u00f9 il \u00e9tait difficile de se frayer un chemin parmi la grande foule, notamment aux alentours de la Fac central et l\u2019Avenue Pasteur.\u00a0<\/p>\n<p>Les manifestants, qui ont appel\u00e9 \u00e0 une \u00abpresse libre\u00bb, \u00e0 une \u00abjustice ind\u00e9pendante\u00bb et \u00e0 la \u00ablib\u00e9ration des d\u00e9tenus d\u2019opinions\u00bb, ont r\u00e9clam\u00e9 une \u00abassembl\u00e9e constituante\u00bb et une \u00abp\u00e9riode de transition d\u00e9mocratique\u00bb.\u00a0<\/p>\n<p><img decoding=\"async\" alt=\"\" src=\"\/data\/upload\/01-08-2019\/1%20(Copier).jpg\" class=\"c6\"\/><\/p>\n<p><img decoding=\"async\" alt=\"\" src=\"\/data\/upload\/01-08-2019\/_MG_5128%20(Copier).jpg\" class=\"c7\"\/><\/p>\n<p><img decoding=\"async\" alt=\"\" src=\"\/data\/upload\/01-08-2019\/_MG_4876%20(Copier).jpg\" class=\"c7\"\/><\/p>\n<p><img decoding=\"async\" alt=\"\" src=\"\/data\/upload\/01-08-2019\/_MG_4734%20(Copier).jpg\" class=\"c7\"\/><\/p>\n<p><img decoding=\"async\" alt=\"\" src=\"\/data\/upload\/01-08-2019\/_MG_4743%20(Copier).jpg\" class=\"c7\"\/><\/p>\n<p><img decoding=\"async\" alt=\"\" src=\"\/data\/upload\/01-08-2019\/_MG_4757%20(Copier).jpg\" class=\"c7\"\/><\/p>\n<p><img decoding=\"async\" alt=\"\" src=\"\/data\/upload\/01-08-2019\/_MG_4849%20(Copier).jpg\" class=\"c8\"\/><\/p>\n<p class=\"c9\"><strong>R\u00e9daction Web\u00a0<\/strong><\/p>\n<\/div>\n<div id=\"text_core\" readability=\"48\">\n<p>Le 48e vendredi de marche \u00e0 Alger a connu une grande mobilisation citoyenne pour le changement politique dans le pays et le d\u00e9part du syst\u00e8me.\u00a0<\/p>\n<p>Des milliers de manifestants ont, en effet, afflu\u00e9\u00a0 de diff\u00e9rents quartiers de la capitale vers le centre d\u2019Alger, o\u00f9 il \u00e9tait difficile de se frayer un chemin parmi la grande foule, notamment aux alentours de la Fac central et l\u2019Avenue Pasteur.\u00a0<\/p>\n<p>Les manifestants, qui ont appel\u00e9 \u00e0 une \u00abpresse libre\u00bb, \u00e0 une \u00abjustice ind\u00e9pendante\u00bb et \u00e0 la \u00ablib\u00e9ration des d\u00e9tenus d\u2019opinions\u00bb, ont r\u00e9clam\u00e9 une \u00abassembl\u00e9e constituante\u00bb et une \u00abp\u00e9riode de transition d\u00e9mocratique\u00bb.\u00a0<\/p>\n<p><img decoding=\"async\" alt=\"\" src=\"\/data\/upload\/01-08-2019\/1%20(Copier).jpg\" class=\"c6\"\/><\/p>\n<p><img decoding=\"async\" alt=\"\" src=\"\/data\/upload\/01-08-2019\/_MG_5128%20(Copier).jpg\" class=\"c7\"\/><\/p>\n<p><img decoding=\"async\" alt=\"\" src=\"\/data\/upload\/01-08-2019\/_MG_4876%20(Copier).jpg\" class=\"c7\"\/><\/p>\n<p><img decoding=\"async\" alt=\"\" src=\"\/data\/upload\/01-08-2019\/_MG_4734%20(Copier).jpg\" class=\"c7\"\/><\/p>\n<p><img decoding=\"async\" alt=\"\" src=\"\/data\/upload\/01-08-2019\/_MG_4743%20(Copier).jpg\" class=\"c7\"\/><\/p>\n<p><img decoding=\"async\" alt=\"\" src=\"\/data\/upload\/01-08-2019\/_MG_4757%20(Copier).jpg\" class=\"c7\"\/><\/p>\n<p><img decoding=\"async\" alt=\"\" src=\"\/data\/upload\/01-08-2019\/_MG_4849%20(Copier).jpg\" class=\"c8\"\/><\/p>\n<p class=\"c9\"><strong>R\u00e9daction Web\u00a0<\/strong><\/p>\n<\/div>\n<p>Auteur:<br \/>\n<a href=\"https:\/\/www.liberte-algerie.com\/actualite\/la-mobilisation-pour-le-changement-continue-332078\">Cliquez ici pour lire l&rsquo;article depuis sa source.<\/a><\/p>\n","protected":false},"excerpt":{"rendered":"<p>Le 48e vendredi de marche \u00e0 Alger a connu une grande mobilisation citoyenne pour le changement politique dans le pays et le d\u00e9part du syst\u00e8me.\u00a0 Des milliers de manifestants ont, en effet, afflu\u00e9\u00a0 de diff\u00e9rents quartiers de la capitale vers le centre d\u2019Alger, o\u00f9 il \u00e9tait difficile de se frayer un chemin parmi la grande [&hellip;]<\/p>\n","protected":false},"author":1742,"featured_media":73309,"comment_status":"closed","ping_status":"closed","sticky":false,"template":"","format":"standard","meta":{"fifu_image_url":"","fifu_image_alt":"","footnotes":""},"categories":[73,53],"tags":[],"class_list":["post-73308","post","type-post","status-publish","format-standard","has-post-thumbnail","hentry","category-actualite","category-algerie"],"_links":{"self":[{"href":"https:\/\/linitiative.ca\/International\/wp-json\/wp\/v2\/posts\/73308","targetHints":{"allow":["GET"]}}],"collection":[{"href":"https:\/\/linitiative.ca\/International\/wp-json\/wp\/v2\/posts"}],"about":[{"href":"https:\/\/linitiative.ca\/International\/wp-json\/wp\/v2\/types\/post"}],"author":[{"embeddable":true,"href":"https:\/\/linitiative.ca\/International\/wp-json\/wp\/v2\/users\/1742"}],"replies":[{"embeddable":true,"href":"https:\/\/linitiative.ca\/International\/wp-json\/wp\/v2\/comments?post=73308"}],"version-history":[{"count":0,"href":"https:\/\/linitiative.ca\/International\/wp-json\/wp\/v2\/posts\/73308\/revisions"}],"wp:featuredmedia":[{"embeddable":true,"href":"https:\/\/linitiative.ca\/International\/wp-json\/"}],"wp:attachment":[{"href":"https:\/\/linitiative.ca\/International\/wp-json\/wp\/v2\/media?parent=73308"}],"wp:term":[{"taxonomy":"category","embeddable":true,"href":"https:\/\/linitiative.ca\/International\/wp-json\/wp\/v2\/categories?post=73308"},{"taxonomy":"post_tag","embeddable":true,"href":"https:\/\/linitiative.ca\/International\/wp-json\/wp\/v2\/tags?post=73308"}],"curies":[{"name":"wp","href":"https:\/\/api.w.org\/{rel}","templated":true}]}}