{"id":73310,"date":"2020-01-17T08:26:50","date_gmt":"2020-01-17T13:26:50","guid":{"rendered":"https:\/\/linitiative.ca\/International\/la-bijouterie-un-prodige-de-lartisanat-marocain\/"},"modified":"2020-01-17T08:26:50","modified_gmt":"2020-01-17T13:26:50","slug":"la-bijouterie-un-prodige-de-lartisanat-marocain","status":"publish","type":"post","link":"https:\/\/linitiative.ca\/International\/la-bijouterie-un-prodige-de-lartisanat-marocain\/","title":{"rendered":"La bijouterie, un prodige de l\u2019artisanat marocain"},"content":{"rendered":"<p><iframe loading=\"lazy\" width=\"1170\" height=\"658\" src=\"https:\/\/www.youtube.com\/embed\/LpWdQrwL6tQ?feature=oembed\" frameborder=\"0\" allow=\"accelerometer; autoplay; encrypted-media; gyroscope; picture-in-picture\" allowfullscreen=\"\">[embedded content]<\/iframe><\/p>\n<div class=\"single-post-excerpt post-excerpt-bc\" readability=\"41\">\n<p>Synonyme de raffinement, de somptuosit\u00e9 et d\u2019\u00e9l\u00e9gance, la bijouterie marocaine, cet extraordinaire h\u00e9ritage artistique et culturel, transmis de g\u00e9n\u00e9ration en g\u00e9n\u00e9ration, constitue \u00ab\u00a0un prodige\u00a0\u00bb de l\u2019artisanat marocain, o\u00f9 tradition et modernit\u00e9 se c\u00f4toient pour donner naissance \u00e0 des chefs d\u2019\u0153uvre d\u2019exception.<\/p>\n<\/div>\n<p>Auteur: Meriem IGASS<br \/>\n<a href=\"http:\/\/www.mapmarrakech.ma\/fr\/la-bijouterie-un-prodige-de-lartisanat-marocain\/\">Cliquez ici pour lire l&rsquo;article depuis sa source.<\/a><\/p>\n","protected":false},"excerpt":{"rendered":"<p>[embedded content] Synonyme de raffinement, de somptuosit\u00e9 et d\u2019\u00e9l\u00e9gance, la bijouterie marocaine, cet extraordinaire h\u00e9ritage artistique et culturel, transmis de g\u00e9n\u00e9ration en g\u00e9n\u00e9ration, constitue \u00ab\u00a0un prodige\u00a0\u00bb de l\u2019artisanat marocain, o\u00f9 tradition et modernit\u00e9 se c\u00f4toient pour donner naissance \u00e0 des chefs d\u2019\u0153uvre d\u2019exception. Auteur: Meriem IGASS Cliquez ici pour lire l&rsquo;article depuis sa source.<\/p>\n","protected":false},"author":1788,"featured_media":0,"comment_status":"closed","ping_status":"closed","sticky":false,"template":"","format":"standard","meta":{"fifu_image_url":"","fifu_image_alt":"","footnotes":""},"categories":[54,76],"tags":[],"class_list":["post-73310","post","type-post","status-publish","format-standard","hentry","category-maroc","category-regions"],"_links":{"self":[{"href":"https:\/\/linitiative.ca\/International\/wp-json\/wp\/v2\/posts\/73310","targetHints":{"allow":["GET"]}}],"collection":[{"href":"https:\/\/linitiative.ca\/International\/wp-json\/wp\/v2\/posts"}],"about":[{"href":"https:\/\/linitiative.ca\/International\/wp-json\/wp\/v2\/types\/post"}],"author":[{"embeddable":true,"href":"https:\/\/linitiative.ca\/International\/wp-json\/wp\/v2\/users\/1788"}],"replies":[{"embeddable":true,"href":"https:\/\/linitiative.ca\/International\/wp-json\/wp\/v2\/comments?post=73310"}],"version-history":[{"count":0,"href":"https:\/\/linitiative.ca\/International\/wp-json\/wp\/v2\/posts\/73310\/revisions"}],"wp:attachment":[{"href":"https:\/\/linitiative.ca\/International\/wp-json\/wp\/v2\/media?parent=73310"}],"wp:term":[{"taxonomy":"category","embeddable":true,"href":"https:\/\/linitiative.ca\/International\/wp-json\/wp\/v2\/categories?post=73310"},{"taxonomy":"post_tag","embeddable":true,"href":"https:\/\/linitiative.ca\/International\/wp-json\/wp\/v2\/tags?post=73310"}],"curies":[{"name":"wp","href":"https:\/\/api.w.org\/{rel}","templated":true}]}}