{"id":73311,"date":"2020-01-17T09:59:43","date_gmt":"2020-01-17T14:59:43","guid":{"rendered":"https:\/\/linitiative.ca\/International\/sm-le-roi-amir-al-mouminine-accomplit-la-priere-du-vendredi-a-la-mosquee-lalla-amina-a-essaouira\/"},"modified":"2020-01-17T09:59:43","modified_gmt":"2020-01-17T14:59:43","slug":"sm-le-roi-amir-al-mouminine-accomplit-la-priere-du-vendredi-a-la-mosquee-lalla-amina-a-essaouira","status":"publish","type":"post","link":"https:\/\/linitiative.ca\/International\/sm-le-roi-amir-al-mouminine-accomplit-la-priere-du-vendredi-a-la-mosquee-lalla-amina-a-essaouira\/","title":{"rendered":"SM le Roi, Amir Al-Mouminine, accomplit la pri\u00e8re du vendredi \u00e0 la Mosqu\u00e9e Lalla Amina \u00e0 Essaouira"},"content":{"rendered":"<div readability=\"36\">\n<p>Essaouira \u2013 Sa Majest\u00e9 le Roi Mohammed VI, Ami Al-Mouminine, que Dieu L\u2019assiste, a accompli la pri\u00e8re du vendredi \u00e0 la Mosqu\u00e9e Lalla Amina \u00e0 Essaouira.<\/p>\n<\/div>\n<div readability=\"124\">\n<p>Au d\u00e9but de son pr\u00eache, l\u2019imam a mis l\u2019accent sur l\u2019importance en Islam de rivaliser dans les bonnes \u0153uvres, d\u2019encourir \u00e0 la soumission au Cr\u00e9ateur et de concourir aux bienfaits, en tant que vertus cardinales qui conf\u00e8rent aux vertueux d\u2019entre les hommes les meilleures positions.<\/p>\n<p>Selon lui, le Cr\u00e9ateur a ordonn\u00e9 aux vertueux d\u2019encourir aux actions louables et a magnifi\u00e9 la r\u00e9tribution et la r\u00e9compense r\u00e9serv\u00e9es \u00e0 ceux qui s\u2019y emploient.<\/p>\n<p>La finalit\u00e9 supr\u00eame des versets coraniques louant les Hommes qui, par crainte et soumission au Seigneur, encourent aux bonnes \u0153uvres, est de mobiliser les \u00e9lans et de lib\u00e9rer les ressorts profonds, a-t-il not\u00e9.<\/p>\n<p>Or, l\u2019impact de cette mobilisation des \u00e9nergies rev\u00eat une \u00e9loquence particuli\u00e8re lorsqu\u2019elle se traduit par des actions pratiques et des r\u00e9alisations concr\u00e8tes, a-t-il poursuivi.<\/p>\n<p>En ces temps-ci, pour la Nation marocaine, a-t-il relev\u00e9, Sa Majest\u00e9 le Roi, Amir Al-Mouminine, que Dieu Le pr\u00e9serve, est l\u2019incarnation parfaite de l\u2019action sur les plans qualitatif et quantitatif, comme en t\u00e9moignent les ordres et les orientations que donne le Souverain, et l\u2019inauguration et le suivi des projets de r\u00e9formes porteurs d\u2019avantages et de bienfaits.<\/p>\n<p>Au premier chef de cette inlassable action du Souverain, figurent l\u2019am\u00e9lioration des conditions de vie, avec en t\u00eate la cr\u00e9ation des opportunit\u00e9s d\u2019emploi, outre la lutte contre la carence des besoins essentiels, notamment l\u2019eau potable et les ressources d\u2019irrigation, a-t-il soutenu.<\/p>\n<p>L\u2019imam a soulign\u00e9 que les Marocains sont t\u00e9moins que chaque fois que le Souverain se rend dans une province, Sa visite est porteuse de divers bienfaits au grand bonheur de Ses fid\u00e8les sujets qui s\u2019en trouvent combl\u00e9s, tant leur aspiration \u00e0 une vie digne est satisfaite.<\/p>\n<p>Il a indiqu\u00e9 que le bon exemple suppose l\u2019existence de gens capables de s\u2019en inspirer et d\u2019en apercevoir le message mobilisateur au niveau des individus et des collectivit\u00e9s.<\/p>\n<p>Aussi a-t-il soutenu que quiconque se pr\u00e9vaut d\u2019appartenir \u00e0 l\u2019Islam se doit de se remettre lui-m\u00eame en question avant d\u2019interroger autrui, et quiconque aspire \u00e0 la b\u00e9n\u00e9diction divine, ici-bas comme dans l\u2019au-del\u00e0, de travailler sans rel\u00e2che et de rendre constamment gr\u00e2ce au Cr\u00e9ateur.<\/p>\n<p>Le pr\u00e9dicateur a \u00e9galement soulign\u00e9 l\u2019immense fiert\u00e9 de la ville et de la province d\u2019Essaouira de la visite b\u00e9nie de Sa Majest\u00e9 le Roi, Amir Al-Mouminine, visite qui apporte davantage de projets de d\u00e9veloppements dans plusieurs domaines.<\/p>\n<p>Il a fait observer que le hasard heureux du calendrier a voulu que cette Visite royale \u00e0 Essaouira en ce mois b\u00e9ni de Joumada Ier co\u00efncide avec le m\u00eame mois de sa fondation par le Sultan Sidi Mohammed Ben Abdellah en 1181 de l\u2019H\u00e9gire (1765 de l\u2019\u00e8re chr\u00e9tienne).<\/p>\n<p>Il a rappel\u00e9 que ce Sultan b\u00e2tisseur et r\u00e9formateur voulait, en \u00e9rigeant cette ville, en faire un puissant rempart contre les assaillants et un centre de d\u00e9veloppement des \u00e9changes \u00e9conomiques avec l\u2019Europe, ce qu\u2019elle fut par la gr\u00e2ce de Dieu pendant des d\u00e9cennies.<\/p>\n<p>A la fin du pr\u00eache, le pr\u00e9dicateur a implor\u00e9 le Tout-Puissant de couronner de succ\u00e8s et de r\u00e9ussite l\u2019\u0153uvre b\u00e9nie de Sa Majest\u00e9 le Roi Mohammed VI, Amir Al Mouminine, et de combler le Souverain en les personnes de SAR le Prince H\u00e9ritier Moulay El Hassan, de SAR le Prince Moulay Rachid et de l\u2019ensemble des membres de l\u2019illustre Famille royale.<\/p>\n<p>Il a \u00e9galement \u00e9lev\u00e9 des pri\u00e8res au Tr\u00e8s-Haut pour entourer de Sa sainte mis\u00e9ricorde feu SM Hassan II et feu SM Mohammed V et de les accueillir dans Son vaste Paradis parmi les Proph\u00e8tes, les saints et les vertueux.<\/p>\n<\/div>\n<p>Auteur: Meriem IGASS<br \/>\n<a href=\"http:\/\/www.mapmarrakech.ma\/fr\/priere\/\">Cliquez ici pour lire l&rsquo;article depuis sa source.<\/a><\/p>\n","protected":false},"excerpt":{"rendered":"<p>Essaouira \u2013 Sa Majest\u00e9 le Roi Mohammed VI, Ami Al-Mouminine, que Dieu L\u2019assiste, a accompli la pri\u00e8re du vendredi \u00e0 la Mosqu\u00e9e Lalla Amina \u00e0 Essaouira. Au d\u00e9but de son pr\u00eache, l\u2019imam a mis l\u2019accent sur l\u2019importance en Islam de rivaliser dans les bonnes \u0153uvres, d\u2019encourir \u00e0 la soumission au Cr\u00e9ateur et de concourir aux [&hellip;]<\/p>\n","protected":false},"author":1788,"featured_media":0,"comment_status":"closed","ping_status":"closed","sticky":false,"template":"","format":"standard","meta":{"fifu_image_url":"","fifu_image_alt":"","footnotes":""},"categories":[54,76],"tags":[],"class_list":["post-73311","post","type-post","status-publish","format-standard","hentry","category-maroc","category-regions"],"_links":{"self":[{"href":"https:\/\/linitiative.ca\/International\/wp-json\/wp\/v2\/posts\/73311","targetHints":{"allow":["GET"]}}],"collection":[{"href":"https:\/\/linitiative.ca\/International\/wp-json\/wp\/v2\/posts"}],"about":[{"href":"https:\/\/linitiative.ca\/International\/wp-json\/wp\/v2\/types\/post"}],"author":[{"embeddable":true,"href":"https:\/\/linitiative.ca\/International\/wp-json\/wp\/v2\/users\/1788"}],"replies":[{"embeddable":true,"href":"https:\/\/linitiative.ca\/International\/wp-json\/wp\/v2\/comments?post=73311"}],"version-history":[{"count":0,"href":"https:\/\/linitiative.ca\/International\/wp-json\/wp\/v2\/posts\/73311\/revisions"}],"wp:attachment":[{"href":"https:\/\/linitiative.ca\/International\/wp-json\/wp\/v2\/media?parent=73311"}],"wp:term":[{"taxonomy":"category","embeddable":true,"href":"https:\/\/linitiative.ca\/International\/wp-json\/wp\/v2\/categories?post=73311"},{"taxonomy":"post_tag","embeddable":true,"href":"https:\/\/linitiative.ca\/International\/wp-json\/wp\/v2\/tags?post=73311"}],"curies":[{"name":"wp","href":"https:\/\/api.w.org\/{rel}","templated":true}]}}