{"id":73312,"date":"2020-01-17T10:51:52","date_gmt":"2020-01-17T15:51:52","guid":{"rendered":"https:\/\/linitiative.ca\/International\/sm-le-roi-amir-al-mouminine-remet-le-prix-mohammed-vi-aux-majors-du-programme-national-de-lutte-contre-lanalphabetisme-dans-les-mosquees-au-titre-de-lannee-2018-2019\/"},"modified":"2020-01-17T10:51:52","modified_gmt":"2020-01-17T15:51:52","slug":"sm-le-roi-amir-al-mouminine-remet-le-prix-mohammed-vi-aux-majors-du-programme-national-de-lutte-contre-lanalphabetisme-dans-les-mosquees-au-titre-de-lannee-2018-2019","status":"publish","type":"post","link":"https:\/\/linitiative.ca\/International\/sm-le-roi-amir-al-mouminine-remet-le-prix-mohammed-vi-aux-majors-du-programme-national-de-lutte-contre-lanalphabetisme-dans-les-mosquees-au-titre-de-lannee-2018-2019\/","title":{"rendered":"SM le Roi, Amir Al-Mouminine, remet le Prix Mohammed VI aux majors du Programme national de lutte contre l\u2019analphab\u00e9tisme dans les mosqu\u00e9es au titre de l\u2019ann\u00e9e 2018-2019"},"content":{"rendered":"<div readability=\"40\">\n<p>Essaouira \u2013 Sa Majest\u00e9 le Roi Mohammed VI, Amir Al-Mouminine, que Dieu L\u2019assiste, a proc\u00e9d\u00e9, apr\u00e8s la pri\u00e8re du vendredi \u00e0 la mosqu\u00e9e \u00ab\u00a0Lalla Amina\u00a0\u00bb \u00e0 Essaouira, \u00e0 la remise du Prix Mohammed VI aux majors du Programme de lutte contre l\u2019analphab\u00e9tisme dans les mosqu\u00e9es au titre de l\u2019ann\u00e9e 2018-2019.<\/p>\n<\/div>\n<div readability=\"113\">\n<p>Il s\u2019agit, dans la cat\u00e9gorie f\u00e9minine, de Naima Amine (Beni Mellal), Nabila El Khabchi (M\u2019Diq-Fnideq) et Khadija Id Abdellah (Agadir), et dans la cat\u00e9gorie masculine, de Mbarek Id El Mehdi (Boujdour), Abdelmalek Al Merdi (Errachidia), Abdelkarim Kaaouas (Taza).<\/p>\n<p>Le Programme national de lutte contre l\u2019analphab\u00e9tisme dans les mosqu\u00e9es a \u00e9t\u00e9 lanc\u00e9 conform\u00e9ment aux Hautes Instructions Royales contenues dans le discours du Souverain \u00e0 l\u2019occasion du 47\u00e8 anniversaire de la R\u00e9volution du Roi et du Peuple (20 ao\u00fbt 2000), dans lequel SM le Roi avait ordonn\u00e9 \u00e0 ce que \u00ab\u00a0les mosqu\u00e9es demeurent ouvertes pour dispenser des cours d\u2019alphab\u00e9tisation et d\u2019\u00e9ducation religieuse, civique et sanitaire, selon un programme bien \u00e9labor\u00e9\u00a0\u00bb.<\/p>\n<p>Ce programme, qui refl\u00e8te l\u2019int\u00e9r\u00eat particulier que le Souverain, Amir Al-Mouminine, ne cesse d\u2019accorder au d\u00e9veloppement de l\u2019\u00e9l\u00e9ment humain, a \u00e9galement permis aux mosqu\u00e9es, ces lieux de culte et d\u2019invocation de Dieu, de retrouver leur place d\u2019avant-garde en mati\u00e8re de guidance, d\u2019orientation spirituelle et d\u2019alphab\u00e9tisation, ainsi que leur r\u00f4le dans l\u2019\u00e9dification d\u2019une soci\u00e9t\u00e9 d\u00e9mocratique, moderne, ouverte et bas\u00e9e sur le rejet de l\u2019exclusion et de la marginalisation, la lutte contre la pauvret\u00e9 et l\u2019ignorance.<\/p>\n<p>Le programme national de lutte contre l\u2019analphab\u00e9tisme dans les mosqu\u00e9es, dont la mise en \u0153uvre est assur\u00e9e par le minist\u00e8re des Habous et des Affaires islamiques, a pu, gr\u00e2ce \u00e0 la Haute Sollicitude Royale, enregistrer des r\u00e9sultats tr\u00e8s positifs qui d\u00e9passent de loin les objectifs fix\u00e9s initialement, \u00e0 la faveur, notamment, d\u2019une augmentation du nombre des mosqu\u00e9es qui y participent, d\u2019une hausse du nombre des encadrants, des coordinateurs et des conseillers p\u00e9dagogiques.<\/p>\n<p>Ainsi, depuis son lancement en l\u2019an 2000, ce programme a b\u00e9n\u00e9fici\u00e9 \u00e0 plus de 3.300.000 personnes, avec 314.854 inscrits pour la seule ann\u00e9e scolaire 2018-2019, dont 236.286 au premier niveau et 78.568 au second. Le minist\u00e8re des Habous et des Affaires islamiques a mobilis\u00e9 au titre de cette ann\u00e9e scolaire quelque 7.077 mosqu\u00e9es, et a charg\u00e9 quelque 8.032 encadrants, 1.164 coordinateurs et conseillers p\u00e9dagogiques et 400 formateurs p\u00e9dagogiques pour assurer la mise en \u0153uvre dudit programme.<\/p>\n<p>\u00c0 noter que parall\u00e8lement au programme national de lutte contre l\u2019analphab\u00e9tisme dans les mosqu\u00e9es, le minist\u00e8re veille \u00e9galement \u00e0 la mise en \u0153uvre du programme de lutte contre l\u2019analphab\u00e9tisme \u00e0 travers la t\u00e9l\u00e9vision et Internet.<\/p>\n<p>Pour assurer plein succ\u00e8s \u00e0 ces programmes et p\u00e9renniser leurs acquis, le minist\u00e8re des Habous et des affaires islamiques s\u2019engage, au titre de l\u2019ann\u00e9e 2019-2020 \u00e0 poursuivre la mise en \u0153uvre des recommandations du Conseil Sup\u00e9rieur de l\u2019\u00e9ducation, de la formation et de la recherche scientifique concernant l\u2019alphab\u00e9tisation et ce, conform\u00e9ment \u00e0 la vision strat\u00e9gique pour la r\u00e9forme du syst\u00e8me de l\u2019\u00e9ducation et de la formation 2015-2030.<\/p>\n<p>Il oeuvrera \u00e9galement en faveur de l\u2019am\u00e9lioration du taux de couverture du programme dans le monde rural, de la hausse du nombre d\u2019hommes b\u00e9n\u00e9ficiaires, de la promotion et de la diversification des moyens et des m\u00e9thodes d\u2019\u00e9ducation et d\u2019enseignement, en investissant davantage dans les nouvelles technologies de l\u2019information et de la communication, outre la mise en place d\u2019un syst\u00e8me de diplomation permettant aux b\u00e9n\u00e9ficiaires d\u2019acc\u00e9der \u00e0 des passerelles entre le programme et diff\u00e9rents syst\u00e8mes nationaux de formation.<\/p>\n<\/div>\n<p>Auteur: Meriem IGASS<br \/>\n<a href=\"http:\/\/www.mapmarrakech.ma\/fr\/sm-le-roi-amir-al-mouminine-remet-le-prix-mohammed-vi-aux-majors-du-programme-national-de-lutte-contre-lanalphabetisme-dans-les-mosquees-au-titre-de-lannee-2018-2019\/\">Cliquez ici pour lire l&rsquo;article depuis sa source.<\/a><\/p>\n","protected":false},"excerpt":{"rendered":"<p>Essaouira \u2013 Sa Majest\u00e9 le Roi Mohammed VI, Amir Al-Mouminine, que Dieu L\u2019assiste, a proc\u00e9d\u00e9, apr\u00e8s la pri\u00e8re du vendredi \u00e0 la mosqu\u00e9e \u00ab\u00a0Lalla Amina\u00a0\u00bb \u00e0 Essaouira, \u00e0 la remise du Prix Mohammed VI aux majors du Programme de lutte contre l\u2019analphab\u00e9tisme dans les mosqu\u00e9es au titre de l\u2019ann\u00e9e 2018-2019. Il s\u2019agit, dans la cat\u00e9gorie [&hellip;]<\/p>\n","protected":false},"author":1788,"featured_media":0,"comment_status":"closed","ping_status":"closed","sticky":false,"template":"","format":"standard","meta":{"fifu_image_url":"","fifu_image_alt":"","footnotes":""},"categories":[54,76],"tags":[],"class_list":["post-73312","post","type-post","status-publish","format-standard","hentry","category-maroc","category-regions"],"_links":{"self":[{"href":"https:\/\/linitiative.ca\/International\/wp-json\/wp\/v2\/posts\/73312","targetHints":{"allow":["GET"]}}],"collection":[{"href":"https:\/\/linitiative.ca\/International\/wp-json\/wp\/v2\/posts"}],"about":[{"href":"https:\/\/linitiative.ca\/International\/wp-json\/wp\/v2\/types\/post"}],"author":[{"embeddable":true,"href":"https:\/\/linitiative.ca\/International\/wp-json\/wp\/v2\/users\/1788"}],"replies":[{"embeddable":true,"href":"https:\/\/linitiative.ca\/International\/wp-json\/wp\/v2\/comments?post=73312"}],"version-history":[{"count":0,"href":"https:\/\/linitiative.ca\/International\/wp-json\/wp\/v2\/posts\/73312\/revisions"}],"wp:attachment":[{"href":"https:\/\/linitiative.ca\/International\/wp-json\/wp\/v2\/media?parent=73312"}],"wp:term":[{"taxonomy":"category","embeddable":true,"href":"https:\/\/linitiative.ca\/International\/wp-json\/wp\/v2\/categories?post=73312"},{"taxonomy":"post_tag","embeddable":true,"href":"https:\/\/linitiative.ca\/International\/wp-json\/wp\/v2\/tags?post=73312"}],"curies":[{"name":"wp","href":"https:\/\/api.w.org\/{rel}","templated":true}]}}